{"id":31592,"date":"2025-08-07T12:48:08","date_gmt":"2025-08-07T12:48:08","guid":{"rendered":"https:\/\/www.europesays.com\/es\/31592\/"},"modified":"2025-08-07T12:48:08","modified_gmt":"2025-08-07T12:48:08","slug":"roban-un-reloj-de-100-000-euros-al-arquitecto-santiago-calatrava-en-valencia-el-mundo","status":"publish","type":"post","link":"https:\/\/www.europesays.com\/es\/31592\/","title":{"rendered":"Roban un reloj de 100.000 euros al arquitecto Santiago Calatrava en Valencia &#8211; El Mundo"},"content":{"rendered":"<ol>\n<li><a href=\"https:\/\/news.google.com\/rss\/articles\/CBMijAFBVV95cUxPRzBsQzdWblpXY3lVVWtWY2RoaVlqdlZ0ekpuZWRNdU1ndFhlWWktdjFQMHZqUmVGMzdSMUF1WTZGbFlGRDNQdFVmYlV5UjVrb2ZoZmZSaU1iejhKQTg4cUtmUUdYNkJuZ1ktMy0xWUppQVZhTnJnSUZJZ01GS196OFBDMVZvUzYwMFh1YtIBjAFBVV95cUxQUFdRRHNVaW1Ud2JFZFhDYnhXOGlRdFVzVzdhR1ByRU1qQUQzZ0NpV0xxQVY0VVI0Wi1OV1RxXzdnVmZ3VktDcE5VajBMd3VDMmZYa2lXYkx1UWRORDQ1LVJ4aFNGNTBBaGNtODAxWjFDdkVNVjE5Ml9qRWRoaW9uNlF0NVlUTDMtLXpSMA?oc=5\" target=\"_blank\" rel=\"nofollow noopener\">Roban un reloj de 100.000 euros al arquitecto Santiago Calatrava en Valencia<\/a>&nbsp;&nbsp;El Mundo<\/li>\n<li><a href=\"https:\/\/news.google.com\/rss\/articles\/CBMi5wFBVV95cUxQNDhySnV0T3V0SXJCMFUzQnFqWlprLUY5REFGX0tEZ1l2bWdzUV84ZGNmblRRVDBLX0JNYlVOUVktOGZVc01zT2FoRzA0VG9JLUF6VGwzNHhzRzlsb1BpNndmRHRWNUZXZnZFUFJvR2pmX0w4aTJhcU81Zm5KQ0ZsMHlxZFBKREt2bWNZMWxMLS02UjQxQU00bTRWZTc1SGx4SmlnMTBxR0l1WUZWMVFRR05ZVlZlTFo4RHA3MG5jblN0cTJxbUpFMUp3ck9lVUZLWEZ1Qmg2OVJFZWxUS0NqZEZsRjlPcGfSAecBQVVfeXFMUEt5M21SQlVudDhSOFJ0b1ZObnlJNXFvWWVWY050ZDF6VWtNYXJZMHdyMVZXZHJzYXJBcW1kaVd5X3JrbnplbkhrNGhlLWNKR2ExeV9qelZ2a3RibVliMHFSOTFpeWtnaWh6WjJNOXJoalE4WVUtdFFCZi1UQm1JeUtEd29VTGgzSlllbHdoMk5YQ1NlOE9BeWpUMGFzWGI3c0RYT25WY2JmWjZJQXZSLVdQMVA1aEE2eXg1WVJDOUtTTzNvX1RXN0R4cEZlc1YwZDYyU2N2SXY1MnF0ekRyN1ZsT3FRYW5J?oc=5\" target=\"_blank\" rel=\"nofollow noopener\">Roban un reloj de alta gama al arquitecto Santiago Calatrava en plena calle de Valencia<\/a>&nbsp;&nbsp;LaSexta<\/li>\n<li><a href=\"https:\/\/news.google.com\/rss\/articles\/CBMivwFBVV95cUxQZTNibi1vdXpCd2tHN2dya1AwLU05Rk4yYVFHNEV0YXJhODdVRXV0VU1NVFctUzhzYnJCWVRwZ0ROYm5wV05kby04X0Zxd3ZROTN0S0k1ZWwwSHc0ZHdXUUJkT3E5aFFpLXBxN3JLa2lYVDZvNWRzWVA3WmN3eTdEOUQxMVNjNEJCN2VhcUt0aWo0OVVDQWd0Sl9YOWZXQkk4T1RrZHMwelNOc2RTdXAwSDRlLWRpUnhQRjRkVGVFQdIBxAFBVV95cUxQNXJnZWFZbENub09OWDU4WXo1OVB2LVNDeDRQR3RRLU11dWRNRXVPV25ZYnFveW5IVy1UVDVESnFKZ2FaVTNscjJoR2ozaTk0anRldzlweWlRaUVPS3lhRFBSYjRaV1pQbTlKX25ndU1GQllwcjBmSmxxZlZGSDBzbzROZ1dwZlB5Z3lKWU9TZ3hZaURsMDdHUndKMlNOcVRlelh0UTdCTUZUc0VJZk9hVzJGOVU1QXBEWWg1TDRHWWZBRTZl?oc=5\" target=\"_blank\" rel=\"nofollow noopener\">Roban un reloj de alta gama al arquitecto Santiago Calatrava en Valencia<\/a>&nbsp;&nbsp;El Confidencial<\/li>\n<li><a href=\"https:\/\/news.google.com\/rss\/articles\/CBMiigJBVV95cUxNWEhnb0Z5dEUtWXdjcldkWFVvRFYtZkw4b3d6TFRkSmNobmljYUdZN3FmblY2SEp5VV9Ed080b2VpSmpWeVJMRnVwclZ5U1hxTVpEZ0MtMnlrdDM3ckNCRlJqY2tXZzBRb3ctZGtUSGFmdjk4VGNCamtBY29MZVN1V3lPdWVwSWJmdHp3eGVxUW0yRHBualFmYTRjUG9odC11cngxYjVXTkEwZ2RWUncyVnl1cEJYaUhYSWw3QVlOTUJmSmY0dVo3U2w3RnRUZEZydU01RDJ0MEY4WWxHQXRwM3labXFZcHU4WTVETkpYMzItOVlDcXBKbllUNExtaWdRSW1jc0F4VDlHUdIBjwJBVV95cUxPQ1pqdVZUbkFvcWVXY2hBcURMOWhWQTVlTnJtRGtPcmhfek9uSHNWME52dDFqMWlvLVJyVUFMQjFyVm1vN1Y3NU9lZ0NobU1RcmU0OXJKeXY4OE5mSUVHaHJNbmh6VkgzZUVOMlc4UzVoSFh4bzJibXE0RnJ2YzJvY0ZEM29TVkxIdU9NM2pEWHk3N2IxLWlqYU1XMUQzaHROVUw3Q0E2VTZydkJKQ3ZabEVxS081aDQtR1Z3SkRTd19aV21QS0dBN0M1X0JjUDl2YXFXR1h1bUxhQkMwR0liTG1Gci1kMXhFS2YtVGxWU25UX25BLWprZTQyLWhDeC1NMXExamFxdGF2LVpOVjBj?oc=5\" target=\"_blank\" rel=\"nofollow noopener\">As\u00ed recuper\u00f3 el reloj robado Santiago Calatrava en Val\u00e8ncia<\/a>&nbsp;&nbsp;Levante-EMV<\/li>\n<li><a href=\"https:\/\/news.google.com\/rss\/articles\/CBMivgFBVV95cUxPcTFyem5fOTluckpuRnNsU3JBVzY2T2FCMmc4M3FPRnk1OURwZURrV09lYWNGNzdqMEpkdEZhUE1zdTY1VmNWVU93ZG1xTHhFMkRRdDlXVjhvWXN6R0JhOHoybGh0UVRUbHEzQTJvV05vZ3RSTEVXQV9obUJXVlJaM0FNWG9HM2M4NXlodGtzVFJXdXhwYTBLbklKc3doNFJFcHdzcHZDa01JaG5QcXhoOVdRemFITFI0YWxGRmJR?oc=5\" target=\"_blank\" rel=\"nofollow noopener\">Roban un reloj de 100.000 euros al arquitecto Santiago Calatrava tras un tir\u00f3n en Valencia<\/a>&nbsp;&nbsp;ABC<\/li>\n<\/ol>\n","protected":false},"excerpt":{"rendered":"Roban un reloj de 100.000 euros al arquitecto Santiago Calatrava en Valencia&nbsp;&nbsp;El Mundo Roban un reloj de alta&hellip;\n","protected":false},"author":2,"featured_media":31593,"comment_status":"","ping_status":"","sticky":false,"template":"","format":"standard","meta":{"footnotes":""},"categories":[8],"tags":[17,18,242,25,24,13,14,11,19,20,9,10,15,16,11739,23,257,12,21,22,235],"class_list":{"0":"post-31592","1":"post","2":"type-post","3":"status-publish","4":"format-standard","5":"has-post-thumbnail","7":"category-espana","8":"tag-breaking-news","9":"tag-breakingnews","10":"tag-comunidad-valenciana","11":"tag-es","12":"tag-espana","13":"tag-featured-news","14":"tag-featurednews","15":"tag-headlines","16":"tag-latest-news","17":"tag-latestnews","18":"tag-news","19":"tag-noticias","20":"tag-noticias-destacadas","21":"tag-noticiasdestacadas","22":"tag-policia-nacional","23":"tag-spain","24":"tag-sucesos","25":"tag-titulares","26":"tag-ultimas-noticias","27":"tag-ultimasnoticias","28":"tag-valencia"},"share_on_mastodon":{"url":"","error":""},"_links":{"self":[{"href":"https:\/\/www.europesays.com\/es\/wp-json\/wp\/v2\/posts\/31592","targetHints":{"allow":["GET"]}}],"collection":[{"href":"https:\/\/www.europesays.com\/es\/wp-json\/wp\/v2\/posts"}],"about":[{"href":"https:\/\/www.europesays.com\/es\/wp-json\/wp\/v2\/types\/post"}],"author":[{"embeddable":true,"href":"https:\/\/www.europesays.com\/es\/wp-json\/wp\/v2\/users\/2"}],"replies":[{"embeddable":true,"href":"https:\/\/www.europesays.com\/es\/wp-json\/wp\/v2\/comments?post=31592"}],"version-history":[{"count":0,"href":"https:\/\/www.europesays.com\/es\/wp-json\/wp\/v2\/posts\/31592\/revisions"}],"wp:featuredmedia":[{"embeddable":true,"href":"https:\/\/www.europesays.com\/es\/wp-json\/wp\/v2\/media\/31593"}],"wp:attachment":[{"href":"https:\/\/www.europesays.com\/es\/wp-json\/wp\/v2\/media?parent=31592"}],"wp:term":[{"taxonomy":"category","embeddable":true,"href":"https:\/\/www.europesays.com\/es\/wp-json\/wp\/v2\/categories?post=31592"},{"taxonomy":"post_tag","embeddable":true,"href":"https:\/\/www.europesays.com\/es\/wp-json\/wp\/v2\/tags?post=31592"}],"curies":[{"name":"wp","href":"https:\/\/api.w.org\/{rel}","templated":true}]}}