{"id":315943,"date":"2025-12-31T17:10:15","date_gmt":"2025-12-31T17:10:15","guid":{"rendered":"https:\/\/www.europesays.com\/es\/315943\/"},"modified":"2025-12-31T17:10:15","modified_gmt":"2025-12-31T17:10:15","slug":"el-ayuntamiento-aprueba-un-plan-de-asfalto-ayuntamiento-de-nerja","status":"publish","type":"post","link":"https:\/\/www.europesays.com\/es\/315943\/","title":{"rendered":"El ayuntamiento aprueba un \u201cPlan de Asfalto\u201d \u2013 Ayuntamiento de Nerja"},"content":{"rendered":"<p>\t\t<img width=\"770\" height=\"480\" src=\"https:\/\/www.europesays.com\/es\/wp-content\/uploads\/2025\/12\/WhatsApp-Image-2025-12-31-at-12.42.04-PM-770x480.jpeg\" class=\"post-thumbnail__img wp-post-image\" alt=\"\" decoding=\"async\" fetchpriority=\"high\"  \/>\t<\/p>\n<p>Nerja, 31 de diciembre de 2025<\/p>\n<p>La Junta de Gobierno Local ha aprobado el expediente de contrataci\u00f3n para el Proyecto de Intervenci\u00f3n y Mejora de Viales Urbanos \u201cPlan de Asfalto\u201d, que cuenta con un presupuesto de licitaci\u00f3n de 385.000 \u20ac (IVA incluido) y un plazo de ejecuci\u00f3n de un mes. Esta iniciativa forma parte del Plan de Sostenibilidad Tur\u00edstica en Destino \u201cNerja Sostenible\u201d, financiado exclusivamente con recursos europeos a trav\u00e9s de los fondos Next GenerationEU en el marco del Plan de Recuperaci\u00f3n, Transformaci\u00f3n y Resiliencia.<\/p>\n<p>El proyecto incluye el asfaltado de las calles Ja\u00e9n, Almirante Carranza, Mar\u00eda Garral\u00f3n \u201cJulia\u201d, Castilla P\u00e9rez, Antonio Jim\u00e9nez y R\u00edo Marina, con una superficie de 13.000 metros cuadrados. Adem\u00e1s, se prev\u00e9 la instalaci\u00f3n de tres reductores de velocidad dos en la calle Camino de Burriana, y uno en la calle Ja\u00e9n, as\u00ed como un paso de peatones elevado en la calle Castilla P\u00e9rez. El alcalde, Jos\u00e9 Alberto Armijo, ha destacado que se reforzar\u00e1 la capa de firme y se actualizar\u00e1 la se\u00f1alizaci\u00f3n horizontal y vertical, con el objetivo de garantizar una circulaci\u00f3n m\u00e1s segura y c\u00f3moda. En ese sentido a\u00f1adi\u00f3 que ya se trabaja en otro plan de asfaltado para 2026.<\/p>\n<p>Por su parte, el concejal de Infraestructuras, Alberto Tom\u00e9, ha se\u00f1alado que la convocatoria se publicar\u00e1 en el Perfil del Contratante del Ayuntamiento de Nerja, abri\u00e9ndose un plazo de 20 d\u00edas naturales, a contar desde el siguiente a su publicaci\u00f3n, para que las empresas interesadas puedan presentar sus propuestas.<\/p>\n","protected":false},"excerpt":{"rendered":"Nerja, 31 de diciembre de 2025 La Junta de Gobierno Local ha aprobado el expediente de contrataci\u00f3n para&hellip;\n","protected":false},"author":2,"featured_media":315944,"comment_status":"","ping_status":"","sticky":false,"template":"","format":"standard","meta":{"footnotes":""},"categories":[8],"tags":[17,18,25,24,13,14,11,19,20,9,10,15,16,23,12,21,22],"class_list":{"0":"post-315943","1":"post","2":"type-post","3":"status-publish","4":"format-standard","5":"has-post-thumbnail","7":"category-espana","8":"tag-breaking-news","9":"tag-breakingnews","10":"tag-es","11":"tag-espana","12":"tag-featured-news","13":"tag-featurednews","14":"tag-headlines","15":"tag-latest-news","16":"tag-latestnews","17":"tag-news","18":"tag-noticias","19":"tag-noticias-destacadas","20":"tag-noticiasdestacadas","21":"tag-spain","22":"tag-titulares","23":"tag-ultimas-noticias","24":"tag-ultimasnoticias"},"share_on_mastodon":{"url":"https:\/\/pubeurope.com\/@es\/115815292867048202","error":""},"_links":{"self":[{"href":"https:\/\/www.europesays.com\/es\/wp-json\/wp\/v2\/posts\/315943","targetHints":{"allow":["GET"]}}],"collection":[{"href":"https:\/\/www.europesays.com\/es\/wp-json\/wp\/v2\/posts"}],"about":[{"href":"https:\/\/www.europesays.com\/es\/wp-json\/wp\/v2\/types\/post"}],"author":[{"embeddable":true,"href":"https:\/\/www.europesays.com\/es\/wp-json\/wp\/v2\/users\/2"}],"replies":[{"embeddable":true,"href":"https:\/\/www.europesays.com\/es\/wp-json\/wp\/v2\/comments?post=315943"}],"version-history":[{"count":0,"href":"https:\/\/www.europesays.com\/es\/wp-json\/wp\/v2\/posts\/315943\/revisions"}],"wp:featuredmedia":[{"embeddable":true,"href":"https:\/\/www.europesays.com\/es\/wp-json\/wp\/v2\/media\/315944"}],"wp:attachment":[{"href":"https:\/\/www.europesays.com\/es\/wp-json\/wp\/v2\/media?parent=315943"}],"wp:term":[{"taxonomy":"category","embeddable":true,"href":"https:\/\/www.europesays.com\/es\/wp-json\/wp\/v2\/categories?post=315943"},{"taxonomy":"post_tag","embeddable":true,"href":"https:\/\/www.europesays.com\/es\/wp-json\/wp\/v2\/tags?post=315943"}],"curies":[{"name":"wp","href":"https:\/\/api.w.org\/{rel}","templated":true}]}}