{"id":31598,"date":"2025-08-07T12:51:09","date_gmt":"2025-08-07T12:51:09","guid":{"rendered":"https:\/\/www.europesays.com\/es\/31598\/"},"modified":"2025-08-07T12:51:09","modified_gmt":"2025-08-07T12:51:09","slug":"el-espinar-presenta-su-cartel-taurino-con-tres-toreros-de-distinguida-clase-y-personalidad","status":"publish","type":"post","link":"https:\/\/www.europesays.com\/es\/31598\/","title":{"rendered":"El Espinar presenta su cartel taurino con tres toreros de \u00abdistinguida clase y personalidad\u00bb"},"content":{"rendered":"<p class=\"paragraph\" id=\"paragraph_1\">La plaza de toros de El Espinar reunir\u00e1 el pr\u00f3ximo 16 de agosto a seis toros de Pe\u00f1ajara con tres toreros de \u00abdistinguida clase y personalidad\u00bb. Se trata de <strong>Morenito de Aranda, Javier Cort\u00e9s y Sergio Rodr\u00edguez. <\/strong><\/p>\n<p class=\"paragraph\" id=\"paragraph_2\">El cartel ha sido presentado este mediod\u00eda en el Ayuntamiento de El Espinar por el empresario Manuel Mart\u00ednez Erice que forma parte de la empresa Loyjor, junto a Jorge Arellano. Un acto en el que tambi\u00e9n han estado presentes las autoridades locales.<\/p>\n<p class=\"paragraph\" id=\"paragraph_3\">En \u00e9l han destacado la impronta de \u00abuna combinaci\u00f3n muy del gusto de los aficionados y donde brilla la personalidad de los tres actuantes y de la ganader\u00eda\u00bb. De hecho, cabe destacar que se trata de una de las citas cl\u00e1sicas del verano taurino en el centro peninsular.<\/p>\n<p class=\"paragraph\" id=\"paragraph_4\">Pe\u00f1ajara es un hierro torista. El torismo de la calidad y la presencia. <strong>Seis toros<\/strong> de imponente trap\u00edo y buenas hechuras. <strong>El toro en El Espinar como base del cartel.<\/strong><\/p>\n<p class=\"paragraph\" id=\"paragraph_5\"><strong>Morenito de Aranda<\/strong> que celebra este curso sus veinte a\u00f1os de alternativa, encabeza el cartel. \u00abUn torero en el mejor momento de su carrera, destacado de la feria de San Isidro y con vitola de figura del toreo en Francia\u00bb, afirmaban en la presentaci\u00f3n.<\/p>\n<p><img loading=\"lazy\" decoding=\"async\" alt=\"Un concierto de Rafael Montalvo\" height=\"180\" src=\"https:\/\/www.europesays.com\/es\/wp-content\/uploads\/2025\/08\/1003743840893_257154876_320x180.jpg\" width=\"320\" data-lazy-status=\"processed\" data-lazy-info=\"remove loading item 1\"\/><\/p>\n<p class=\"paragraph\" id=\"paragraph_6\">Junto a \u00e9l estar\u00e1 <strong>Javier Cort\u00e9s<\/strong>, un torero de corte cl\u00e1sico, muy del gusto de la afici\u00f3n de Madrid y posee el concepto del toreo ba\u00f1ado por la pureza y la singularidad.<\/p>\n<p class=\"paragraph\" id=\"paragraph_7\">Y se presenta en El Espinar, el flamante ganador de la Copa Chenel, <strong>Sergio Rodr\u00edguez<\/strong>. \u00abTorero castellano que asienta su juventud en su valor y su fondo de buen torero\u00bb, expresan.<\/p>\n<p class=\"paragraph\" id=\"paragraph_8\">Las localidades saldr\u00e1n a la venta el pr\u00f3ximo 14 de agosto en el Ayuntamiento del municipio en horarios de ma\u00f1ana y tarde.<\/p>\n<p class=\"paragraph\" id=\"paragraph_9\">El d\u00eda del festejo, tambi\u00e9n se podr\u00e1n adquirir las entradas en el propio Consistorio en horario de 10:00 a 14:00 horas y en las taquillas de la plaza desde las 10:00 de la ma\u00f1ana hasta la hora del inicio del festejo.<\/p>\n","protected":false},"excerpt":{"rendered":"La plaza de toros de El Espinar reunir\u00e1 el pr\u00f3ximo 16 de agosto a seis toros de Pe\u00f1ajara&hellip;\n","protected":false},"author":2,"featured_media":31599,"comment_status":"","ping_status":"","sticky":false,"template":"","format":"standard","meta":{"footnotes":""},"categories":[277],"tags":[373,2598,168,5888,25,24,1406,1405,23,167,374],"class_list":{"0":"post-31598","1":"post","2":"type-post","3":"status-publish","4":"format-standard","5":"has-post-thumbnail","7":"category-toreo","8":"tag-bullfighting","9":"tag-corridas-toros","10":"tag-deportes","11":"tag-el-espinar","12":"tag-es","13":"tag-espana","14":"tag-segovia","15":"tag-segovia-provincia","16":"tag-spain","17":"tag-sports","18":"tag-toreo"},"share_on_mastodon":{"url":"","error":""},"_links":{"self":[{"href":"https:\/\/www.europesays.com\/es\/wp-json\/wp\/v2\/posts\/31598","targetHints":{"allow":["GET"]}}],"collection":[{"href":"https:\/\/www.europesays.com\/es\/wp-json\/wp\/v2\/posts"}],"about":[{"href":"https:\/\/www.europesays.com\/es\/wp-json\/wp\/v2\/types\/post"}],"author":[{"embeddable":true,"href":"https:\/\/www.europesays.com\/es\/wp-json\/wp\/v2\/users\/2"}],"replies":[{"embeddable":true,"href":"https:\/\/www.europesays.com\/es\/wp-json\/wp\/v2\/comments?post=31598"}],"version-history":[{"count":0,"href":"https:\/\/www.europesays.com\/es\/wp-json\/wp\/v2\/posts\/31598\/revisions"}],"wp:featuredmedia":[{"embeddable":true,"href":"https:\/\/www.europesays.com\/es\/wp-json\/wp\/v2\/media\/31599"}],"wp:attachment":[{"href":"https:\/\/www.europesays.com\/es\/wp-json\/wp\/v2\/media?parent=31598"}],"wp:term":[{"taxonomy":"category","embeddable":true,"href":"https:\/\/www.europesays.com\/es\/wp-json\/wp\/v2\/categories?post=31598"},{"taxonomy":"post_tag","embeddable":true,"href":"https:\/\/www.europesays.com\/es\/wp-json\/wp\/v2\/tags?post=31598"}],"curies":[{"name":"wp","href":"https:\/\/api.w.org\/{rel}","templated":true}]}}