{"id":315999,"date":"2025-12-31T17:51:18","date_gmt":"2025-12-31T17:51:18","guid":{"rendered":"https:\/\/www.europesays.com\/es\/315999\/"},"modified":"2025-12-31T17:51:18","modified_gmt":"2025-12-31T17:51:18","slug":"investigan-un-posible-caso-de-gripe-h3n2-en-un-paciente-internado-en-mendoza-notas-panorama-federal","status":"publish","type":"post","link":"https:\/\/www.europesays.com\/es\/315999\/","title":{"rendered":"Investigan un posible caso de Gripe H3N2 en un paciente internado en Mendoza &#8211; Notas &#8211; Panorama Federal"},"content":{"rendered":"<p>Las autoridades sanitarias de Mendoza investigan si un hombre internado en grave estado contrajo la Gripe H3N2. El paciente se encuentra en el Hospital Ram\u00f3n Carrillo de Las Heras, donde ingres\u00f3 con un cuadro cr\u00edtico.<\/p>\n<p>Seg\u00fan informaron fuentes locales, el hombre presenta varias enfermedades preexistentes que agravan su condici\u00f3n. Y aguardan los resultados del an\u00e1lisis que realiza el Instituto Malbr\u00e1n para confirmar las sospechas sobre la infecci\u00f3n.<\/p>\n<p>Las autoridades monitorean la evoluci\u00f3n del paciente y planifican una nueva estrategia de vacunaci\u00f3n, que podr\u00eda incluir un adelanto de la vacunaci\u00f3n antigripal en la regi\u00f3n.<\/p>\n<p>\/Inicio C\u00f3digo Embebido\/<\/p>\n<p>\t\t\t\t\t<a class=\"enlace-absoluto\" aria-label=\"Fiebre amarilla, dengue y sarampi\u00f3n: recomendaci\u00f3n de vacunaci\u00f3n para viajeros\" href=\"https:\/\/www.cadena3.com\/noticia\/la-mesa-de-cafe\/fiebre-amarilla-dengue-y-sarampion-recomendacion-de-vacunacion-para-viajeros_503624\" rel=\"nofollow noopener\" target=\"_blank\">\t\t\t\t\t\t\t\t\t\t\t<a href=\"https:\/\/www.cadena3.com\/seccion\/siempre-juntos\/587\/la-mesa-de-cafe\/953\" rel=\"nofollow noopener\" target=\"_blank\">La Mesa de Caf\u00e9<\/a>\t\t\t\t\t\t\t\t\t\t<\/p>\n<p class=\"bajada\">El m\u00e9dico infect\u00f3logo Hugo Pizzi\u00a0detall\u00f3 en <b>Cadena 3<\/b> las precauciones sanitarias indispensables para las vacaciones y alert\u00f3 sobre la vulnerabilidad de quienes ya contrajeron dengue.<\/p>\n<p>\t\t\t\t\t\t\t\t\t\t<a href=\"https:\/\/www.cadena3.com\/panoramafederal\/nacional\/25\" rel=\"nofollow noopener\" target=\"_blank\">Perspectiva Nacional<\/a>\t\t\t\t\t\t<\/p>\n<p>\/Fin C\u00f3digo Embebido\/<\/p>\n<p><b>Informe de Facundo Dimaria.<\/b><\/p>\n","protected":false},"excerpt":{"rendered":"Las autoridades sanitarias de Mendoza investigan si un hombre internado en grave estado contrajo la Gripe H3N2. El&hellip;\n","protected":false},"author":2,"featured_media":316000,"comment_status":"","ping_status":"","sticky":false,"template":"","format":"standard","meta":{"footnotes":""},"categories":[92],"tags":[25,24,7749,70200,165,73915,73916,9142,166,23],"class_list":{"0":"post-315999","1":"post","2":"type-post","3":"status-publish","4":"format-standard","5":"has-post-thumbnail","7":"category-salud","8":"tag-es","9":"tag-espana","10":"tag-gripe","11":"tag-h3n2","12":"tag-health","13":"tag-hospital-ramon-carrillo","14":"tag-instituto-malbran","15":"tag-mendoza","16":"tag-salud","17":"tag-spain"},"share_on_mastodon":{"url":"https:\/\/pubeurope.com\/@es\/115815454005458501","error":""},"_links":{"self":[{"href":"https:\/\/www.europesays.com\/es\/wp-json\/wp\/v2\/posts\/315999","targetHints":{"allow":["GET"]}}],"collection":[{"href":"https:\/\/www.europesays.com\/es\/wp-json\/wp\/v2\/posts"}],"about":[{"href":"https:\/\/www.europesays.com\/es\/wp-json\/wp\/v2\/types\/post"}],"author":[{"embeddable":true,"href":"https:\/\/www.europesays.com\/es\/wp-json\/wp\/v2\/users\/2"}],"replies":[{"embeddable":true,"href":"https:\/\/www.europesays.com\/es\/wp-json\/wp\/v2\/comments?post=315999"}],"version-history":[{"count":0,"href":"https:\/\/www.europesays.com\/es\/wp-json\/wp\/v2\/posts\/315999\/revisions"}],"wp:featuredmedia":[{"embeddable":true,"href":"https:\/\/www.europesays.com\/es\/wp-json\/wp\/v2\/media\/316000"}],"wp:attachment":[{"href":"https:\/\/www.europesays.com\/es\/wp-json\/wp\/v2\/media?parent=315999"}],"wp:term":[{"taxonomy":"category","embeddable":true,"href":"https:\/\/www.europesays.com\/es\/wp-json\/wp\/v2\/categories?post=315999"},{"taxonomy":"post_tag","embeddable":true,"href":"https:\/\/www.europesays.com\/es\/wp-json\/wp\/v2\/tags?post=315999"}],"curies":[{"name":"wp","href":"https:\/\/api.w.org\/{rel}","templated":true}]}}