{"id":316018,"date":"2025-12-31T18:07:13","date_gmt":"2025-12-31T18:07:13","guid":{"rendered":"https:\/\/www.europesays.com\/es\/316018\/"},"modified":"2025-12-31T18:07:13","modified_gmt":"2025-12-31T18:07:13","slug":"las-fotos-del-lujoso-viaje-de-madonna-con-su-familia-a-marrakech","status":"publish","type":"post","link":"https:\/\/www.europesays.com\/es\/316018\/","title":{"rendered":"Las fotos del lujoso viaje de Madonna con su familia a Marrakech"},"content":{"rendered":"<p id=\"e1VQ4F0-n0\" data-wc=\"92\">Madonna ha elegido el continente africano para despedir el a\u00f1o junto a su familia. La estrella de la m\u00fasica est\u00e1 visitando Marruecos junto a sus hijos, Rocco Ritchie, de 24 a\u00f1os, Stella y Estere, de 12, Mercy James y David Banda, de 19 a\u00f1os los dos. En las im\u00e1genes que ella misma ha compartido no se ve a la mayor de sus hijos. En esta ocasi\u00f3n parece que Lourdes Le\u00f3n, de 28 a\u00f1os, no ha podido acompa\u00f1ar a su familia en este apasionante viaje con el que celebran el final del a\u00f1o.<\/p>\n<p> <img src=\"https:\/\/www.europesays.com\/es\/wp-content\/uploads\/2025\/12\/4cfff785f6f7-606980953185600652160585532929782793262391848n.jpg\"   width=\"768\" height=\"1024\" loading=\"lazy\" decoding=\"async\" alt=\"Madonna por las calles de Marrakech\" fetchpriority=\"auto\" class=\"image ho-image\"\/>\u00a9 madonnaMadonna por las calles de Marrakech<\/p>\n<p> <img src=\"https:\/\/www.europesays.com\/es\/wp-content\/uploads\/2025\/12\/0a84609ba6a2-607501273185600652700585536119735266345777212n.jpg\"   width=\"768\" height=\"1024\" loading=\"lazy\" decoding=\"async\" alt=\"Con su hijo Rocco\" fetchpriority=\"auto\" class=\"image ho-image\"\/>\u00a9 MadonnaCon su hijo Rocco<\/p>\n<p id=\"eT1YHe09kya\" data-wc=\"59\">La reina del pop ha elegido este destino tur\u00edstico, de gran significado para ella. No es la primera vez que la artista americana decide pasar unos d\u00edas en este apasionante pa\u00eds famoso por su t\u00e9 marroqu\u00ed, sus riads tradicionales y vibrantes zocos de su antigua medina, donde poder apreciar su famosa artesan\u00eda y degustar su incre\u00edble y rica gastronom\u00eda.\u00a0<\/p>\n<p id=\"ethP9U6b4U\" data-wc=\"0\">\u00a0<\/p>\n<p> <img src=\"https:\/\/www.europesays.com\/es\/wp-content\/uploads\/2025\/12\/07cb02f37ca5-608393316185600653150585535771169564443350956n.jpg\"   width=\"768\" height=\"1024\" loading=\"lazy\" decoding=\"async\" alt=\"Madonna visitando un mercado tradicional \u00e1rabe\" fetchpriority=\"auto\" class=\"image ho-image\"\/>\u00a9 MadonnaMadonna visitando un mercado tradicional \u00e1rabe<\/p>\n<p> <img src=\"https:\/\/www.europesays.com\/es\/wp-content\/uploads\/2025\/12\/8aac080040b0-608068936185600653060585533781450815263191674n.jpg\"   width=\"768\" height=\"1024\" loading=\"lazy\" decoding=\"async\" alt=\"Un rinc\u00f3n del zoco\" fetchpriority=\"auto\" class=\"image ho-image\"\/>\u00a9 madonnaUn rinc\u00f3n del zoco<\/p>\n<p id=\"emnr0TnLU_\" data-wc=\"44\">En agosto de 2018, <a class=\"hm-link ho-link\" href=\"https:\/\/www.hola.com\/actualidad\/20180816128556\/madonna-cumpleanos-marrakech\/\" data-mrf-recirculation=\"article-body-link\" rel=\"nofollow noopener\" target=\"_blank\">la estrella internacional eligi\u00f3 Marrakech para celebrar su 60 cumplea\u00f1os<\/a>, organizando una incre\u00edble fiesta rodeada de sus personas m\u00e1s queridas. Desde entonces la cantante ha visitado este rinc\u00f3n del continente africano en varias ocasiones, enamorada de su rica experiencia cultural.\u00a0<\/p>\n<p> <img src=\"https:\/\/www.europesays.com\/es\/wp-content\/uploads\/2025\/12\/8ad76434b9f8-609557043185600653600585533175962634591993811n.jpg\"   width=\"768\" height=\"1024\" loading=\"lazy\" decoding=\"async\" alt=\"Madonna con uno de sus abrigos de piel en Marruecos\" fetchpriority=\"auto\" class=\"image ho-image\"\/>\u00a9 madonnaMadonna con uno de sus abrigos de piel en Marruecos<\/p>\n<p> <img src=\"https:\/\/www.europesays.com\/es\/wp-content\/uploads\/2025\/12\/ffb1f3b22e6f-608238845185600653690585535978704015897338616n.jpg\"   width=\"768\" height=\"1024\" loading=\"lazy\" decoding=\"async\" alt=\"Visitando una mezquita\" fetchpriority=\"auto\" class=\"image ho-image\"\/>\u00a9 MadonnaVisitando una mezquita<\/p>\n<p id=\"ePA2Tizgvvg\" data-wc=\"150\">La artista, que siempre ha hablado de su fuerte creencia religiosa, ha entrado en algunas de las mezquitas visitables en Marruecos. Templos de enorme belleza, tanto en su exterior como en el interior. Adem\u00e1s, ha podido degustar, junto a su novio y sus hijos, el rico t\u00e9 moruno, considerado una bebida de bienvenida y hospitalidad en toda la zona del Magreb, y que es tradici\u00f3n servirlo a los invitados como una se\u00f1al de respeto y amistad. La ceremonia del t\u00e9 marroqu\u00ed es un ritual que puede durar varias horas, y es una parte integral de la cultura y la vida cotidiana en este pa\u00eds. En una de las im\u00e1genes de su aventura marroqu\u00ed, podemos ver a la artista, de 66 a\u00f1os, <a class=\"hm-link ho-link\" href=\"https:\/\/www.hola.com\/actualidad\/20230629234879\/madonna-con-sus-seis-hijos\/\" data-mrf-recirculation=\"article-body-link\" rel=\"nofollow noopener\" target=\"_blank\">degustando esta bebida junto a sus hijos mayores<\/a>, Rocco y David Banda, luciendo su incre\u00edble abrigo de pelo, a juego con su gorro, y una espectacular falda de cuero. \u00a0<\/p>\n<p> <img src=\"https:\/\/www.europesays.com\/es\/wp-content\/uploads\/2025\/12\/8e00a2511480-607989043185600653240585531443806643179918313n.jpg\"   width=\"768\" height=\"1024\" loading=\"lazy\" decoding=\"async\" alt=\"Madonna tomando t\u00e9 con sus hijos, David Banda y Rocco\" fetchpriority=\"auto\" class=\"image ho-image\"\/>\u00a9 madonnaMadonna tomando t\u00e9 con sus hijos, David Banda y Rocco<\/p>\n<p> <img src=\"https:\/\/www.europesays.com\/es\/wp-content\/uploads\/2025\/12\/ddd4b6ead91f-608312998185600652790585536212352221759349368n.jpg\"   width=\"768\" height=\"1024\" loading=\"lazy\" decoding=\"async\" alt=\"Media Image\" fetchpriority=\"auto\" class=\"image ho-image\"\/>\u00a9 Madonna<br \/>\nLujo marroqu\u00ed<\/p>\n<p id=\"eQ0h3v71Sb7\" data-wc=\"84\">Entre chilabas, caftanes y djellabas Madonna ha elegido varios abrigos de piel, de distintos colores, combinados con maravillosos gorros de pelo, tal y como ella misma ha mostrado al destapar el \u00e1lbum de fotos de su inolvidable viaje. La familia de Madonna se ha alojado en el majestuoso Hotel Selman Marrakech, <strong>considerado uno de los cinco mejores hoteles de todo el mundo<\/strong>. El lujoso establecimiento rinde homenaje al caballo \u00e1rabe, ofreciendo una experiencia de 5 estrellas con un dise\u00f1o inspirado en la cultura marroqu\u00ed.<\/p>\n<p> <img src=\"https:\/\/www.europesays.com\/es\/wp-content\/uploads\/2025\/12\/dadd66175bd4-608010616185600652340585534117468410650315888n.jpg\"   width=\"768\" height=\"1024\" loading=\"lazy\" decoding=\"async\" alt=\"Visitando una mezquita\" fetchpriority=\"auto\" class=\"image ho-image\"\/>\u00a9 madonnaVisitando una mezquita<\/p>\n<p> <img src=\"https:\/\/www.europesays.com\/es\/wp-content\/uploads\/2025\/12\/b35371f4b38a-608681499185600653510585538966153931088392515n.jpg\"   width=\"768\" height=\"1024\" loading=\"lazy\" decoding=\"async\" alt=\"Durante una de sus lujosas comidas\" fetchpriority=\"auto\" class=\"image ho-image\"\/>\u00a9 MadonnaDurante una de sus lujosas comidas<\/p>\n<p> <img src=\"https:\/\/www.europesays.com\/es\/wp-content\/uploads\/2025\/12\/527658cd2fa2-607322848185600653420585534517368048657804633n.jpg\"   width=\"768\" height=\"1024\" loading=\"lazy\" decoding=\"async\" alt=\"Rocco degustando la gastronom\u00eda t\u00edpica marroqu\u00ed\" fetchpriority=\"auto\" class=\"image ho-image\"\/>\u00a9 madonnaRocco degustando la gastronom\u00eda t\u00edpica marroqu\u00ed<\/p>\n<p id=\"ewGfpsAQXBs\" data-wc=\"111\">Bajo el t\u00edtulo &#8216;vacaciones en Marruecos&#8217;, la reina del pop ha compartido la colecci\u00f3n de im\u00e1genes, que resumen su maravillosa escapada en familia. Adem\u00e1s de la compa\u00f1\u00eda de sus hijos, la diva de la m\u00fasica ha disfrutado de este viaje con<strong>\u00a0su inseparable pareja, Akeem Morris<\/strong>. Un futbolista de 28 a\u00f1os nacido en Jamaica, con quien comparte una notable diferencia de edad de 37 a\u00f1os. \u00a0El apuesto novio de Madonna ha estado presente en la vida de la cantante desde hace a\u00f1os. Seg\u00fan revel\u00f3 Daily Mail, el deportista y ella se conoc\u00edan mucho antes de inciar su historia de amor, cuando aparecieron juntos en la revista Paper en agosto de 2022.\u00a0<\/p>\n<p> <img src=\"https:\/\/www.europesays.com\/es\/wp-content\/uploads\/2025\/12\/57ac174a9a97-608018548185600652880585537525956382953229208n.jpg\"   width=\"768\" height=\"1024\" loading=\"lazy\" decoding=\"async\" alt=\"Madonna con su novio, Akeem Morris\" fetchpriority=\"auto\" class=\"image ho-image\"\/>\u00a9 madonnaMadonna con su novio, Akeem Morris<\/p>\n<p> <img src=\"https:\/\/www.europesays.com\/es\/wp-content\/uploads\/2025\/12\/6d10e8407c50-608664771185600653330585531622305688781310528n.jpg\"   width=\"768\" height=\"1024\" loading=\"lazy\" decoding=\"async\" alt=\"Stella y Estere, hijas de Madonna\" fetchpriority=\"auto\" class=\"image ho-image\"\/>\u00a9 madonnaStella y Estere, hijas de Madonna<\/p>\n<p id=\"erQtNMl_9t\" data-wc=\"0\">\u00a0<\/p>\n<p> <img src=\"https:\/\/www.europesays.com\/es\/wp-content\/uploads\/2025\/12\/a41c3f656590-606997768185600652490585533570805019734908124n.jpg\"   width=\"768\" height=\"1024\" loading=\"lazy\" decoding=\"async\" alt=\"Mery James con sus hermanas gemelas&#10;\" fetchpriority=\"auto\" class=\"image ho-image\"\/>\u00a9 MadonnaMercy James con sus hermanas gemelas<\/p>\n<p> <img src=\"https:\/\/www.europesays.com\/es\/wp-content\/uploads\/2025\/12\/4aa8beb9332a-607325674185600652580585532451206498247602558n.jpg\"   width=\"768\" height=\"1024\" loading=\"lazy\" decoding=\"async\" alt=\"La familia de Madonna se divierte en Marruecos\" fetchpriority=\"auto\" class=\"image ho-image\"\/>\u00a9 MadonnaLa familia de Madonna se divierte en Marruecos<\/p>\n","protected":false},"excerpt":{"rendered":"Madonna ha elegido el continente africano para despedir el a\u00f1o junto a su familia. La estrella de la&hellip;\n","protected":false},"author":2,"featured_media":316019,"comment_status":"","ping_status":"","sticky":false,"template":"","format":"standard","meta":{"footnotes":""},"categories":[174],"tags":[517,255,146,147,25,24,256,15547,23],"class_list":{"0":"post-316018","1":"post","2":"type-post","3":"status-publish","4":"format-standard","5":"has-post-thumbnail","7":"category-famosos","8":"tag-actualidad","9":"tag-celebrities","10":"tag-entertainment","11":"tag-entretenimiento","12":"tag-es","13":"tag-espana","14":"tag-famosos","15":"tag-madonna","16":"tag-spain"},"share_on_mastodon":{"url":"https:\/\/pubeurope.com\/@es\/115815517415525762","error":""},"_links":{"self":[{"href":"https:\/\/www.europesays.com\/es\/wp-json\/wp\/v2\/posts\/316018","targetHints":{"allow":["GET"]}}],"collection":[{"href":"https:\/\/www.europesays.com\/es\/wp-json\/wp\/v2\/posts"}],"about":[{"href":"https:\/\/www.europesays.com\/es\/wp-json\/wp\/v2\/types\/post"}],"author":[{"embeddable":true,"href":"https:\/\/www.europesays.com\/es\/wp-json\/wp\/v2\/users\/2"}],"replies":[{"embeddable":true,"href":"https:\/\/www.europesays.com\/es\/wp-json\/wp\/v2\/comments?post=316018"}],"version-history":[{"count":0,"href":"https:\/\/www.europesays.com\/es\/wp-json\/wp\/v2\/posts\/316018\/revisions"}],"wp:featuredmedia":[{"embeddable":true,"href":"https:\/\/www.europesays.com\/es\/wp-json\/wp\/v2\/media\/316019"}],"wp:attachment":[{"href":"https:\/\/www.europesays.com\/es\/wp-json\/wp\/v2\/media?parent=316018"}],"wp:term":[{"taxonomy":"category","embeddable":true,"href":"https:\/\/www.europesays.com\/es\/wp-json\/wp\/v2\/categories?post=316018"},{"taxonomy":"post_tag","embeddable":true,"href":"https:\/\/www.europesays.com\/es\/wp-json\/wp\/v2\/tags?post=316018"}],"curies":[{"name":"wp","href":"https:\/\/api.w.org\/{rel}","templated":true}]}}