{"id":316020,"date":"2025-12-31T18:08:31","date_gmt":"2025-12-31T18:08:31","guid":{"rendered":"https:\/\/www.europesays.com\/es\/316020\/"},"modified":"2025-12-31T18:08:31","modified_gmt":"2025-12-31T18:08:31","slug":"un-departamento-elegante-crece-al-utilizar-una-decoracion-minimalista","status":"publish","type":"post","link":"https:\/\/www.europesays.com\/es\/316020\/","title":{"rendered":"Un departamento elegante crece al utilizar una decoraci\u00f3n minimalista"},"content":{"rendered":"<p><strong>Un departamento elegante se vuelve equilibrado y c\u00e1lido al adoptar una decoraci\u00f3n minimalista, donde el di\u00e1logo entre los materiales se convierte en el protagonista<\/strong><\/p>\n<p>Si hay una zona en Madrid donde todo el mundo quiere vivir, es frente al parque del Retiro, ese pulm\u00f3n verde que ayuda a bajar revoluciones sin alejarse del gran meollo en efervescencia que es hoy la capital. Aqu\u00ed precisamente se encuentra esta vivienda reformada por el joven estudio Tosen Design.<\/p>\n<p>Cuando los arquitectos lo vieron por primera vez, se toparon con un departamento muy t\u00edpico del Madrid de los 70: un hogar que, a pesar de ser exterior, contaba con tal cantidad de divisiones que hac\u00eda que todas las estancias fueran peque\u00f1as y un tanto oscuras. Adem\u00e1s, \u201clos materiales mostraban ya un notable deterioro por el paso del tiempo\u201d, explica Julia J\u00e1uregui, una de las integrantes de Tosen Design. Una distribuci\u00f3n de dos dormitorios que no se adaptaba a las necesidades de sus propietarios, as\u00ed como la falta de un segundo ba\u00f1o, marc\u00f3 el punto de inicio del proyecto: hab\u00eda que reorganizar todo el espacio.<\/p>\n<p><img decoding=\"async\" alt=\"Cocina elegante con detalles de madera\" loading=\"lazy\" class=\"ResponsiveImageContainer-eNxvmU cfBbTk responsive-image__image\"   src=\"https:\/\/www.europesays.com\/es\/wp-content\/uploads\/2025\/12\/CUBRO_MDC_4x5_01.jpg\"\/><\/p>\n<p>Maru Serrano<\/p>\n<p><img decoding=\"async\" alt=\"Comedor con mesa y sillas de madera\" loading=\"lazy\" class=\"ResponsiveImageContainer-eNxvmU cfBbTk responsive-image__image\"   src=\"https:\/\/www.europesays.com\/es\/wp-content\/uploads\/2025\/12\/CUBRO_MDC_4x5_17.jpg\"\/><\/p>\n<p>Maru Serrano<\/p>\n<p>Un departamento elegante se reforma<\/p>\n<p>Sin embargo, este inicio era tambi\u00e9n el principal reto, ya que cambiar la cocina de posici\u00f3n implicaba una reorganizaci\u00f3n importante de las instalaciones con un presupuesto ajustado. <strong>\u201cEl componente econ\u00f3mico para reformar este departamento elegante era determinante\u201d,<\/strong> confirma J\u00e1uregui. Aun as\u00ed, los propietarios \u201cfueron receptivos y confiaron plenamente en nuestras propuestas, sabiendo que se ajustar\u00edan al presupuesto. En general, tuvimos mucha autonom\u00eda para desarrollar nuestro proceso creativo\u201d, a\u00f1ade.<\/p>\n<p>El tr\u00edo de arquitectos opt\u00f3 por sacar el m\u00e1ximo partido a lo existente: realzarlo sin disfrazarlo, sin convertirlo en algo que no era, ni caer en gestos pretenciosos. Para ello, la estructura se limpi\u00f3 de tabiques innecesarios y la luz volvi\u00f3 a fluir. Se cre\u00f3 un gran espacio de d\u00eda pensado para compartir, que integra la cocina, el comedor y una <a href=\"https:\/\/www.admagazine.com\/articulos\/sillas-para-sala-17-disenos-para-un-espacio-sofisticado-y-moderno\" target=\"_blank\" rel=\"nofollow noopener\">sala sofisticada<\/a> que mantiene intacto el estilo minimalista.<\/p>\n<p><img decoding=\"async\" alt=\"Comedor con mesa y sillas de madera\" loading=\"lazy\" class=\"ResponsiveImageContainer-eNxvmU cfBbTk responsive-image__image\"   src=\"https:\/\/www.europesays.com\/es\/wp-content\/uploads\/2025\/12\/CUBRO_MDC_4x5_27.jpg\"\/><\/p>\n<p>Maru Serrano<\/p>\n<p><img decoding=\"async\" alt=\"Pared de cemento\" loading=\"lazy\" class=\"ResponsiveImageContainer-eNxvmU cfBbTk responsive-image__image\"   src=\"https:\/\/www.europesays.com\/es\/wp-content\/uploads\/2025\/12\/CUBRO_MDC_4x5_30.jpg\"\/><\/p>\n<p>Maru Serrano<\/p>\n<p>Recuerdos de anta\u00f1o<\/p>\n<p>Todos los tabiques originales de concreto quedaron a la vista y, junto con el microcemento del suelo y algunas aplicaciones de terrazo, dieron lugar a un conjunto muy rico en texturas p\u00e9treas. \u201cUna sorpresa positiva fue encontrar la enumeracio\u0301n de los pilares estructurales casi intacta desde el momento original de la construccio\u0301n\u201d, algo que, seg\u00fan explica la arquitecta, se decidi\u00f3 mantener como recuerdo de su pasado.<\/p>\n<p><strong>La madera de nogal en los frentes de la cocina CUBRO es la que aporta esa sensaci\u00f3n de calidez.<\/strong> \u201cLos elegimos por su buena relacio\u0301n calidad-precio y la amplia variedad de materiales y colores disponibles que encajaban perfectamente con el concepto del proyecto.<\/p>\n","protected":false},"excerpt":{"rendered":"Un departamento elegante se vuelve equilibrado y c\u00e1lido al adoptar una decoraci\u00f3n minimalista, donde el di\u00e1logo entre los&hellip;\n","protected":false},"author":2,"featured_media":316021,"comment_status":"","ping_status":"","sticky":false,"template":"","format":"standard","meta":{"footnotes":""},"categories":[173],"tags":[229,233,231,230,8372,10615,232,234,146,147,25,24,12234,23],"class_list":{"0":"post-316020","1":"post","2":"type-post","3":"status-publish","4":"format-standard","5":"has-post-thumbnail","7":"category-arte-y-diseno","8":"tag-arte","9":"tag-arte-y-diseno","10":"tag-arts","11":"tag-arts-and-design","12":"tag-decoracion","13":"tag-departamento","14":"tag-design","15":"tag-diseno","16":"tag-entertainment","17":"tag-entretenimiento","18":"tag-es","19":"tag-espana","20":"tag-interiorismo","21":"tag-spain"},"share_on_mastodon":{"url":"https:\/\/pubeurope.com\/@es\/115815520934507345","error":""},"_links":{"self":[{"href":"https:\/\/www.europesays.com\/es\/wp-json\/wp\/v2\/posts\/316020","targetHints":{"allow":["GET"]}}],"collection":[{"href":"https:\/\/www.europesays.com\/es\/wp-json\/wp\/v2\/posts"}],"about":[{"href":"https:\/\/www.europesays.com\/es\/wp-json\/wp\/v2\/types\/post"}],"author":[{"embeddable":true,"href":"https:\/\/www.europesays.com\/es\/wp-json\/wp\/v2\/users\/2"}],"replies":[{"embeddable":true,"href":"https:\/\/www.europesays.com\/es\/wp-json\/wp\/v2\/comments?post=316020"}],"version-history":[{"count":0,"href":"https:\/\/www.europesays.com\/es\/wp-json\/wp\/v2\/posts\/316020\/revisions"}],"wp:featuredmedia":[{"embeddable":true,"href":"https:\/\/www.europesays.com\/es\/wp-json\/wp\/v2\/media\/316021"}],"wp:attachment":[{"href":"https:\/\/www.europesays.com\/es\/wp-json\/wp\/v2\/media?parent=316020"}],"wp:term":[{"taxonomy":"category","embeddable":true,"href":"https:\/\/www.europesays.com\/es\/wp-json\/wp\/v2\/categories?post=316020"},{"taxonomy":"post_tag","embeddable":true,"href":"https:\/\/www.europesays.com\/es\/wp-json\/wp\/v2\/tags?post=316020"}],"curies":[{"name":"wp","href":"https:\/\/api.w.org\/{rel}","templated":true}]}}