{"id":316027,"date":"2025-12-31T18:13:12","date_gmt":"2025-12-31T18:13:12","guid":{"rendered":"https:\/\/www.europesays.com\/es\/316027\/"},"modified":"2025-12-31T18:13:12","modified_gmt":"2025-12-31T18:13:12","slug":"los-ciudadrealenos-despiden-el-ano-comiendo-migas-y-gachas-en-el-parque-de-gasset","status":"publish","type":"post","link":"https:\/\/www.europesays.com\/es\/316027\/","title":{"rendered":"\u2018Los ciudadreale\u00f1os despiden el a\u00f1o comiendo migas y gachas en el Parque de Gasset\u2019"},"content":{"rendered":"<dl class=\"article-info\">\n<dt class=\"article-info-term\"\/>\n<dd class=\"published\">\n\t\t\t\t\t Publicado: 31 Diciembre 2025\t\t\t\t<\/dd>\n<\/dl>\n<p>\t\t\t<a class=\"modal thumbnail\" href=\"https:\/\/www.europesays.com\/es\/wp-content\/uploads\/2025\/12\/MIGAS_2_11zon.jpeg\"><img decoding=\"async\" src=\"https:\/\/www.europesays.com\/es\/wp-content\/uploads\/2025\/12\/MIGAS_2_11zon.jpeg\" alt=\"\"\/><\/a><\/p>\n<p>14 asociaciones, pe\u00f1as y colectivos culturales de la ciudad han elaborado migas para m\u00e1s de 3000 personas.<\/p>\n<p>Mar S\u00e1nchez, concejal de Festejos: \u2018Este a\u00f1o el \u2018tardeo\u2019 comienza en el Parque de Gasset\u2019.<\/p>\n<p>Despedir el a\u00f1o comiendo un buen plato de migas y brindando por un 2026 cargado de deseos y proyectos es una de las tradiciones m\u00e1s arraigadas en Ciudad Real. Al mediod\u00eda, m\u00e1s de 3.000 personas se han dado cita en el entorno de la Fuente de la Talaverana para decir adi\u00f3s al 2025 con la familia y con los amigos. Desde bien temprano y a pesar del fr\u00edo con el que ha despertado la capital, 14 pe\u00f1as, asociaciones y hermandades de la ciudad han ocupado sus puestos para que justo al t\u00e9rmino de la \u2018LII Carrera del Pavo\u2019 se empezaran a servir los primeros platos. \u00a0<\/p>\n<p>El alcalde de Ciudad Real, Francisco Ca\u00f1izares, y miembros de la corporaci\u00f3n municipal han estado saludando a los cocineros y a sus ayudantes. La concejal de Festejos agradec\u00eda a la Federaci\u00f3n de Pe\u00f1as y al resto de colectivos participantes \u2018su colaboraci\u00f3n y sus ganas de mantener viva esta celebraci\u00f3n\u2019. Mar S\u00e1nchez reconoc\u00eda que \u2018cambiar de ubicaci\u00f3n y traer las \u2018Migas de Fin de A\u00f1o\u2019 al Parque de Gasset ha sido un acierto, los hay que se acercar\u00e1n un rato y comenzar\u00e1n aqu\u00ed su \u2018tardeo\u2019, los que suelen aprovechar estas horas de la ma\u00f1ana para pasear y ya se quedan a comer, los que acaban de correr y quieren reponer fuerzas, adem\u00e1s, hasta las cuatro y media m\u00e1s o menos, habr\u00e1 m\u00fasica en directo para despedir el 2025 con villancicos populares\u2019. \u00a0<\/p>\n<p>La edil de Festejos explicaba que el Ayuntamiento ha proporcionado a las pe\u00f1as y asociaciones todos los ingredientes necesarios para hacer las migas y las gachas, \u2018en total ser\u00e1n unas 320 bolsas de 1 kg de pan, 16 garrafas de 5 litros de aceite, 165 kg de panceta, 165 kg de chorizos, 80 kgs de ajos, 16 kg de sala, 224 botellas de vino, 16 garrafas de 10 litros de agua y 4 kgs de harina de almortas y piment\u00f3n\u2019.<\/p>\n<p>Y una vez que los ciudadreale\u00f1os despidan el a\u00f1o y den la bienvenida al 2026, la mente estar\u00e1 puesta, sobre todo la de los peque\u00f1os, en la Cabalgata de Reyes, los detalles se dar\u00e1n a conocer en la rueda de prensa prevista para este viernes.<\/p>\n","protected":false},"excerpt":{"rendered":"Publicado: 31 Diciembre 2025 14 asociaciones, pe\u00f1as y colectivos culturales de la ciudad han elaborado migas para m\u00e1s&hellip;\n","protected":false},"author":2,"featured_media":316028,"comment_status":"","ping_status":"","sticky":false,"template":"","format":"standard","meta":{"footnotes":""},"categories":[93],"tags":[4071,1250,777,1940,168,5509,25,24,10,5510,23,167,5067,4664],"class_list":{"0":"post-316027","1":"post","2":"type-post","3":"status-publish","4":"format-standard","5":"has-post-thumbnail","7":"category-deportes","8":"tag-agenda","9":"tag-ayuntamiento","10":"tag-ciudad","11":"tag-ciudad-real","12":"tag-deportes","13":"tag-empleo","14":"tag-es","15":"tag-espana","16":"tag-noticias","17":"tag-promocion-economica","18":"tag-spain","19":"tag-sports","20":"tag-tramites","21":"tag-turismo"},"share_on_mastodon":{"url":"https:\/\/pubeurope.com\/@es\/115815540612501591","error":""},"_links":{"self":[{"href":"https:\/\/www.europesays.com\/es\/wp-json\/wp\/v2\/posts\/316027","targetHints":{"allow":["GET"]}}],"collection":[{"href":"https:\/\/www.europesays.com\/es\/wp-json\/wp\/v2\/posts"}],"about":[{"href":"https:\/\/www.europesays.com\/es\/wp-json\/wp\/v2\/types\/post"}],"author":[{"embeddable":true,"href":"https:\/\/www.europesays.com\/es\/wp-json\/wp\/v2\/users\/2"}],"replies":[{"embeddable":true,"href":"https:\/\/www.europesays.com\/es\/wp-json\/wp\/v2\/comments?post=316027"}],"version-history":[{"count":0,"href":"https:\/\/www.europesays.com\/es\/wp-json\/wp\/v2\/posts\/316027\/revisions"}],"wp:featuredmedia":[{"embeddable":true,"href":"https:\/\/www.europesays.com\/es\/wp-json\/wp\/v2\/media\/316028"}],"wp:attachment":[{"href":"https:\/\/www.europesays.com\/es\/wp-json\/wp\/v2\/media?parent=316027"}],"wp:term":[{"taxonomy":"category","embeddable":true,"href":"https:\/\/www.europesays.com\/es\/wp-json\/wp\/v2\/categories?post=316027"},{"taxonomy":"post_tag","embeddable":true,"href":"https:\/\/www.europesays.com\/es\/wp-json\/wp\/v2\/tags?post=316027"}],"curies":[{"name":"wp","href":"https:\/\/api.w.org\/{rel}","templated":true}]}}