{"id":316037,"date":"2025-12-31T18:18:10","date_gmt":"2025-12-31T18:18:10","guid":{"rendered":"https:\/\/www.europesays.com\/es\/316037\/"},"modified":"2025-12-31T18:18:10","modified_gmt":"2025-12-31T18:18:10","slug":"el-mundo-celebra-la-llegada-del-2026-las-primeras-imagenes-del-ano-nuevo-20minutos","status":"publish","type":"post","link":"https:\/\/www.europesays.com\/es\/316037\/","title":{"rendered":"El mundo celebra la llegada del 2026: las primeras im\u00e1genes del a\u00f1o nuevo &#8211; 20Minutos"},"content":{"rendered":"<ol>\n<li><a href=\"https:\/\/news.google.com\/rss\/articles\/CBMipwFBVV95cUxNT25semV1eVhKakJES0Nva0daQWZSUnV0TVFCdllEOVZtd2p5VzBlZWw4MkdJR19ZQ2FxT1l3azgwN3J2UEV2eDhyQ0liQlF4LWdfQ19tWHlRYTg3TkxsWkx5Z0JjaEZwdFZQSlhfOUl2dXRGc2ZHcm5xSk5FZzZ1OXR0R216T1RLMW5XczZPa2pHMXlxMno3RmxyamhEaEFKS0JzWDVQUQ?oc=5\" target=\"_blank\" rel=\"nofollow noopener\">El mundo celebra la llegada del 2026: las primeras im\u00e1genes del a\u00f1o nuevo<\/a>&nbsp;&nbsp;20Minutos<\/li>\n<li><a href=\"https:\/\/news.google.com\/rss\/articles\/CBMiugFBVV95cUxOLWxSSWEzSFRjXzlZX1lyV1pfa2s5WTUtc3lqR0dNVlRMUWlZazd3NXptWGhCMFFpbG1acUFuWXFfNFZsRlBFVUVKUVBQMEdNbjdLMlc1QnFrMWZIOGtGS1poSWRiVE51Y2FET2lodXFQaGRYUEpHcnZCVEl4WTNyY3FFSnNZcVlYQS1JOHBJVElKV3NWUjdpUEpkMnNHajRLZnZ2blZjMlE1RTJlQTlRZ3RBbGxVNlRtZ3c?oc=5\" target=\"_blank\" rel=\"nofollow noopener\">A\u00f1o Nuevo: las celebraciones y fiestas alrededor del mundo 2026, en im\u00e1genes | Fotos | Internacional<\/a>&nbsp;&nbsp;EL PA\u00cdS<\/li>\n<li><a href=\"https:\/\/news.google.com\/rss\/articles\/CBMifkFVX3lxTFB3anZvWWFiemFTRk13WEJ6d2puM3hnZEJSNV9RN1hUZXBhRF9OLUtQSmxzSVN4cnJJdmlHX3Q5VFdKT2M1clVIcjVPSVBPSVhfMmVqSlB4eUE3RXdtVUkyTHhTSVVsVWJueVJTUXN4OGtxdkFtc01fejVldlpyQQ?oc=5\" target=\"_blank\" rel=\"nofollow noopener\">El momento en el que se celebra el A\u00f1o Nuevo en todo el mundo (en relaci\u00f3n con la hora de Miami)<\/a>&nbsp;&nbsp;CNN en Espa\u00f1ol<\/li>\n<li><a href=\"https:\/\/news.google.com\/rss\/articles\/CBMimwFBVV95cUxPUm9ySTY4aUVPcVZXUGVIMmhVeDQ1cFVsS0tJS3JKREtYQlZDRVFCeFRxbWFOQVB5UGpNN3FuMVgxSndxU2h1bTNGU0dYMzM2VDU5NlJoQ0xGOExwblBUbXJEU3dRWllwazNyWEdHdWJRZHpDejQtel9fMXdOU2xVX1hvb1RzRUhRLWtyRDZzMy1JbV8yMlFDOGxwONIBmwFBVV95cUxOb1NoUzAyRVRJNU5HOGtJM1FPd3Vmc0VIU1J5bWVGQ0NvaDc2aEhtOEdzUzNFUGd5UVJfR01UUkJXUUFpWlhzbThzUEt0WW1xLUk1SjQ0RXlYa29VajNjeXNUa0NSQ054VzBXdHlsNzdibVJOLU41QTItcEVoUXRyenlEc01JSEhfajZfQzNDeVRWMjRlOGVfRkFmTQ?oc=5\" target=\"_blank\" rel=\"nofollow noopener\">El mundo da la bienvenida a 2026: las mejores fotos de un A\u00f1o Nuevo recibido con fuegos artificiales y deseos de paz<\/a>&nbsp;&nbsp;RTVE.es<\/li>\n<li><a href=\"https:\/\/news.google.com\/rss\/articles\/CBMihwFBVV95cUxPZ0pyNGxvbzVXVG5XSWJoaTc2QmpETE53SENkcTRBQ3BpWGlwMXlTaTBHV3g5WDVVMWI2Z1hDVkhIZ1JqYUV4NVNyUkhadTJxMURRMWJqSDQzclIxdWo5dHV6Znd2SWJzMWNWRmhMdmdHNXFySFFJYW11cVRld05DaENrR0g3QWfSAYwBQVVfeXFMTVZFNWpzSDN6NWx1bWR2VllIZGRIUWJQVmVkV3ZzOFJreE05eDgwd3g3cnFtRlhUVG1CNUlYcHZWWHhmekNXNThCbExPalI5ZlhBSTlIWlVTYThpclA4VVNBaVFEME5mRjZ6VkRtc1RCbkJ5STFKWE1RcFN3RFlrTXNlNWcwZmpnbVlWMXE?oc=5\" target=\"_blank\" rel=\"nofollow noopener\">2026: la bienvenida al A\u00f1o Nuevo en el mundo, en im\u00e1genes<\/a>&nbsp;&nbsp;La Vanguardia<\/li>\n<\/ol>\n","protected":false},"excerpt":{"rendered":"El mundo celebra la llegada del 2026: las primeras im\u00e1genes del a\u00f1o nuevo&nbsp;&nbsp;20Minutos A\u00f1o Nuevo: las celebraciones y&hellip;\n","protected":false},"author":2,"featured_media":316038,"comment_status":"","ping_status":"","sticky":false,"template":"","format":"standard","meta":{"footnotes":""},"categories":[42],"tags":[3076,17,18,6951,13,14,11,61,62,63,64,19,20,5808,3013,9,10,15,16,12,21,22,65,66,67],"class_list":{"0":"post-316037","1":"post","2":"type-post","3":"status-publish","4":"format-standard","5":"has-post-thumbnail","7":"category-internacional","8":"tag-3076","9":"tag-breaking-news","10":"tag-breakingnews","11":"tag-celebra","12":"tag-featured-news","13":"tag-featurednews","14":"tag-headlines","15":"tag-internacional","16":"tag-international","17":"tag-international-news","18":"tag-internationalnews","19":"tag-latest-news","20":"tag-latestnews","21":"tag-llegada","22":"tag-mundo","23":"tag-news","24":"tag-noticias","25":"tag-noticias-destacadas","26":"tag-noticiasdestacadas","27":"tag-titulares","28":"tag-ultimas-noticias","29":"tag-ultimasnoticias","30":"tag-world","31":"tag-world-news","32":"tag-worldnews"},"share_on_mastodon":{"url":"https:\/\/pubeurope.com\/@es\/115815560194865449","error":""},"_links":{"self":[{"href":"https:\/\/www.europesays.com\/es\/wp-json\/wp\/v2\/posts\/316037","targetHints":{"allow":["GET"]}}],"collection":[{"href":"https:\/\/www.europesays.com\/es\/wp-json\/wp\/v2\/posts"}],"about":[{"href":"https:\/\/www.europesays.com\/es\/wp-json\/wp\/v2\/types\/post"}],"author":[{"embeddable":true,"href":"https:\/\/www.europesays.com\/es\/wp-json\/wp\/v2\/users\/2"}],"replies":[{"embeddable":true,"href":"https:\/\/www.europesays.com\/es\/wp-json\/wp\/v2\/comments?post=316037"}],"version-history":[{"count":0,"href":"https:\/\/www.europesays.com\/es\/wp-json\/wp\/v2\/posts\/316037\/revisions"}],"wp:featuredmedia":[{"embeddable":true,"href":"https:\/\/www.europesays.com\/es\/wp-json\/wp\/v2\/media\/316038"}],"wp:attachment":[{"href":"https:\/\/www.europesays.com\/es\/wp-json\/wp\/v2\/media?parent=316037"}],"wp:term":[{"taxonomy":"category","embeddable":true,"href":"https:\/\/www.europesays.com\/es\/wp-json\/wp\/v2\/categories?post=316037"},{"taxonomy":"post_tag","embeddable":true,"href":"https:\/\/www.europesays.com\/es\/wp-json\/wp\/v2\/tags?post=316037"}],"curies":[{"name":"wp","href":"https:\/\/api.w.org\/{rel}","templated":true}]}}