{"id":316051,"date":"2025-12-31T18:33:11","date_gmt":"2025-12-31T18:33:11","guid":{"rendered":"https:\/\/www.europesays.com\/es\/316051\/"},"modified":"2025-12-31T18:33:11","modified_gmt":"2025-12-31T18:33:11","slug":"un-soltero-reincidente-de-first-dates-deja-sin-palabras-a-su-cita-es-horrible","status":"publish","type":"post","link":"https:\/\/www.europesays.com\/es\/316051\/","title":{"rendered":"Un soltero reincidente de &#8216;First Dates&#8217; deja sin palabras a su cita: \u00abEs horrible\u00bb"},"content":{"rendered":"<p style=\"\">Jane ha llegado al <strong>plat\u00f3 de &#8216;First Dates&#8217;<\/strong> con las ideas claras, con el objetivo de encontrar el amor. Se ha presentado a <strong>Carlos Sobera<\/strong> con unas flores y ha dejado claras sus intenciones: la idea es darlas como ofrenda a la Virgen  &#8230; Mar\u00eda, pues para ella las fiestas tienen que ver con el nacimiento y las nuevas oportunidades. Es as\u00ed que se ha mostrado como alguien dulce y sensible que desde hace un tiempo est\u00e1 muy cercana a la espiritualidad.<\/p>\n<p class=\"voc-p\" style=\"\">Ha ido compartiendo con Sobera sobre ella, su Venezuela natal y se ha definido como \u00ab<strong>rom\u00e1ntica y realista<\/strong>\u00bb. Sobre qu\u00e9 encontrar en la otra persona, ha afirmado buscar \u00aba alguien que no me quite la paz que tengo, una persona inteligente, interesante culta, brillante\u00bb. Vaya, que \u00abpido a Melchor, Gaspar y Baltasar que me traigan un pr\u00edncipe\u00bb. Y es aqu\u00ed que ha entrado en escena el que deber\u00eda conquistar el coraz\u00f3n de Jane. <\/p>\n<p class=\"voc-p\" style=\"\">El pretendiente es <strong>Ettore<\/strong>, un italiano que es un reincidente del programa, la segunda vez que acude a &#8216;<strong>First Dates<\/strong>&#8216;, para ver si en esta ocasi\u00f3n tiene un poco m\u00e1s de suerte. La velada no ha empezado del todo bien, porque nada m\u00e1s ver entrar ella a \u00e9l, esta se ha quedado sin palabras y ha dicho a las c\u00e1maras, en voz baja pero de manera perfectamente comprensible: \u00abNo me gusta. Es horrible\u00bb. Tras esto, Carlos Sobera los han presentado, se han saludado de manera amable y ya han pasado a la mesa donde la velada no ha sido tan catastr\u00f3fica como parec\u00eda que se iba a desarrollar\u2026 <\/p>\n<p class=\"voc-p\" style=\"\">Han hablado de trabajo, profesi\u00f3n, de relaciones anteriores, gustos, hobbies, familia, amigos, otras preferencias personales, y as\u00ed ha transcurrido<strong> la cena<\/strong> hasta que finalmente ha llegado la hora de responder a la pregunta del mill\u00f3n: \u00ab\u00bfHabr\u00e1 una segunda cita?\u00bb. <\/p>\n<p class=\"voc-p\" style=\"\">La respuesta se ha hecho de rogar, y es que primero Ettore ha referido que s\u00ed, que \u00e9l ten\u00eda claro que le gustar\u00eda volver a verla: \u00abClaro que s\u00ed, conocerla un poquito m\u00e1s, profundizar para conocernos mejor y tambi\u00e9n para encender una vela juntos m\u00e1s grande\u00bb. Llegaba la hora de la respuesta de Jane, que ha empezado de manera suave, afirmando que tambi\u00e9n querr\u00eda profundiza m\u00e1s pero \u00abcomo amigos\u00bb. \u00abMe halagan tus palabras, pero quiero decir que no quiero una <strong>segunda cita<\/strong>. Busco una conexi\u00f3n m\u00e1s espiritual, y tengo la esperanza de encontrarlo y que t\u00fa tambi\u00e9n\u00bb, ha terminado diciendo ella.<\/p>\n","protected":false},"excerpt":{"rendered":"Jane ha llegado al plat\u00f3 de &#8216;First Dates&#8217; con las ideas claras, con el objetivo de encontrar el&hellip;\n","protected":false},"author":2,"featured_media":316052,"comment_status":"","ping_status":"","sticky":false,"template":"","format":"standard","meta":{"footnotes":""},"categories":[171],"tags":[7716,2721,51,146,147,25,24,2720,34272,1298,73923,27634,23,214],"class_list":{"0":"post-316051","1":"post","2":"type-post","3":"status-publish","4":"format-standard","5":"has-post-thumbnail","7":"category-tv","8":"tag-cita","9":"tag-dates","10":"tag-deja","11":"tag-entertainment","12":"tag-entretenimiento","13":"tag-es","14":"tag-espana","15":"tag-first","16":"tag-horrible","17":"tag-palabras","18":"tag-reincidente","19":"tag-soltero","20":"tag-spain","21":"tag-tv"},"share_on_mastodon":{"url":"https:\/\/pubeurope.com\/@es\/115815619295570668","error":""},"_links":{"self":[{"href":"https:\/\/www.europesays.com\/es\/wp-json\/wp\/v2\/posts\/316051","targetHints":{"allow":["GET"]}}],"collection":[{"href":"https:\/\/www.europesays.com\/es\/wp-json\/wp\/v2\/posts"}],"about":[{"href":"https:\/\/www.europesays.com\/es\/wp-json\/wp\/v2\/types\/post"}],"author":[{"embeddable":true,"href":"https:\/\/www.europesays.com\/es\/wp-json\/wp\/v2\/users\/2"}],"replies":[{"embeddable":true,"href":"https:\/\/www.europesays.com\/es\/wp-json\/wp\/v2\/comments?post=316051"}],"version-history":[{"count":0,"href":"https:\/\/www.europesays.com\/es\/wp-json\/wp\/v2\/posts\/316051\/revisions"}],"wp:featuredmedia":[{"embeddable":true,"href":"https:\/\/www.europesays.com\/es\/wp-json\/wp\/v2\/media\/316052"}],"wp:attachment":[{"href":"https:\/\/www.europesays.com\/es\/wp-json\/wp\/v2\/media?parent=316051"}],"wp:term":[{"taxonomy":"category","embeddable":true,"href":"https:\/\/www.europesays.com\/es\/wp-json\/wp\/v2\/categories?post=316051"},{"taxonomy":"post_tag","embeddable":true,"href":"https:\/\/www.europesays.com\/es\/wp-json\/wp\/v2\/tags?post=316051"}],"curies":[{"name":"wp","href":"https:\/\/api.w.org\/{rel}","templated":true}]}}