{"id":316055,"date":"2025-12-31T18:35:12","date_gmt":"2025-12-31T18:35:12","guid":{"rendered":"https:\/\/www.europesays.com\/es\/316055\/"},"modified":"2025-12-31T18:35:12","modified_gmt":"2025-12-31T18:35:12","slug":"las-mejores-peliculas-de-2025-segun-ojo-critico-de-cnn","status":"publish","type":"post","link":"https:\/\/www.europesays.com\/es\/316055\/","title":{"rendered":"Las mejores pel\u00edculas de 2025, seg\u00fan Ojo Cr\u00edtico de CNN"},"content":{"rendered":"<p>Las mejores pel\u00edculas de 2025, seg\u00fan Ojo Cr\u00edtico de CNN\n                <\/p>\n<p>              <a class=\"vossi-byline__image-link byline__image-link\" href=\"https:\/\/cnnespanol.cnn.com\/perfil\/juan-carlos-arciniegas\" rel=\"nofollow noopener\" target=\"_blank\"><br \/>\n                <img loading=\"lazy\" decoding=\"async\" height=\"100\" width=\"100\" class=\"vossi-byline__image\" src=\"https:\/\/www.europesays.com\/es\/wp-content\/uploads\/2025\/12\/c_thumb,g_face,w_100,h_100.jpeg\" alt=\"Juan Carlos Arciniegas\" onerror=\"imageLoadError(this)\"\/><br \/>\n              <\/a><\/p>\n<p>          21:18 ET (02:18 GMT) 30 de diciembre de 2025\n<\/p>\n<p>El 2025 estuvo lleno de pel\u00edculas que nos transportaron a universos muy distintos y presentaron personajes entra\u00f1ables con potencial de volverse cl\u00e1sicos. Juan Carlos Arciniegas comparte sus 10 pel\u00edculas favoritas del a\u00f1o, a las puertas de la temporada de premios que reconoce lo mejor de la industria cinematogr\u00e1fica.<\/p>\n","protected":false},"excerpt":{"rendered":"Las mejores pel\u00edculas de 2025, seg\u00fan Ojo Cr\u00edtico de CNN 21:18 ET (02:18 GMT) 30 de diciembre de&hellip;\n","protected":false},"author":2,"featured_media":316056,"comment_status":"","ping_status":"","sticky":false,"template":"","format":"standard","meta":{"footnotes":""},"categories":[169],"tags":[177,146,147,25,24,176,175,753,7638,23,31661],"class_list":{"0":"post-316055","1":"post","2":"type-post","3":"status-publish","4":"format-standard","5":"has-post-thumbnail","7":"category-cine","8":"tag-cine","9":"tag-entertainment","10":"tag-entretenimiento","11":"tag-es","12":"tag-espana","13":"tag-film","14":"tag-movies","15":"tag-peliculas","16":"tag-premios-oscar","17":"tag-spain","18":"tag-top-10"},"share_on_mastodon":{"url":"https:\/\/pubeurope.com\/@es\/115815627128687044","error":""},"_links":{"self":[{"href":"https:\/\/www.europesays.com\/es\/wp-json\/wp\/v2\/posts\/316055","targetHints":{"allow":["GET"]}}],"collection":[{"href":"https:\/\/www.europesays.com\/es\/wp-json\/wp\/v2\/posts"}],"about":[{"href":"https:\/\/www.europesays.com\/es\/wp-json\/wp\/v2\/types\/post"}],"author":[{"embeddable":true,"href":"https:\/\/www.europesays.com\/es\/wp-json\/wp\/v2\/users\/2"}],"replies":[{"embeddable":true,"href":"https:\/\/www.europesays.com\/es\/wp-json\/wp\/v2\/comments?post=316055"}],"version-history":[{"count":0,"href":"https:\/\/www.europesays.com\/es\/wp-json\/wp\/v2\/posts\/316055\/revisions"}],"wp:featuredmedia":[{"embeddable":true,"href":"https:\/\/www.europesays.com\/es\/wp-json\/wp\/v2\/media\/316056"}],"wp:attachment":[{"href":"https:\/\/www.europesays.com\/es\/wp-json\/wp\/v2\/media?parent=316055"}],"wp:term":[{"taxonomy":"category","embeddable":true,"href":"https:\/\/www.europesays.com\/es\/wp-json\/wp\/v2\/categories?post=316055"},{"taxonomy":"post_tag","embeddable":true,"href":"https:\/\/www.europesays.com\/es\/wp-json\/wp\/v2\/tags?post=316055"}],"curies":[{"name":"wp","href":"https:\/\/api.w.org\/{rel}","templated":true}]}}