{"id":316069,"date":"2025-12-31T18:42:14","date_gmt":"2025-12-31T18:42:14","guid":{"rendered":"https:\/\/www.europesays.com\/es\/316069\/"},"modified":"2025-12-31T18:42:14","modified_gmt":"2025-12-31T18:42:14","slug":"diversos-colectivos-y-negocios-donan-decimos-de-la-loteria-del-nino-a-la-comision-de-fiestas-de-villamanin","status":"publish","type":"post","link":"https:\/\/www.europesays.com\/es\/316069\/","title":{"rendered":"Diversos colectivos y negocios donan d\u00e9cimos de la loter\u00eda del Ni\u00f1o a la comisi\u00f3n de fiestas de Villaman\u00edn"},"content":{"rendered":"<p style=\"\">Diversas comisiones de fiestas, colectivos y alg\u00fan negocio de hosteler\u00eda secundan una iniciativa solidaria publicitada a trav\u00e9s de las redes sociales con la que se<strong> donan d\u00e9cimos de loter\u00eda par el pr\u00f3ximo sorteo del Ni\u00f1o,<\/strong> cuyas posibles ganancias <a href=\"https:\/\/www.abc.es\/espana\/castilla-leon\/villamanin-pueblo-roto-dividido-gordo-loteria-navidad-20251228080525-nt.html\" target=\"_self\" data-voc-vtm-id=\"in-text-traffic\" title=\"ser\u00edan destinadas a sufragar el pago del premio de los d\u00e9cimos ganadores del Gordo\" rel=\"nofollow noopener\">ser\u00edan destinadas a sufragar el pago del premio de los d\u00e9cimos ganadores del Gordo<\/a> &#8230;  del Sorteo Extraordinario de Navidad, del que se la comisi\u00f3n de fiestas de <a href=\"https:\/\/www.abc.es\/espana\/castilla-leon\/ayuntamiento-villamanin-llama-preservar-convivencia-vecinal-ofrece-20251229143110-nt.html\" target=\"_self\" data-voc-vtm-id=\"in-text-traffic\" title=\"Villaman\u00edn (Le\u00f3n)\" rel=\"nofollow noopener\">Villaman\u00edn (Le\u00f3n)<\/a> habr\u00eda vendido m\u00e1s papeletas de las correspondientes.<\/p>\n<p class=\"voc-p\" style=\"\">Las muestras de solidaridad se suceden y <strong>al menos una docena de entidades de distintas provincias<\/strong> han mostrado ya su voluntad de cooperar, apelando al esfuerzo que llevan a cabo las comisiones para organizar los eventos y recaudar fondos, dando por hecho que la pol\u00e9mica surgida se debe a un error involuntario.<\/p>\n<p class=\"voc-p\" style=\"\">\u00abCualquier persona que haya estado en el movimiento asociativo, <strong>sabe lo que es rascar euros de donde sea para hacer unas fiestas,<\/strong> y uno de los ingresos es la venta de loter\u00eda, pero para 50 euros que te deja un talonario hay que picar muchas puertas, ir a muchos pueblos, perder tiempo de estar con tu familia y gastar mucha gasolina; por eso nosotros creemos firmemente en que no hubo mala intenci\u00f3n en ese talonario de la discordia\u00bb, se\u00f1alan desde uno de los colectivos que secundan la propuesta, informa Ical.<\/p>\n<p class=\"voc-p\" style=\"\">Tampoco faltan las opiniones de quienes aconsejan o<strong> sugieren esperar a que el asunto se aclare<\/strong> y se pueda demostrar si lo ocurrido fue involuntario o existi\u00f3 alguna irregularidad a\u00fan por concretar. Tambi\u00e9n se apunta que alguno de los poseedores de las papeletas premiadas ha tomado ya iniciativas legales por su cuenta, lo que dejar\u00eda sin efecto la propuesta planteada por la comisi\u00f3n de aportar las participaciones de sus integrantes para disponer de parte del dinero que ser\u00eda necesario para pagar todas las papeletas agraciadas. Adem\u00e1s, los rumores extendidos por la zona desde hace d\u00eda apuntan a que ya se ha hecho efectivo el cobro de alguno de los d\u00e9cimos premiados.<\/p>\n","protected":false},"excerpt":{"rendered":"Diversas comisiones de fiestas, colectivos y alg\u00fan negocio de hosteler\u00eda secundan una iniciativa solidaria publicitada a trav\u00e9s de&hellip;\n","protected":false},"author":2,"featured_media":316070,"comment_status":"","ping_status":"","sticky":false,"template":"","format":"standard","meta":{"footnotes":""},"categories":[8],"tags":[17,18,29030,7553,72794,33688,72575,25,24,13,14,43,11,19,20,530,2733,9,899,10,15,16,23,12,21,22,72793],"class_list":{"0":"post-316069","1":"post","2":"type-post","3":"status-publish","4":"format-standard","5":"has-post-thumbnail","7":"category-espana","8":"tag-breaking-news","9":"tag-breakingnews","10":"tag-colectivos","11":"tag-comision","12":"tag-decimos","13":"tag-diversos","14":"tag-donan","15":"tag-es","16":"tag-espana","17":"tag-featured-news","18":"tag-featurednews","19":"tag-fiestas","20":"tag-headlines","21":"tag-latest-news","22":"tag-latestnews","23":"tag-loteria","24":"tag-negocios","25":"tag-news","26":"tag-nino","27":"tag-noticias","28":"tag-noticias-destacadas","29":"tag-noticiasdestacadas","30":"tag-spain","31":"tag-titulares","32":"tag-ultimas-noticias","33":"tag-ultimasnoticias","34":"tag-villamanin"},"share_on_mastodon":{"url":"https:\/\/pubeurope.com\/@es\/115815654665220663","error":""},"_links":{"self":[{"href":"https:\/\/www.europesays.com\/es\/wp-json\/wp\/v2\/posts\/316069","targetHints":{"allow":["GET"]}}],"collection":[{"href":"https:\/\/www.europesays.com\/es\/wp-json\/wp\/v2\/posts"}],"about":[{"href":"https:\/\/www.europesays.com\/es\/wp-json\/wp\/v2\/types\/post"}],"author":[{"embeddable":true,"href":"https:\/\/www.europesays.com\/es\/wp-json\/wp\/v2\/users\/2"}],"replies":[{"embeddable":true,"href":"https:\/\/www.europesays.com\/es\/wp-json\/wp\/v2\/comments?post=316069"}],"version-history":[{"count":0,"href":"https:\/\/www.europesays.com\/es\/wp-json\/wp\/v2\/posts\/316069\/revisions"}],"wp:featuredmedia":[{"embeddable":true,"href":"https:\/\/www.europesays.com\/es\/wp-json\/wp\/v2\/media\/316070"}],"wp:attachment":[{"href":"https:\/\/www.europesays.com\/es\/wp-json\/wp\/v2\/media?parent=316069"}],"wp:term":[{"taxonomy":"category","embeddable":true,"href":"https:\/\/www.europesays.com\/es\/wp-json\/wp\/v2\/categories?post=316069"},{"taxonomy":"post_tag","embeddable":true,"href":"https:\/\/www.europesays.com\/es\/wp-json\/wp\/v2\/tags?post=316069"}],"curies":[{"name":"wp","href":"https:\/\/api.w.org\/{rel}","templated":true}]}}