{"id":316083,"date":"2025-12-31T18:56:07","date_gmt":"2025-12-31T18:56:07","guid":{"rendered":"https:\/\/www.europesays.com\/es\/316083\/"},"modified":"2025-12-31T18:56:07","modified_gmt":"2025-12-31T18:56:07","slug":"jujutsu-kaisen-se-prepara-para-la-inminente-llegada-de-su-temporada-3-a-crunchyroll-con-un-nuevo-adelanto","status":"publish","type":"post","link":"https:\/\/www.europesays.com\/es\/316083\/","title":{"rendered":"Jujutsu Kaisen se prepara para la inminente llegada de su temporada 3 a Crunchyroll con un nuevo adelanto"},"content":{"rendered":"<p class=\"c-paragraph\">Ya queda menos para que llegue al cat\u00e1logo de\u00a0<a href=\"https:\/\/www.hobbyconsolas.com\/listas\/9-mejores-series-crunchyroll-gran-plataforma-especializada-anime-1164144\" title=\"Las 9 mejores series de Crunchyroll, la gran plataforma especializada en anime\" rel=\"nofollow noopener\" target=\"_blank\">Crunchyroll<\/a>\u00a0la esperada temporada 3 de <a href=\"https:\/\/www.hobbyconsolas.com\/hobbycine\/critica-jujutsu-kaisen-ejecucion-nueva-pelicula-anime-que-te-deja-con-ganas-mas_6897673_0.html\" title=\"Cr\u00edtica de Jujutsu Kaisen: Ejecuci\u00f3n, la nueva pel\u00edcula de anime que te deja con ganas de m\u00e1s\" rel=\"nofollow noopener\" target=\"_blank\">Jujutsu Kaisen<\/a>, la exitosa <b>serie<\/b> de\u00a0<a href=\"https:\/\/www.hobbyconsolas.com\/listas\/series-importantes-crunchyroll-deben-ver-nada-suscribirse-plataforma-anime-1387225\" title=\"Las series m\u00e1s importantes de Crunchyroll que se deben ver nada m\u00e1s suscribirse a la plataforma de anime\" rel=\"nofollow noopener\" target=\"_blank\">anime<\/a>\u00a0que adapta el aclamado manga de Gege Akutami.<\/p>\n<p class=\"c-paragraph\">Estrenada en 2020, la trama de la serie sigue la historia de <b>Yuji Itadori<\/b>, un estudiante de secundaria que se ve envuelto en el mundo de las Maldiciones y los hechiceros cuando una Maldici\u00f3n ataca a sus compa\u00f1eros de clase.<\/p>\n<p class=\"c-paragraph\">Para salvar a sus compa\u00f1eros, se come el dedo de Ry\u00f4men Sukuna, un malvado y poderoso demonio que es considerado como el Rey de las Maldiciones, <b>lo que provoca que la Maldici\u00f3n de Sukuna se integre en el alma de Itadori y el joven pase a ser su recipiente<\/b>.<\/p>\n<p class=\"c-paragraph\">Aunque comparte cuerpo con Sukuna, Yuji es capaz de controlarle, por lo que es admitido en la Escuela T\u00e9cnica de Hechicer\u00eda de Tokio, una organizaci\u00f3n que lucha contra las Maldiciones. Pero, al estar pose\u00eddo por la Maldici\u00f3n, es condenado a muerte para poder destruir el fragmento de Sukuna y reducir su poder.<\/p>\n<p class=\"c-paragraph\">No obstante, <b>su sentencia de muerte ser\u00e1 pospuesta hasta que Yuji hasta que consuma todos los dedos de Sukuna<\/b>, permiti\u00e9ndoles matar a Sukuna de una vez por todas.<\/p>\n<p>Nuevo vistazo a la temporada 3 de Jujutsu Kaisen<\/p>\n<p class=\"c-paragraph\">La serie ha sido todo un \u00e9xito en <b>Crunchyroll<\/b>, lanz\u00e1ndose en cines varias pel\u00edculas recopilatorias que repasan algunos de los momentos clave del <b>anime<\/b>.<\/p>\n<p class=\"c-paragraph\">Ahora la ficci\u00f3n se prepara para arrancar su temporada 3 en la plataforma, la cual los fans pudieron disfrutar de un adelanto de sus primeros episodios en el \u00faltimo largometraje estrenado en cines.<\/p>\n<p class=\"c-paragraph\">En aras de seguir abriendo boca, TOHO Animation ha presentado <b>nuevas im\u00e1genes oficiales de Jujutsu Kaisen temporada 3<\/b>, las cuales te recopilamos a trav\u00e9s de la siguiente galer\u00eda.<\/p>\n<p class=\"c-paragraph\">La trama de la nueva temporada comprender\u00e1 la primera parte del arco The Culling Game del manga, donde vemos a un abatido\u00a0<a href=\"https:\/\/www.hobbyconsolas.com\/listas\/series-anime-tienes-ver-momento-estar-dia-1387011\" title=\"Las tres series de anime que tienes que ver en este momento para estar al d\u00eda\" rel=\"nofollow noopener\" target=\"_blank\">Yuji Itadori<\/a>\u00a0sinti\u00e9ndose culpable de la muerte de cientos de inocentes durante el\u00a0<a href=\"https:\/\/www.hobbyconsolas.com\/reportajes\/animes-potentes-temporada-aparte-dragon-ball-daima-1410295\" title=\"Los animes m\u00e1s potentes de la temporada, m\u00e1s all\u00e1 de Dragon Ball Daima\" rel=\"nofollow noopener\" target=\"_blank\">Incidente de Shibuya<\/a>.<\/p>\n<p class=\"c-paragraph\">Pero en realidad no fue \u00e9l, sino Sukuna, la poderosa maldici\u00f3n que habita en su interior que logr\u00f3 escapar de su control despu\u00e9s de que le introdujeran de golpe varios de sus dedos, aumentando su poder de forma dr\u00e1stica.<\/p>\n<p class=\"c-paragraph\">Ahora que vuelve a tener su cuerpo bajo control, Itadori tendr\u00e1 que hacer frente a un antiguo alumno de Satoru Gojo: Yuta Okkotsu, protagonista de la pel\u00edcula precuela\u00a0<a href=\"https:\/\/www.hobbyconsolas.com\/reviews\/critica-jujutsu-kaisen-0-pelicula-precuela-popular-manga-sobrenatural-estrena-27-mayo-1065421\" title=\"Cr\u00edtica de Jujutsu Kaisen 0, la pel\u00edcula de anime que llega a los cines el 27 de mayo\" rel=\"nofollow noopener\" target=\"_blank\">Jujutsu Kaisen 0<\/a>\u00a0al que <b>se le ha encomendado la misi\u00f3n de eliminar a Itadori por sus supuestos cr\u00edmenes<\/b>.<\/p>\n<p class=\"c-paragraph\">La temporada 3 de Jujutsu Kaisen arranca en Crunchyroll el pr\u00f3ximo <b>8 de enero de 2026<\/b>. \u00bfQu\u00e9 te ha parecido este nuevo vistazo a los siguientes episodios de la\u00a0<a href=\"https:\/\/www.hobbyconsolas.com\/listas\/mejores-paginas-votar-criticar-recordar-peliculas-series-has-visto-1388179\" title=\"Las mejores p\u00e1ginas para votar, criticar y recordar las pel\u00edculas y series que has visto\" rel=\"nofollow noopener\" target=\"_blank\">serie<\/a>?<\/p>\n","protected":false},"excerpt":{"rendered":"Ya queda menos para que llegue al cat\u00e1logo de\u00a0Crunchyroll\u00a0la esperada temporada 3 de Jujutsu Kaisen, la exitosa serie&hellip;\n","protected":false},"author":2,"featured_media":316084,"comment_status":"","ping_status":"","sticky":false,"template":"","format":"standard","meta":{"footnotes":""},"categories":[171],"tags":[146,147,25,24,61018,61019,2078,5936,7745,23,214],"class_list":{"0":"post-316083","1":"post","2":"type-post","3":"status-publish","4":"format-standard","5":"has-post-thumbnail","7":"category-tv","8":"tag-entertainment","9":"tag-entretenimiento","10":"tag-es","11":"tag-espana","12":"tag-jujutsu","13":"tag-kaisen","14":"tag-para","15":"tag-prepara","16":"tag-se","17":"tag-spain","18":"tag-tv"},"share_on_mastodon":{"url":"https:\/\/pubeurope.com\/@es\/115815709637831787","error":""},"_links":{"self":[{"href":"https:\/\/www.europesays.com\/es\/wp-json\/wp\/v2\/posts\/316083","targetHints":{"allow":["GET"]}}],"collection":[{"href":"https:\/\/www.europesays.com\/es\/wp-json\/wp\/v2\/posts"}],"about":[{"href":"https:\/\/www.europesays.com\/es\/wp-json\/wp\/v2\/types\/post"}],"author":[{"embeddable":true,"href":"https:\/\/www.europesays.com\/es\/wp-json\/wp\/v2\/users\/2"}],"replies":[{"embeddable":true,"href":"https:\/\/www.europesays.com\/es\/wp-json\/wp\/v2\/comments?post=316083"}],"version-history":[{"count":0,"href":"https:\/\/www.europesays.com\/es\/wp-json\/wp\/v2\/posts\/316083\/revisions"}],"wp:featuredmedia":[{"embeddable":true,"href":"https:\/\/www.europesays.com\/es\/wp-json\/wp\/v2\/media\/316084"}],"wp:attachment":[{"href":"https:\/\/www.europesays.com\/es\/wp-json\/wp\/v2\/media?parent=316083"}],"wp:term":[{"taxonomy":"category","embeddable":true,"href":"https:\/\/www.europesays.com\/es\/wp-json\/wp\/v2\/categories?post=316083"},{"taxonomy":"post_tag","embeddable":true,"href":"https:\/\/www.europesays.com\/es\/wp-json\/wp\/v2\/tags?post=316083"}],"curies":[{"name":"wp","href":"https:\/\/api.w.org\/{rel}","templated":true}]}}