{"id":316087,"date":"2025-12-31T18:58:08","date_gmt":"2025-12-31T18:58:08","guid":{"rendered":"https:\/\/www.europesays.com\/es\/316087\/"},"modified":"2025-12-31T18:58:08","modified_gmt":"2025-12-31T18:58:08","slug":"la-lujosa-experiencia-de-robert-downey-jr-en-avengers-doomsday-sorprendio-a-sus-companeros-de-elenco","status":"publish","type":"post","link":"https:\/\/www.europesays.com\/es\/316087\/","title":{"rendered":"La lujosa experiencia de Robert Downey Jr. en \u201cAvengers: Doomsday\u201d sorprendi\u00f3 a sus compa\u00f1eros de elenco"},"content":{"rendered":"<p><img alt=\"Robert Downey Jr. transform\u00f3 el\" class=\"global-image\" decoding=\"async\" fetchpriority=\"high\" height=\"1080\" loading=\"eager\" src=\"https:\/\/www.europesays.com\/es\/wp-content\/uploads\/2025\/12\/WE5U6OQNDVCIPDRXNXQTKMATP4.jpg\" width=\"1920\"\/>Robert Downey Jr. transform\u00f3 el set de \u00abAvengers: Doomsday\u00bb con un exclusivo espacio llamado &#8216;Downey Land&#8217;, donde predomin\u00f3 el arte personalizado y un servicio gastron\u00f3mico de chefs privados (REUTERS\/Instagram)<\/p>\n<p class=\"paragraph\">El ambiente exclusivo que rode\u00f3 a <a href=\"https:\/\/www.infobae.com\/entretenimiento\/2025\/05\/19\/el-consejo-que-mel-gibson-le-dio-a-robert-downey-jr-para-deshacerse-de-sus-problemas-de-adiccion\/\" target=\"_blank\" rel=\"noreferrer nofollow noopener\" title=\"https:\/\/www.infobae.com\/entretenimiento\/2025\/05\/19\/el-consejo-que-mel-gibson-le-dio-a-robert-downey-jr-para-deshacerse-de-sus-problemas-de-adiccion\/\">Robert Downey Jr.<\/a> durante el rodaje de <a href=\"https:\/\/www.infobae.com\/entretenimiento\/2025\/12\/30\/nuevo-teaser-de-avengers-doomsday-muestra-el-regreso-de-chris-hemsworth-como-thor\/\" target=\"_blank\" rel=\"noreferrer nofollow noopener\" title=\"https:\/\/www.infobae.com\/entretenimiento\/2025\/12\/30\/nuevo-teaser-de-avengers-doomsday-muestra-el-regreso-de-chris-hemsworth-como-thor\/\">Avengers: Doomsday<\/a> se convirti\u00f3 en uno de los temas m\u00e1s comentados entre quienes participaron en la producci\u00f3n.<\/p>\n<p class=\"paragraph\"><b>Simu Liu<\/b>, quien interpreta a <b>Shang-Chi<\/b>, detall\u00f3 los lujos que acompa\u00f1aron el regreso de Downey Jr. al set, esta vez en la piel del villano <b>Doctor Doom<\/b>.<\/p>\n<p class=\"paragraph\">Seg\u00fan Liu, el ganador del Oscar dispuso de \u201cun convoy de tr\u00e1ileres y toda una zona en el campamento base que llam\u00e1bamos afectuosamente <b>\u2018Downey Land\u2019<\/b>\u201d.<\/p>\n<p class=\"paragraph\">La primera vez que recibi\u00f3 la invitaci\u00f3n para ingresar a ese espacio, Liu se sorprendi\u00f3 con una decoraci\u00f3n \u00fanica: \u201cMe encontr\u00e9 con un espacio decorado con arte al estilo Andy Warhol, pero todos los personajes eran Downey. Es incre\u00edblemente consciente de s\u00ed mismo\u201d.<\/p>\n<p class=\"paragraph\">La exclusividad tambi\u00e9n se reflejaba en la experiencia gastron\u00f3mica. Liu record\u00f3 que llev\u00f3 su propio almuerzo del set, sin saber que en \u201cDowney Land\u201d exist\u00eda un servicio de chefs privados.<\/p>\n<p><img alt=\"Simu Liu revel\u00f3 detalles in\u00e9ditos\" class=\"global-image\" decoding=\"async\" fetchpriority=\"low\" height=\"2454\" loading=\"lazy\" src=\"https:\/\/www.europesays.com\/es\/wp-content\/uploads\/2025\/12\/CZRWLJZXJJFLZER5LXCUYSA4OM.jpg\" width=\"3680\"\/>Simu Liu revel\u00f3 detalles in\u00e9ditos del entorno de lujo en el rodaje de la pel\u00edcula de Marvel (REUTERS\/Chris J. Ratcliffe)<\/p>\n<p class=\"paragraph\">\u201cNo sab\u00eda que Downey Land ten\u00eda sus propios chefs, pero llev\u00e9 mi almuerzo del set y \u00e9l me dijo: \u2018Oh, no, no, no. No hacemos eso aqu\u00ed\u2019\u201d, relat\u00f3.<\/p>\n<p class=\"paragraph\">Los chefs personales de Downey Jr. sirvieron entonces un buf\u00e9 completo, lo que llev\u00f3 a Liu a guardar su comida. \u201c<b>Los chefs sirvieron todo un banquete <\/b>y pens\u00e9: \u2018Voy a guardar mi comida\u2019\u201d.<\/p>\n<p class=\"paragraph\">Adem\u00e1s, expres\u00f3 su asombro por la compa\u00f1\u00eda presente en ese entorno: \u201cLas personas que pasaban por all\u00ed\u2026 No pod\u00eda creer que estaba almorzando con estas personas\u201d.<\/p>\n<p class=\"paragraph\">A pesar de ese ambiente casi irreal, Liu explic\u00f3 que debi\u00f3 mantener la profesionalidad y dejar a un lado su faceta de admirador. \u201cFue imprescindible para m\u00ed dejar de lado mi parte fan. Deb\u00eda tratar a todos como iguales, aunque por dentro me sent\u00eda como un ni\u00f1o\u201d, confes\u00f3.<\/p>\n<p><img alt=\"El film tiene fecha de\" class=\"global-image\" decoding=\"async\" fetchpriority=\"low\" height=\"1080\" loading=\"lazy\" src=\"https:\/\/www.europesays.com\/es\/wp-content\/uploads\/2025\/12\/I66MEWIQ6BHRBBIBXPBO5VGBRU.jpg\" width=\"1920\"\/>El film tiene fecha de estreno para el 18 de diciembre de 2026 y se posiciona como uno de los eventos cinematogr\u00e1ficos m\u00e1s esperados del a\u00f1o (Marvel Studios)<\/p>\n<p class=\"paragraph\">La nueva entrega de la saga, programada para estrenarse el 18 de diciembre de 2026, gener\u00f3 grandes expectativas debido a la magnitud de su elenco y las novedades de su trama.<\/p>\n<p class=\"paragraph\">El primer adelanto oficial mostr\u00f3 a <b>Steve Rogers<\/b> en una faceta in\u00e9dita, convertido en padre, y confirm\u00f3 el regreso de <b>Chris Evans<\/b> como <b>Capit\u00e1n Am\u00e9rica<\/b>.<\/p>\n<p class=\"paragraph\">La pieza audiovisual, ambientada en una granja, presenta a Rogers llegando en motocicleta, contemplando su antiguo traje y sosteniendo a su hijo, mientras aparece la leyenda: <b>\u201cSteve Rogers regresar\u00e1 en <\/b><b>Avengers: Doomsday<\/b><b>\u201d<\/b>.<\/p>\n<p class=\"paragraph\">El estreno de la secuela fue anunciado como uno de los eventos cinematogr\u00e1ficos m\u00e1s esperados del a\u00f1o, y cada detalle revelado aument\u00f3 la expectativa entre los fan\u00e1ticos. La pel\u00edcula llegar\u00e1 a las salas el <b>18 de diciembre de 2026<\/b>, marcando el regreso de varios personajes emblem\u00e1ticos y la incorporaci\u00f3n de nuevas figuras al universo Marvel.<\/p>\n<p>El primer adelanto oficial muestra a Steve Rogers, ahora padre, y confirma el regreso de Chris Evans como Capit\u00e1n Am\u00e9rica en una faceta in\u00e9dita (Marvel Studios)<\/p>\n<p class=\"paragraph\">El reparto reuni\u00f3 a figuras clave del universo Marvel y del mundo de los X-Men, incluyendo a <b>Chris Hemsworth<\/b>, <b>Florence Pugh<\/b>, <b>Tom Hiddleston<\/b>, <b>Patrick Stewart<\/b>, <b>Ian McKellen<\/b>, <b>Alan Cumming<\/b>,<b> Rebecca Romijn, James Marsden, Channing Tatum, Pedro Pascal y Vanessa Kirby<\/b>, entre otros.<\/p>\n<p class=\"paragraph\">Una de las mayores sorpresas fue la transformaci\u00f3n de <b>Robert Downey Jr.<\/b>, quien interpretar\u00e1 a <b>Doctor Doom<\/b>, dejando atr\u00e1s su papel de Tony Stark. Este giro gener\u00f3 debate y curiosidad sobre c\u00f3mo afectar\u00e1 la din\u00e1mica entre h\u00e9roes y villanos, y cu\u00e1l ser\u00e1 el impacto de su personaje en la narrativa central de la pel\u00edcula.<\/p>\n<p class=\"paragraph\">El regreso de <b>Chris Evans<\/b> como <b>Steve Rogers<\/b> tambi\u00e9n motiv\u00f3 especulaci\u00f3n. En el avance, Rogers aparece como padre de un reci\u00e9n nacido, lo que abri\u00f3 interrogantes respecto a su l\u00ednea temporal y si su personaje es el mismo que apareci\u00f3 en anteriores entregas o si se trata de una variante surgida del multiverso.<\/p>\n<p class=\"paragraph\">La direcci\u00f3n qued\u00f3 en manos de <b>Joe y Anthony Russo<\/b>, responsables de otras entregas emblem\u00e1ticas de la franquicia. El guion y la narrativa de <b>Avengers: Doomsday<\/b> permanecen en secreto.<\/p>\n","protected":false},"excerpt":{"rendered":"Robert Downey Jr. transform\u00f3 el set de \u00abAvengers: Doomsday\u00bb con un exclusivo espacio llamado &#8216;Downey Land&#8217;, donde predomin\u00f3&hellip;\n","protected":false},"author":2,"featured_media":316088,"comment_status":"","ping_status":"","sticky":false,"template":"","format":"standard","meta":{"footnotes":""},"categories":[169],"tags":[3118,177,146,147,25,24,406,176,8536,175,23],"class_list":{"0":"post-316087","1":"post","2":"type-post","3":"status-publish","4":"format-standard","5":"has-post-thumbnail","7":"category-cine","8":"tag-arts-culture-entertainment","9":"tag-cine","10":"tag-entertainment","11":"tag-entretenimiento","12":"tag-es","13":"tag-espana","14":"tag-europe","15":"tag-film","16":"tag-london","17":"tag-movies","18":"tag-spain"},"share_on_mastodon":{"url":"https:\/\/pubeurope.com\/@es\/115815717666811294","error":""},"_links":{"self":[{"href":"https:\/\/www.europesays.com\/es\/wp-json\/wp\/v2\/posts\/316087","targetHints":{"allow":["GET"]}}],"collection":[{"href":"https:\/\/www.europesays.com\/es\/wp-json\/wp\/v2\/posts"}],"about":[{"href":"https:\/\/www.europesays.com\/es\/wp-json\/wp\/v2\/types\/post"}],"author":[{"embeddable":true,"href":"https:\/\/www.europesays.com\/es\/wp-json\/wp\/v2\/users\/2"}],"replies":[{"embeddable":true,"href":"https:\/\/www.europesays.com\/es\/wp-json\/wp\/v2\/comments?post=316087"}],"version-history":[{"count":0,"href":"https:\/\/www.europesays.com\/es\/wp-json\/wp\/v2\/posts\/316087\/revisions"}],"wp:featuredmedia":[{"embeddable":true,"href":"https:\/\/www.europesays.com\/es\/wp-json\/wp\/v2\/media\/316088"}],"wp:attachment":[{"href":"https:\/\/www.europesays.com\/es\/wp-json\/wp\/v2\/media?parent=316087"}],"wp:term":[{"taxonomy":"category","embeddable":true,"href":"https:\/\/www.europesays.com\/es\/wp-json\/wp\/v2\/categories?post=316087"},{"taxonomy":"post_tag","embeddable":true,"href":"https:\/\/www.europesays.com\/es\/wp-json\/wp\/v2\/tags?post=316087"}],"curies":[{"name":"wp","href":"https:\/\/api.w.org\/{rel}","templated":true}]}}