{"id":316091,"date":"2025-12-31T19:00:19","date_gmt":"2025-12-31T19:00:19","guid":{"rendered":"https:\/\/www.europesays.com\/es\/316091\/"},"modified":"2025-12-31T19:00:19","modified_gmt":"2025-12-31T19:00:19","slug":"la-vacunacion-antigripal-reduce-la-mortalidad-por-infecciones-bacterianas-secundarias","status":"publish","type":"post","link":"https:\/\/www.europesays.com\/es\/316091\/","title":{"rendered":"La vacunaci\u00f3n antigripal reduce la mortalidad por infecciones bacterianas secundarias"},"content":{"rendered":"<p class=\"mostrar_fragmento\">Investigadores del Icahn School of Medicine at Mount Sinai (EE.UU.), junto con grupos de investigaci\u00f3n del CEU y del Instituto de Salud Carlos III (ISCIII), han demostrado en un modelo precl\u00ednico de rat\u00f3n que la vacunaci\u00f3n contra la gripe no solo protege frente al virus, sino que tambi\u00e9n modula la &#8230;            &#13;\n        <\/p>\n<p> &#13;<\/p>\n<p>Investigadores del Icahn School of Medicine at Mount Sinai (EE.UU.), junto con grupos de investigaci\u00f3n del CEU y del Instituto de Salud Carlos III (ISCIII), han demostrado en un modelo precl\u00ednico de rat\u00f3n que <strong>la vacunaci\u00f3n contra la gripe no solo protege frente al virus, sino que tambi\u00e9n modula la respuesta inmune para reducir la mortalidad asociada a infecciones bacterianas secundarias<\/strong>. Este trabajo, publicado en <strong>Journal of Virology<\/strong>, profundiza en mecanismos que podr\u00edan ser relevantes para la salud humana.<\/p>\n<p>Las infecciones bacterianas secundarias, como las causadas por Streptococcus pneumoniae, son una de las principales causas de complicaciones graves y muerte durante epidemias anuales de gripe en personas de riesgo -como mayores y pacientes inmunodeprimidos-. Los resultados de este estudio abren la puerta a nuevo conocimiento para la salud humana, ya que pueden ayudar a comprender c\u00f3mo las coinfecciones bacterianas asociadas a la gripe agravan la enfermedad, y c\u00f3mo la vacunaci\u00f3n puede mitigar ese riesgo.<\/p>\n<p>El estudio, cuyos primeros autores son <strong>Juan Garc\u00eda-Bernalt Diego<\/strong> y <strong>Javier Arranz-Herrero<\/strong>, ha sido coordinado desde EE. UU. por <strong>Michael Schotsaert<\/strong> y apoyado por los grupos de Virolog\u00eda e Inmunidad Innata del CEU, liderados por <strong>Estanislao Nistal Vill\u00e1n<\/strong>, y del ISCIII, dirigidos por <strong>Jordi Ochando<\/strong>. Un estudio que contin\u00faa la misi\u00f3n de comprender por qu\u00e9 estas coinfecciones agravan la enfermedad y c\u00f3mo la vacunaci\u00f3n puede mitigar ese riesgo.<\/p>\n<p><strong>Principales hallazgos en el modelo murino<\/strong><\/p>\n<p> &#13;<\/p>\n<ul>\n<li>Una sola dosis de la vacuna trivalente inactivada frente a virus influenza (TIV) redujo la mortalidad en coinfecciones simult\u00e1neas de virus y bacteria del 50% al 15% y en super-infecciones (infecci\u00f3n bacteriana una semana posterior a la infecci\u00f3n viral) del 100% al 50%.<\/li>\n<li>La vacunaci\u00f3n disminuy\u00f3 las cargas virales y bacterianas, control\u00f3 la inflamaci\u00f3n pulmonar y evit\u00f3 la p\u00e9rdida masiva de macr\u00f3fagos alveolares.<\/li>\n<li>Se observ\u00f3 reducci\u00f3n en la infiltraci\u00f3n de neutr\u00f3filos y una modulaci\u00f3n de su activaci\u00f3n, junto con un aumento de eosin\u00f3filos, lo que sugiere una inflamaci\u00f3n m\u00e1s controlada que la asociada a los animales no vacunados.<\/li>\n<li>La vacuna redujo la producci\u00f3n de citocinas proinflamatorias y favoreci\u00f3 una respuesta humoral m\u00e1s equilibrada en los animales vacunados coinfectados en comparaci\u00f3n con los no vacunados coinfectados.<\/li>\n<\/ul>\n<p><strong>Implicaciones<\/strong><\/p>\n<p>Aunque se trata de un modelo en rat\u00f3n, los resultados aportan informaci\u00f3n traslacional sobre c\u00f3mo la vacunaci\u00f3n antigripal podr\u00eda reducir complicaciones bacterianas en humanos, reforzando su papel como herramienta preventiva clave. \u00abEl estudio es otra demostraci\u00f3n de la necesidad de entender c\u00f3mo funciona la inmunidad entrenada para controlar la memoria del sistema inmune innato\u00bb, comenta Jordi Ochando.<\/p>\n<p>\u00abNuestro objetivo es entender por qu\u00e9 la gripe abre la puerta a infecciones bacterianas letales y c\u00f3mo la vacunaci\u00f3n puede cambiar este escenario. Incluso una dosis sub\u00f3ptima de la vacuna puede marcar la diferencia en la supervivencia\u00bb, explica Michael Schotsaert. Adem\u00e1s, a\u00f1ade Estanislao Nistal Vill\u00e1n,\u00bblas infecciones por distintos pat\u00f3genos pueden exacerbar la respuesta inmunitaria frente a infecciones y la vacunaci\u00f3n frente a la gripe puede servir para controlar mejor la respuesta exacerbada durante coinfecciones asociadas a la gripe\u00bb.<\/p>\n<p>&#13;<br \/>\n            SEGUIR LEYENDO&#13;\n        <\/p>\n","protected":false},"excerpt":{"rendered":"Investigadores del Icahn School of Medicine at Mount Sinai (EE.UU.), junto con grupos de investigaci\u00f3n del CEU y&hellip;\n","protected":false},"author":2,"featured_media":316092,"comment_status":"","ping_status":"","sticky":false,"template":"","format":"standard","meta":{"footnotes":""},"categories":[92],"tags":[7785,56459,11691,32748,32115,415,8679,6365,73929,7779,25,24,1292,7749,165,16745,2218,17363,18487,61,10237,33075,11238,2860,31998,847,2599,33756,8873,11648,3385,8013,885,1738,166,73928,23,8177,7589,71853,2275],"class_list":{"0":"post-316091","1":"post","2":"type-post","3":"status-publish","4":"format-standard","5":"has-post-thumbnail","7":"category-salud","8":"tag-alla","9":"tag-antigripal","10":"tag-aportan","11":"tag-asociada","12":"tag-bacterianas","13":"tag-carlos","14":"tag-ceu","15":"tag-claves","16":"tag-coinfecciones","17":"tag-demuestra","18":"tag-es","19":"tag-espana","20":"tag-estudio","21":"tag-gripe","22":"tag-health","23":"tag-iii","24":"tag-infecciones","25":"tag-inmune","26":"tag-instituto","27":"tag-internacional","28":"tag-journal","29":"tag-modula","30":"tag-mortalidad","31":"tag-nuevas","32":"tag-of","33":"tag-papel","34":"tag-participacion","35":"tag-preventivo","36":"tag-propio","37":"tag-publicados","38":"tag-reduce","39":"tag-respuesta","40":"tag-resultados","41":"tag-revista","42":"tag-salud","43":"tag-secundarias","44":"tag-spain","45":"tag-vacuna","46":"tag-vacunacion","47":"tag-virology","48":"tag-virus"},"share_on_mastodon":{"url":"https:\/\/pubeurope.com\/@es\/115815725464125081","error":""},"_links":{"self":[{"href":"https:\/\/www.europesays.com\/es\/wp-json\/wp\/v2\/posts\/316091","targetHints":{"allow":["GET"]}}],"collection":[{"href":"https:\/\/www.europesays.com\/es\/wp-json\/wp\/v2\/posts"}],"about":[{"href":"https:\/\/www.europesays.com\/es\/wp-json\/wp\/v2\/types\/post"}],"author":[{"embeddable":true,"href":"https:\/\/www.europesays.com\/es\/wp-json\/wp\/v2\/users\/2"}],"replies":[{"embeddable":true,"href":"https:\/\/www.europesays.com\/es\/wp-json\/wp\/v2\/comments?post=316091"}],"version-history":[{"count":0,"href":"https:\/\/www.europesays.com\/es\/wp-json\/wp\/v2\/posts\/316091\/revisions"}],"wp:featuredmedia":[{"embeddable":true,"href":"https:\/\/www.europesays.com\/es\/wp-json\/wp\/v2\/media\/316092"}],"wp:attachment":[{"href":"https:\/\/www.europesays.com\/es\/wp-json\/wp\/v2\/media?parent=316091"}],"wp:term":[{"taxonomy":"category","embeddable":true,"href":"https:\/\/www.europesays.com\/es\/wp-json\/wp\/v2\/categories?post=316091"},{"taxonomy":"post_tag","embeddable":true,"href":"https:\/\/www.europesays.com\/es\/wp-json\/wp\/v2\/tags?post=316091"}],"curies":[{"name":"wp","href":"https:\/\/api.w.org\/{rel}","templated":true}]}}