{"id":316095,"date":"2025-12-31T19:02:12","date_gmt":"2025-12-31T19:02:12","guid":{"rendered":"https:\/\/www.europesays.com\/es\/316095\/"},"modified":"2025-12-31T19:02:12","modified_gmt":"2025-12-31T19:02:12","slug":"estudian-una-incubadora-cosmica-y-por-primera-vez-podemos-ver-como-nacen-las-estrellas","status":"publish","type":"post","link":"https:\/\/www.europesays.com\/es\/316095\/","title":{"rendered":"Estudian una incubadora c\u00f3smica y por primera vez podemos ver c\u00f3mo nacen las estrellas"},"content":{"rendered":"<p class=\"description\"><b>Especial Navidad<\/b>: Suscr\u00edbete hoy a National Geographic por solo <b>1\u20ac\/mes<\/b>. \u00a1\u00daltima oportunidad al -75%!<\/p>\n<p class=\"description\"><b>\u00a1NOVEDAD!<\/b> Ya disponible la edici\u00f3n especial <b>El cerebro infantil<\/b> de la colecci\u00f3n Los Secretos del Cerebro de National Geographic.<\/p>\n<p>M\u00e1s all\u00e1 de las figuras familiares de Ori\u00f3n, Sirio y Betelgeuse, alz\u00e1ndose con discreci\u00f3n en el noreste, yace una regi\u00f3n aparentemente serena del cosmos: <strong>la constelaci\u00f3n de Perseo<\/strong>. All\u00ed, en el silencio de los abismos estelares, ocurre algo prodigioso. A simple vista invisible, pero colosal en importancia, se encuentra la nebulosa NGC 1333, una incubadora c\u00f3smica donde nacen nuevas estrellas con una fuerza que desaf\u00eda la comprensi\u00f3n.<\/p>\n<p dir=\"ltr\">Apodada la <strong>Nebulosa del Embri\u00f3n<\/strong>, NGC 1333 no es una nebulosa cualquiera: es una nebulosa de reflexi\u00f3n, una inmensa nube de gas y polvo que refleja la intensa luz de estrellas reci\u00e9n formadas. Es una de las regiones de formaci\u00f3n estelar m\u00e1s cercanas a nuestro sistema solar y, por tanto, una ventana privilegiada para desentra\u00f1ar los secretos del nacimiento estelar.\u00a0<\/p>\n<p dir=\"ltr\">Dentro de esta cuna c\u00f3smica, un joven astro llamado SVS 13 ha revelado un espect\u00e1culo de proporciones \u00e9picas: m\u00e1s de 400 anillos moleculares en forma de arco, fin\u00edsimos y sim\u00e9tricos, han sido detectados g<a href=\"https:\/\/public.nrao.edu\/news\/nsf-vla-and-alma-reveal-time-stamps-of-star-birth\/\" rel=\"nofollow noopener\" target=\"_blank\">racias al poder de observaci\u00f3n del telescopio ALMA en Chile<\/a>. Estas estructuras, que semejan las huellas de un coraz\u00f3n latiendo en el vac\u00edo, <strong>marcan la confirmaci\u00f3n de una teor\u00eda que llevaba tres d\u00e9cadas esperando ser validada<\/strong>.<\/p>\n<p dir=\"ltr\">\n&#13;<img decoding=\"async\" src=\"https:\/\/www.europesays.com\/es\/wp-content\/uploads\/2025\/12\/un-agujero-negro-supermasivo-desgarrando-una-estrella_ab373019_272899115_251223135005_800x800.webp.webp\" alt=\"Un agujero negro supermasivo desgarrando una estrella\" class=\"image lazyload\"\/><\/p>\n<p dir=\"ltr\">Cada uno de estos anillos representa el eco de una erupci\u00f3n energ\u00e9tica, como si el propio universo respirara a trav\u00e9s de sus estrellas. Este descubrimiento, <a href=\"https:\/\/www.nature.com\/articles\/s41550-025-02716-2\" rel=\"nofollow noopener\" target=\"_blank\">publicado en Nature Astronomy<\/a>, constituye la primera prueba observacional directa de c\u00f3mo una estrella en formaci\u00f3n no solo absorbe materia de su entorno, <strong>sino que tambi\u00e9n la expulsa con violentas sacudidas peri\u00f3dicas<\/strong>.<\/p>\n<p dir=\"ltr\">\u00a0<\/p>\n<p><img loading=\"lazy\" decoding=\"async\"   src=\"https:\/\/www.europesays.com\/es\/wp-content\/uploads\/2025\/12\/svs-13_2ba64903_251230162651_800x663.webp.webp\" alt=\"SVS 13\" class=\"lazyload\" width=\"800\" height=\"663\" data-aspectratio=\"800\/663\"\/>&#13;Guillermo Bl\u00e1zquez-Calero, Mayra Osorio, Guillem Anglada. ESA\/Hubble &amp; NASA\/Karl Stapelfeldt.<\/p>\n<p>Una imagen tomogr\u00e1fica de ALMA revela c\u00f3mo el chorro protoestelar supers\u00f3nico de SVS 13 interact\u00faa con el medio ambiente circundante.<\/p>\n<p dir=\"ltr\"><strong>Los anillos se organizan como los c\u00edrculos de un tronco de \u00e1rbol, testigos de una historia ancestral escrita en gas y luz<\/strong>. El m\u00e1s reciente de estos anillos coincide exactamente con una explosi\u00f3n de actividad estelar registrada en la d\u00e9cada de 1990, ofreciendo una conexi\u00f3n sin precedentes entre una observaci\u00f3n del pasado y su evidencia estructural en el presente.<\/p>\n<p>Una visi\u00f3n tridimensional<\/p>\n<p dir=\"ltr\">El fen\u00f3meno observado en SVS 13 no es solo una curiosidad c\u00f3smica: <strong>es una revoluci\u00f3n para la astrof\u00edsica<\/strong>. Gracias a la visi\u00f3n tridimensional capturada por ALMA, los cient\u00edficos pudieron seguir el rastro del chorro de materia expulsado por la estrella y comprobar que estas eyecciones se producen con sorprendente regularidad.\u00a0<\/p>\n<p dir=\"ltr\">Hasta ahora, los modelos te\u00f3ricos preve\u00edan este tipo de comportamiento, pero jam\u00e1s se hab\u00eda observado con tal nivel de detalle. La energ\u00eda liberada en cada erupci\u00f3n es colosal, y se cree que est\u00e1 vinculada a procesos de acreci\u00f3n: <strong>cuando grandes cantidades de gas caen sobre la estrella en formaci\u00f3n, se produce un desequilibrio que desata estos violentos estallidos<\/strong>.<\/p>\n<p>Implicaciones<\/p>\n<p dir=\"ltr\">Para los astr\u00f3nomos, este hallazgo supone abrir un nuevo cap\u00edtulo en la historia del universo joven. Porque la importancia de este descubrimiento va m\u00e1s all\u00e1 de SVS 13. Al confirmar este patr\u00f3n c\u00edclico de alimentaci\u00f3n y expulsi\u00f3n, <strong>se refuerza la idea de que muchos sistemas estelares podr\u00edan experimentar etapas semejantes durante su formaci\u00f3n<\/strong>.\u00a0<\/p>\n<p dir=\"ltr\">\n&#13;<img decoding=\"async\" src=\"https:\/\/www.europesays.com\/es\/wp-content\/uploads\/2025\/12\/un-agujero-negro-supermasivo-desgarrando-una-estrella_ab373019_272899115_251106093454_800x800.webp.webp\" alt=\"Un agujero negro supermasivo desgarrando una estrella\" class=\"image lazyload\"\/><\/p>\n<p dir=\"ltr\">Este conocimiento no solo afecta nuestra comprensi\u00f3n del desarrollo estelar, <strong>sino que tambi\u00e9n proporciona pistas sobre c\u00f3mo se forman y evolucionan los planetas que orbitan estas estrellas<\/strong>. Si las erupciones de materia afectan el entorno cercano de la estrella, es probable que influyan directamente en la formaci\u00f3n de discos protoplanetarios, es decir, los or\u00edgenes de futuros mundos.<\/p>\n<p dir=\"ltr\">As\u00ed, <strong>el cosmos nos ha entregado una nueva clave, grabada en anillos et\u00e9reos de mol\u00e9culas y viento estelar<\/strong>. Bajo el manto negro del cielo invernal, Perseo ya no ser\u00e1 simplemente una constelaci\u00f3n olvidada: ser\u00e1 recordado como el guardi\u00e1n de una verdad antigua y profunda, aquella que nos recuerda que incluso las estrellas m\u00e1s j\u00f3venes llevan consigo las cicatrices del tiempo.<\/p>\n","protected":false},"excerpt":{"rendered":"Especial Navidad: Suscr\u00edbete hoy a National Geographic por solo 1\u20ac\/mes. \u00a1\u00daltima oportunidad al -75%! \u00a1NOVEDAD! Ya disponible la&hellip;\n","protected":false},"author":2,"featured_media":316096,"comment_status":"","ping_status":"","sticky":false,"template":"","format":"standard","meta":{"footnotes":""},"categories":[81],"tags":[119,123,124,25,24,1408,448,1407,1409,117,121,122,23,118,120,226],"class_list":{"0":"post-316095","1":"post","2":"type-post","3":"status-publish","4":"format-standard","5":"has-post-thumbnail","7":"category-ciencia-y-tecnologia","8":"tag-ciencia","9":"tag-ciencia-y-tecnologia","10":"tag-cienciaytecnologia","11":"tag-es","12":"tag-espana","13":"tag-geographic","14":"tag-historia","15":"tag-national","16":"tag-naturaleza","17":"tag-science","18":"tag-science-and-technology","19":"tag-scienceandtechnology","20":"tag-spain","21":"tag-technology","22":"tag-tecnologia","23":"tag-viajes"},"share_on_mastodon":{"url":"https:\/\/pubeurope.com\/@es\/115815733449139796","error":""},"_links":{"self":[{"href":"https:\/\/www.europesays.com\/es\/wp-json\/wp\/v2\/posts\/316095","targetHints":{"allow":["GET"]}}],"collection":[{"href":"https:\/\/www.europesays.com\/es\/wp-json\/wp\/v2\/posts"}],"about":[{"href":"https:\/\/www.europesays.com\/es\/wp-json\/wp\/v2\/types\/post"}],"author":[{"embeddable":true,"href":"https:\/\/www.europesays.com\/es\/wp-json\/wp\/v2\/users\/2"}],"replies":[{"embeddable":true,"href":"https:\/\/www.europesays.com\/es\/wp-json\/wp\/v2\/comments?post=316095"}],"version-history":[{"count":0,"href":"https:\/\/www.europesays.com\/es\/wp-json\/wp\/v2\/posts\/316095\/revisions"}],"wp:featuredmedia":[{"embeddable":true,"href":"https:\/\/www.europesays.com\/es\/wp-json\/wp\/v2\/media\/316096"}],"wp:attachment":[{"href":"https:\/\/www.europesays.com\/es\/wp-json\/wp\/v2\/media?parent=316095"}],"wp:term":[{"taxonomy":"category","embeddable":true,"href":"https:\/\/www.europesays.com\/es\/wp-json\/wp\/v2\/categories?post=316095"},{"taxonomy":"post_tag","embeddable":true,"href":"https:\/\/www.europesays.com\/es\/wp-json\/wp\/v2\/tags?post=316095"}],"curies":[{"name":"wp","href":"https:\/\/api.w.org\/{rel}","templated":true}]}}