{"id":316103,"date":"2025-12-31T19:06:12","date_gmt":"2025-12-31T19:06:12","guid":{"rendered":"https:\/\/www.europesays.com\/es\/316103\/"},"modified":"2025-12-31T19:06:12","modified_gmt":"2025-12-31T19:06:12","slug":"francia-y-alemania-aplazan-indefinidamente-el-proyecto-de-caza-de-ultima-generacion-europeo-en-el-que-participa-espana","status":"publish","type":"post","link":"https:\/\/www.europesays.com\/es\/316103\/","title":{"rendered":"Francia y Alemania aplazan indefinidamente el proyecto de caza de \u00faltima generaci\u00f3n europeo en el que participa Espa\u00f1a"},"content":{"rendered":"<p class=\"c-paragraph\">Alemania y Francia han pospuesto de forma indefinida la continuaci\u00f3n <b>del proyecto FCAS (Future Combat Air System) <\/b>para desarrollar un caza de combate de \u00faltima generaci\u00f3n, en el que tambi\u00e9n participa Espa\u00f1a y que est\u00e1 considerado como el proyecto de defensa europeo m\u00e1s ambicioso, con una inversi\u00f3n de m\u00e1s de 100.000 millones de euros.<\/p>\n<p class=\"c-paragraph\">El canciller alem\u00e1n, Friedrich Merz, y el presidente franc\u00e9s, Emmanuel Macron, se hab\u00edan propuesto resolver las diferencias sobre el programa FCAS antes de finalizar el a\u00f1o, pero tras aplazar una reuni\u00f3n ministerial franco-alemana a finales de agosto,<b> ambos ejecutivos han vuelto a aplazar la cita<\/b>, esta vez de forma indefinida, seg\u00fan han adelantado medios como el Frankfurter Allgemeine. En esta reuni\u00f3n prevista para diciembre tambi\u00e9n iba a participar Pedro S\u00e1nchez.<\/p>\n<p class=\"c-paragraph\">\u00abLa amplia agenda franco-alemana en materia de pol\u00edtica exterior y de seguridad <b>no ha permitido abordar el tema<\/b> de un avi\u00f3n de combate conjunto a nivel del presidente y el canciller. No podemos dar una nueva fecha para una decisi\u00f3n en este momento\u00bb, ha indicado un portavoz del ejecutivo alem\u00e1n en el citado medio.\u00a0<\/p>\n<p class=\"c-paragraph\">El sistema de combate a\u00e9reo FCAS va m\u00e1s all\u00e1 de un caza de \u00faltima generaci\u00f3n porque tambi\u00e9n contempla que sea capaz de volar con un escuadr\u00f3n de drones semiaut\u00f3nomos a su lado. El objetivo inicial era que estos nuevos cazas <b>comenzaran a sustituir en 2040 a los Eurofighter<\/b>, que actualmente utilizan las fuerzas armadas alemana y espa\u00f1ola, y tambi\u00e9n a los Rafale franceses.<\/p>\n<p class=\"c-paragraph\">Seg\u00fan el peri\u00f3dico alem\u00e1n, las negociaciones se est\u00e1n alargando, fundamentalmente por las diferencias sobre la participaci\u00f3n de las empresas\u00a0<b>Dassault (Francia), Airbus Alemania e Indra (Espa\u00f1a)<\/b>. El\u00a0Frankfurter Allgemeine\u00a0indica que Dassault pretende adquirir el 80% del proyecto, pero Alemania se opone y exige que se respeten los acuerdos vigentes, seg\u00fan los cuales las empresas deben tener participaciones equitativas.<\/p>\n","protected":false},"excerpt":{"rendered":"Alemania y Francia han pospuesto de forma indefinida la continuaci\u00f3n del proyecto FCAS (Future Combat Air System) para&hellip;\n","protected":false},"author":2,"featured_media":316104,"comment_status":"","ping_status":"","sticky":false,"template":"","format":"standard","meta":{"footnotes":""},"categories":[5],"tags":[1660,73945,17,18,25,24,13,14,317,11,73946,19,20,9,10,15,16,5568,23,12,21,22],"class_list":{"0":"post-316103","1":"post","2":"type-post","3":"status-publish","4":"format-standard","5":"has-post-thumbnail","7":"category-titulares","8":"tag-alemania","9":"tag-aplazan","10":"tag-breaking-news","11":"tag-breakingnews","12":"tag-es","13":"tag-espana","14":"tag-featured-news","15":"tag-featurednews","16":"tag-francia","17":"tag-headlines","18":"tag-indefinidamente","19":"tag-latest-news","20":"tag-latestnews","21":"tag-news","22":"tag-noticias","23":"tag-noticias-destacadas","24":"tag-noticiasdestacadas","25":"tag-proyecto","26":"tag-spain","27":"tag-titulares","28":"tag-ultimas-noticias","29":"tag-ultimasnoticias"},"share_on_mastodon":{"url":"https:\/\/pubeurope.com\/@es\/115815748916476180","error":""},"_links":{"self":[{"href":"https:\/\/www.europesays.com\/es\/wp-json\/wp\/v2\/posts\/316103","targetHints":{"allow":["GET"]}}],"collection":[{"href":"https:\/\/www.europesays.com\/es\/wp-json\/wp\/v2\/posts"}],"about":[{"href":"https:\/\/www.europesays.com\/es\/wp-json\/wp\/v2\/types\/post"}],"author":[{"embeddable":true,"href":"https:\/\/www.europesays.com\/es\/wp-json\/wp\/v2\/users\/2"}],"replies":[{"embeddable":true,"href":"https:\/\/www.europesays.com\/es\/wp-json\/wp\/v2\/comments?post=316103"}],"version-history":[{"count":0,"href":"https:\/\/www.europesays.com\/es\/wp-json\/wp\/v2\/posts\/316103\/revisions"}],"wp:featuredmedia":[{"embeddable":true,"href":"https:\/\/www.europesays.com\/es\/wp-json\/wp\/v2\/media\/316104"}],"wp:attachment":[{"href":"https:\/\/www.europesays.com\/es\/wp-json\/wp\/v2\/media?parent=316103"}],"wp:term":[{"taxonomy":"category","embeddable":true,"href":"https:\/\/www.europesays.com\/es\/wp-json\/wp\/v2\/categories?post=316103"},{"taxonomy":"post_tag","embeddable":true,"href":"https:\/\/www.europesays.com\/es\/wp-json\/wp\/v2\/tags?post=316103"}],"curies":[{"name":"wp","href":"https:\/\/api.w.org\/{rel}","templated":true}]}}