{"id":316105,"date":"2025-12-31T19:11:18","date_gmt":"2025-12-31T19:11:18","guid":{"rendered":"https:\/\/www.europesays.com\/es\/316105\/"},"modified":"2025-12-31T19:11:18","modified_gmt":"2025-12-31T19:11:18","slug":"djokovic-revelo-el-motivo-por-el-que-sigue-jugando-al-tenis-y-lo-que-le-genero-el-retiro-de-federer-y-nadal","status":"publish","type":"post","link":"https:\/\/www.europesays.com\/es\/316105\/","title":{"rendered":"Djokovic revel\u00f3 el motivo por el que sigue jugando al tenis y lo que le gener\u00f3 el retiro de Federer y Nadal"},"content":{"rendered":"<p>30  de  dic, 2025, 12:28 ET<\/p>\n<p>Lejos de una cancha de tenis pero siempre cerca del deporte, <strong>Novak Djokovic<\/strong> dijo presente en la Cumbre Mundial de Deportes en Dubai. El ex N\u00b01 del mundo, que ya se est\u00e1 preparando para afrontar una nueva temporada en el circuito profesional, <strong>relat\u00f3 el momento que lo catapult\u00f3 al nivel de Roger Federer y Rafael Nadal, adem\u00e1s de revelar el motivo por el que sigue jugando y lo que le gener\u00f3 el retiro de sus dos m\u00e1ximos rivales. <\/strong><\/p>\n<p><img class=\" lazyload lazyload\" data-image-container=\".inline-photo\" height=\"320\" width=\"570\"\/>Novak Djokovic estuvo en la Cumbre Mundial de Deportes en Dubai, donde habl\u00f3 de su carrera, su rivalidad con Federer y Nadal y su futuro en el tenis.\u00a0Getty<\/p>\n<p><strong>\u00abLa vida es un hermoso viaje y creo que todos tenemos historias \u00fanicas que contar, y no necesitamos copiar a nadie m\u00e1s. Hablo as\u00ed porque pas\u00e9 por mis propias experiencias en las que intent\u00e9 ser otra persona cuando estaba triunfando en el circuito. Intent\u00e9 ser simp\u00e1tico. Hac\u00eda imitaciones, que me parecen divertidas. Siempre las hac\u00eda. La gente no me aceptaba como un tercero\u00bb<\/strong> comenz\u00f3 relatando el m\u00e1ximo ganador de torneos de Grand Slam.<\/p>\n<p>Selecciones Editoriales<\/p>\n<p>2 Relacionado<\/p>\n<p><strong>\u00abLa era de Federer y Nadal fue muy intensa en su rivalidad y no hab\u00eda espacio para un tercero. Pero yo hice espacio, cre\u00e9 espacio. Y fue incre\u00edble, el &#8216;Big 3&#8217; y la era dorada que creamos\u00bb<\/strong> manifest\u00f3 <strong>Djokovic<\/strong>, quien irrumpi\u00f3 con fuerza en este d\u00fao para transformarlo en el tr\u00edo m\u00e1s exitoso de la historia del deporte tras su primera conquista en un major, en el Australian Open 2008.<\/p>\n<p>Con el suizo y el espa\u00f1ol mantuvo una rivalidad de casi dos d\u00e9cadas, con los que no solo se impuls\u00f3 \u00e9l mismo, sino que catapult\u00f3 al tenis a otro nivel. Es por eso que cuando ellos colgaron la raqueta, Nole lo vivi\u00f3 con mucha particularidad: <strong>\u00abSiento que cuando se retiraron, una parte de m\u00ed tambi\u00e9n se fue. As\u00ed que tuve que reinventarme, buscar nuevas inspiraciones. Y la raz\u00f3n por la que sigo adelante es tambi\u00e9n para ver hasta d\u00f3nde puedo superar mis propios l\u00edmites, trazando mi propio camino\u00bb. <\/strong><\/p>\n<p>Dentro de esas nuevas inspiraciones est\u00e1 el motivo por el cual sigue jugando profesionalmente, a sus 38 a\u00f1os: <strong>\u00abQuiero seguir adelante. Los Juegos Ol\u00edmpicos de Los \u00c1ngeles 2028 son como una gu\u00eda, pero, sinceramente, no hay l\u00edmites. As\u00ed que, veamos. Sigamos adelante\u00bb. <\/strong><\/p>\n<p>Por eso es que su retiro, dice, lo trata con cierta peculiaridad y no se apresura a dar una fecha exacta: <strong>\u00abA la gente le encanta hablar y especular sobre el retiro, porque, bueno, a la gente le encanta hablar. Pero al final, siento que sigo contribuyendo al crecimiento del tenis. Es un trabajo maravilloso\u00bb. <\/strong><\/p>\n<p><strong>Carlos Alcaraz <\/strong>y <strong>Jannik Sinner<\/strong>, claro est\u00e1, son parte de esta motivaci\u00f3n extra para que <strong>Djokovic <\/strong>siga jugando: <strong>\u00abSiento que tambi\u00e9n hay un cambio en el tenis del que quiero formar parte. As\u00ed que, s\u00ed, sigo bien. Tengo ganas de m\u00e1s. Los j\u00f3venes est\u00e1n ah\u00ed. Claro que son geniales. Me encanta ver c\u00f3mo van y vienen las generaciones. Sigo ah\u00ed, as\u00ed que me encanta observar\u00bb. <\/strong><\/p>\n","protected":false},"excerpt":{"rendered":"30 de dic, 2025, 12:28 ET Lejos de una cancha de tenis pero siempre cerca del deporte, Novak&hellip;\n","protected":false},"author":2,"featured_media":316106,"comment_status":"","ping_status":"","sticky":false,"template":"","format":"standard","meta":{"footnotes":""},"categories":[274],"tags":[168,25,24,23,167,327,326],"class_list":{"0":"post-316105","1":"post","2":"type-post","3":"status-publish","4":"format-standard","5":"has-post-thumbnail","7":"category-tenis","8":"tag-deportes","9":"tag-es","10":"tag-espana","11":"tag-spain","12":"tag-sports","13":"tag-tenis","14":"tag-tennis"},"share_on_mastodon":{"url":"https:\/\/pubeurope.com\/@es\/115815768532956493","error":""},"_links":{"self":[{"href":"https:\/\/www.europesays.com\/es\/wp-json\/wp\/v2\/posts\/316105","targetHints":{"allow":["GET"]}}],"collection":[{"href":"https:\/\/www.europesays.com\/es\/wp-json\/wp\/v2\/posts"}],"about":[{"href":"https:\/\/www.europesays.com\/es\/wp-json\/wp\/v2\/types\/post"}],"author":[{"embeddable":true,"href":"https:\/\/www.europesays.com\/es\/wp-json\/wp\/v2\/users\/2"}],"replies":[{"embeddable":true,"href":"https:\/\/www.europesays.com\/es\/wp-json\/wp\/v2\/comments?post=316105"}],"version-history":[{"count":0,"href":"https:\/\/www.europesays.com\/es\/wp-json\/wp\/v2\/posts\/316105\/revisions"}],"wp:featuredmedia":[{"embeddable":true,"href":"https:\/\/www.europesays.com\/es\/wp-json\/wp\/v2\/media\/316106"}],"wp:attachment":[{"href":"https:\/\/www.europesays.com\/es\/wp-json\/wp\/v2\/media?parent=316105"}],"wp:term":[{"taxonomy":"category","embeddable":true,"href":"https:\/\/www.europesays.com\/es\/wp-json\/wp\/v2\/categories?post=316105"},{"taxonomy":"post_tag","embeddable":true,"href":"https:\/\/www.europesays.com\/es\/wp-json\/wp\/v2\/tags?post=316105"}],"curies":[{"name":"wp","href":"https:\/\/api.w.org\/{rel}","templated":true}]}}