{"id":316107,"date":"2025-12-31T19:14:10","date_gmt":"2025-12-31T19:14:10","guid":{"rendered":"https:\/\/www.europesays.com\/es\/316107\/"},"modified":"2025-12-31T19:14:10","modified_gmt":"2025-12-31T19:14:10","slug":"el-fichaje-frustrado-del-barca-de-pascual-estuvimos-muy-cerca","status":"publish","type":"post","link":"https:\/\/www.europesays.com\/es\/316107\/","title":{"rendered":"El fichaje frustrado del Bar\u00e7a de Pascual: \u00abEstuvimos muy cerca\u00bb"},"content":{"rendered":"<p class=\"ft-text\"><a class=\"ft-link ft-link--decoration\" href=\"https:\/\/www.sport.es\/es\/noticias\/barca\/baloncesto\/frustracion-xavi-pascual-derrota-as-125275725\" rel=\"nofollow noopener\" target=\"_blank\">El Bar\u00e7a de Xavi Pascual<\/a> tuvo su peor d\u00eda desde la vuelta del t\u00e9cnico de Gav\u00e0 al banquillo. Incluso fue expulsado por protestar a los \u00e1rbitros una falta sobre Mike James en la acci\u00f3n de tiro. <strong>La falta de efectividad en la l\u00ednea de tres y un d\u00eda espeso de Kevin Punter fueron otros de los motivos del mal d\u00eda de los blaugrana en el Palau<\/strong>. No todo pod\u00edan ser victorias o derrotas por la m\u00ednima en Europa.<\/p>\n<p class=\"ft-text\">Quien estaba de mejor humor por la victoria de su equipo fue el entrenador rival: <strong>Vassilis Spanoulis.<\/strong> El griego coment\u00f3 unas palabras de Xavi Pascual de hace unos d\u00edas, cuando desvel\u00f3 una negociaci\u00f3n de su primera etapa que no lleg\u00f3 a materializarse en un fichaje. Fue la del actual t\u00e9cnico del M\u00f3naco,<strong> una aut\u00e9ntica leyenda de la competici\u00f3n y la de su equipo: Olympiacos.<\/strong><\/p>\n<p class=\"ft-text\">\u00ab<strong>Hasta lo que yo s\u00e9, es verdad, y creo que estuvimos muy cerca de hacerlo<\/strong>\u00ab, coment\u00f3 el de Gav\u00e0 hace unos d\u00edas en el podcast de la Euroliga. La intenci\u00f3n tanto de la directiva como la del entrenador era <strong>juntar a Spanoulis con Juan Carlos Navarro<\/strong>, en un momento en el que ambos estaban en su &#8216;prime&#8217;. \u00ab<strong>Yo no formaba parte de las negociaciones<\/strong>\u00ab, reconoci\u00f3.<\/p>\n<p><img decoding=\"async\" src=\"https:\/\/www.europesays.com\/es\/wp-content\/uploads\/2025\/12\/a49ab460-113c-42fc-bded-6535a3ae4c02_alta-libre-aspect-ratio_default_0.jpg\" width=\"1200\" height=\"674\" alt=\"Navarro supera a Spanoulis durante el duelo en Atenas\" class=\"ft-helper-img-rd\" loading=\"lazy\"\/><\/p>\n<p class=\"ft-helper-fontColor-quaternary ft-helper-fontSize-body-S ft-helper-spacer-t-xxs\">Navarro supera a Spanoulis durante un duelo en Atenas  \/ EFE<\/p>\n<p class=\"ft-text\">El griego tambi\u00e9n dio su versi\u00f3n en la rueda de prensa posterior al partido. \u00ab<strong>Mi contrato se acababa y el Bar\u00e7a se interes\u00f3 en m\u00ed. Pero mi coraz\u00f3n estaba en el Olympiacos y me qued\u00e9 all\u00ed porque, como todos saben, amo a este club<\/strong>\u00ab, confes\u00f3 Spanoulis, tercer m\u00e1ximo anotador de la historia de la Euroliga, solo por detr\u00e1s de uno de sus jugadores (Mike James) y Nando de Colo.<\/p>\n<p class=\"ft-text\">\u00abJugu\u00e9 en este equipo durante 11 a\u00f1os y, al final, <strong>mi coraz\u00f3n me impuso quedarme hasta el final de mi carrera en el Olympiacos<\/strong>\u00ab, finaliz\u00f3 el griego. Sin duda, <strong>el fichaje de Spanoulis hubiera impulsado todav\u00eda m\u00e1s a un Bar\u00e7a que ya era referente en Europa <\/strong>con un roster envidiable. Y todo bajo el mando de Xavi Pascual, un seguro de vida en los banquillos.<\/p>\n<p><img decoding=\"async\" src=\"https:\/\/www.europesays.com\/es\/wp-content\/uploads\/2025\/12\/cfc1239b-8b33-465c-9020-b5d727dfbf72_alta-libre-aspect-ratio_default_0.jpg\" width=\"1200\" height=\"800\" alt=\"Spanoulis no le est\u00e1 dando el protagonismo que merece una estrella de la Euroliga y el montenegrino puede 'vengarse' de otra manera\" class=\"ft-helper-img-rd\" loading=\"lazy\"\/><\/p>\n<p class=\"ft-helper-fontColor-quaternary ft-helper-fontSize-body-S ft-helper-spacer-t-xxs\">Spanoulis, actual entrenador del M\u00f3naco  \/ EUROLEAGUE<\/p>\n<p class=\"ft-text\">En dicho podcast, <strong>Xavi Pascual<\/strong> tambi\u00e9n hab\u00eda reconocido su importante papel en el baloncesto actual. \u00abHoy el basket es muy transversal y a\u00fan ves cosas que se han puesto de moda ahora, <strong>que 100% garantizo que fueron creadas por m\u00ed en mi primera etapa en el Bar\u00e7a y ahora se han vuelto a poner de moda<\/strong>\u00ab, confes\u00f3 sin tapujos.<\/p>\n<p>Declaraciones tras el partido<\/p>\n<p class=\"ft-text\">Vassilis Spanoulis puso en valor la victoria de su equipo en el Palau. \u00abEsta victoria no se explica solo por los n\u00fameros. Se explica por el trabajo invisible: los bloqueos, los rebotes, las ayudas defensivas. Eso lo vemos desde el banquillo y estamos muy contentos con c\u00f3mo han respondido nuestros jugadores\u00bb. Es la quinta victoria consecutiva del M\u00f3naco en todas las competiciones.<\/p>\n<p class=\"ft-text\">Mientras tanto, fue \u00cd\u00f1igo Zorzano el que atendi\u00f3 a los medios de comunicaci\u00f3n en lugar de Xavi Pascual, expulsado en el partido. \u00abCuando pierdes me quedo con pocas cosas, aunque el \u00e1nimo del Palau es incre\u00edble, apoyando al equipo y es que los chicos est\u00e1n peleando. Una derrota as\u00ed no puede destruir el camino que estamos llevando el \u00faltimo mes\u00bb, coment\u00f3.<\/p>\n","protected":false},"excerpt":{"rendered":"El Bar\u00e7a de Xavi Pascual tuvo su peor d\u00eda desde la vuelta del t\u00e9cnico de Gav\u00e0 al banquillo.&hellip;\n","protected":false},"author":2,"featured_media":316108,"comment_status":"","ping_status":"","sticky":false,"template":"","format":"standard","meta":{"footnotes":""},"categories":[269],"tags":[299,2296,298,168,25,24,4582,23,37832,167],"class_list":{"0":"post-316107","1":"post","2":"type-post","3":"status-publish","4":"format-standard","5":"has-post-thumbnail","7":"category-baloncesto","8":"tag-baloncesto","9":"tag-barca","10":"tag-basketball","11":"tag-deportes","12":"tag-es","13":"tag-espana","14":"tag-pascual","15":"tag-spain","16":"tag-spanoulis","17":"tag-sports"},"share_on_mastodon":{"url":"https:\/\/pubeurope.com\/@es\/115815780668224013","error":""},"_links":{"self":[{"href":"https:\/\/www.europesays.com\/es\/wp-json\/wp\/v2\/posts\/316107","targetHints":{"allow":["GET"]}}],"collection":[{"href":"https:\/\/www.europesays.com\/es\/wp-json\/wp\/v2\/posts"}],"about":[{"href":"https:\/\/www.europesays.com\/es\/wp-json\/wp\/v2\/types\/post"}],"author":[{"embeddable":true,"href":"https:\/\/www.europesays.com\/es\/wp-json\/wp\/v2\/users\/2"}],"replies":[{"embeddable":true,"href":"https:\/\/www.europesays.com\/es\/wp-json\/wp\/v2\/comments?post=316107"}],"version-history":[{"count":0,"href":"https:\/\/www.europesays.com\/es\/wp-json\/wp\/v2\/posts\/316107\/revisions"}],"wp:featuredmedia":[{"embeddable":true,"href":"https:\/\/www.europesays.com\/es\/wp-json\/wp\/v2\/media\/316108"}],"wp:attachment":[{"href":"https:\/\/www.europesays.com\/es\/wp-json\/wp\/v2\/media?parent=316107"}],"wp:term":[{"taxonomy":"category","embeddable":true,"href":"https:\/\/www.europesays.com\/es\/wp-json\/wp\/v2\/categories?post=316107"},{"taxonomy":"post_tag","embeddable":true,"href":"https:\/\/www.europesays.com\/es\/wp-json\/wp\/v2\/tags?post=316107"}],"curies":[{"name":"wp","href":"https:\/\/api.w.org\/{rel}","templated":true}]}}