{"id":316111,"date":"2025-12-31T19:16:11","date_gmt":"2025-12-31T19:16:11","guid":{"rendered":"https:\/\/www.europesays.com\/es\/316111\/"},"modified":"2025-12-31T19:16:11","modified_gmt":"2025-12-31T19:16:11","slug":"el-espectacular-posado-de-carla-goyanes-para-despedir-el-ano-desde-dubai","status":"publish","type":"post","link":"https:\/\/www.europesays.com\/es\/316111\/","title":{"rendered":"El espectacular posado de Carla Goyanes para despedir el a\u00f1o desde Dubai"},"content":{"rendered":"<p id=\"e1ey6Ps_Ml\" data-wc=\"112\">Carla Goyanes sabe bien lo que significa disfrutar del momento presente. La empresaria exprime al m\u00e1ximo cada segundo que pasa con sus seres queridos, y el carpe diem se ha convertido en su filosof\u00eda de vida. La empresaria inmobiliaria est\u00e1 viviendo sus segundas Navidades, tras las duras p\u00e9rdidas de su padre, Carlos Goyanes y su querida y recordada hermana mayor, Caritina Goyanes. La hija de Cari Lapique ha puesto rumbo a un ex\u00f3tico destino para despedir el a\u00f1o con los hombres de su vida, su marido, <strong>Jorge Bengur\u00eda, y sus tres hijos: Carlos, de 13 a\u00f1os, Santi, de 11 y Beltr\u00e1n, de 6<\/strong>. Juntos est\u00e1n disfrutando de una espectacular escapada a Dubai.\u00a0<\/p>\n<p> <img src=\"https:\/\/www.europesays.com\/es\/wp-content\/uploads\/2025\/12\/7307a797f326-sin-ttulo-2.jpg\"   width=\"955\" height=\"1024\" loading=\"lazy\" decoding=\"async\" alt=\"La familia de Carla Goyanes en el desierto de Dubai\" fetchpriority=\"auto\" class=\"image ho-image\"\/>\u00a9 carlugoyanesLa familia de Carla Goyanes en el desierto de Dubai<\/p>\n<p id=\"e5yftA3GMP\" data-wc=\"73\">Con una preciosa imagen de Carla sentada en la arena del desierto, con sus tres hijos y su inseparable pareja, ha deseado un feliz a\u00f1o nuevo a todos sus seguidores con estas palabras: \u00ab\u00a1Feliz salida y entrada de a\u00f1o! Os deseamos lo mejor para 2026. #familytime #familytrip #qualitytimewithkids #duba\u00ef\u00bb, ha expresado la empresaria, vestida de color blanco como el resto de los miembros de la familia, a excepci\u00f3n del benjam\u00edn de la casa.\u00a0<\/p>\n<p> <img src=\"https:\/\/www.europesays.com\/es\/wp-content\/uploads\/2025\/12\/83f890b3ad83-5426024371852151433100202719749551111439602n.jpg\"   width=\"768\" height=\"1024\" loading=\"lazy\" decoding=\"async\" alt=\"Carla con su madre, Cari Lapique \" fetchpriority=\"auto\" class=\"image ho-image\"\/>\u00a9 carlugoyanesCarla con su madre, Cari Lapique <\/p>\n<p class=\"\" id=\"eceBomLS0Y\" data-wc=\"91\">Su madre, Cari Lapique ha reaccionado r\u00e1pidamente a la publicaci\u00f3n de su hija peque\u00f1a y ha compartido una serie de corazones y llamas de fuego como respuesta a la imagen de su hija menor, su yerno y sus 3 nietos. Hace unos d\u00edas <a class=\"hm-link ho-link\" href=\"https:\/\/www.hola.com\/actualidad\/20251225874761\/triste-navidad-cari-lapique-pero-amor-5-nietos\/\" data-mrf-recirculation=\"article-body-link\" rel=\"nofollow noopener\" target=\"_blank\">la empresaria, viuda de Carlos Goyanes, compart\u00eda una preciosa imagen<\/a> por Navidad junto a los verdaderos motores de su vida: sus 5 nietos, quienes le dan la fuerza y toda la energ\u00eda necesaria para seguir viviendo con una sonrisa a pesar de los duros golpes de la vida.\u00a0<\/p>\n<p> <img src=\"https:\/\/www.europesays.com\/es\/wp-content\/uploads\/2025\/12\/f49899d070b7-sin-ttulo-4.jpg\"   width=\"775\" height=\"1024\" loading=\"lazy\" decoding=\"async\" alt=\"Cari Lapique posa con sus 5 nietos: &quot;Mis grandes amores&quot;\" fetchpriority=\"auto\" class=\"image ho-image\"\/>\u00a9 cariilapiqueCari Lapique posa con sus 5 nietos: \u00abMis grandes amores\u00bb<\/p>\n<p id=\"eUYIBqrfMMT\" data-wc=\"95\">En la fotograf\u00eda, que posiblemente fue tomada en su residencia hace cinco d\u00edas, coincidiendo con la celebraci\u00f3n de la Navidad, <a class=\"hm-link ho-link\" href=\"https:\/\/www.hola.com\/actualidad\/20251225874761\/triste-navidad-cari-lapique-pero-amor-5-nietos\/\" data-mrf-recirculation=\"article-body-link\" rel=\"nofollow noopener\" target=\"_blank\">Cari Lapique, de 73 a\u00f1os, posaba orgullosa con sus nietos<\/a>: \u00abMis nietos, mis grandes amores\u00bb, dec\u00eda entonces con los hijos peque\u00f1os de sus respectivas hijas en su regazo: Mini Cari, de 12 a\u00f1os, y Beltr\u00e1n, de 6. Hace unas semanas, la due\u00f1a de la tienda de la firma de moda,\u00a0Yowe, y su hija peque\u00f1a, estuvieron disfrutando en Madrid de &#8216;Circlassica&#8217;,\u00a0un espect\u00e1culo lleno de alegr\u00eda para diversi\u00f3n de los m\u00e1s peque\u00f1os de la casa.<\/p>\n<p>La pasi\u00f3n de Carla por viajar<\/p>\n<p id=\"elfZt-NYT7\" data-wc=\"57\">No es la primera vez que Carla Goyanes elige estar fuera de casa para despedir el a\u00f1o que est\u00e1 a punto de acabar. El pasado a\u00f1o <a class=\"hm-link ho-link\" href=\"https:\/\/www.hola.com\/actualidad\/20250102738903\/cari-lapique-despide-su-anio-mas-dificil-suiza-toda-la-familia\/\" data-mrf-recirculation=\"article-body-link\" rel=\"nofollow noopener\" target=\"_blank\">eleg\u00eda vivir la Nochevieja desde Suiza<\/a> para decir adi\u00f3s al a\u00f1o m\u00e1s duro y cruel de su vida, tras la doble tragedia que azotaba a la familia en agosto de 2024.\u00a0<\/p>\n<p> <img src=\"https:\/\/www.europesays.com\/es\/wp-content\/uploads\/2025\/12\/4fa6714941e8-sin-ttulo-6.jpg\"   width=\"1013\" height=\"1024\" loading=\"lazy\" decoding=\"async\" alt=\"Carla y su marido con sus 3 hijos esquiando el a\u00f1o pasado\" fetchpriority=\"auto\" class=\"image ho-image\"\/>\u00a9 carlugoyanesCarla y su marido con sus 3 hijos esquiando el a\u00f1o pasado<\/p>\n<p id=\"eox98c34QT\" data-wc=\"64\">\u00abFeliz a\u00f1o 2025! Despu\u00e9s de unas maravillosas vacaciones en familia, volvemos al trabajo esperando la llegada de los Reyes Magos. Gracias por vuestros mensajes\u00bb, dec\u00eda entonces la empresaria inmobiliaria. Hasta el pa\u00eds alpino se desplazaba Carla con su marido, Jorge Bengur\u00eda, y sus tres hijos; su madre, Cari Lapique; su t\u00eda, Myriam Lapique; su cu\u00f1ado, Antonio Matos; y sus dos sobrinos, Pedro y MiniCari.<\/p>\n<p> <img src=\"https:\/\/www.europesays.com\/es\/wp-content\/uploads\/2025\/12\/c1474775ecb2-sin-ttulo-5.jpg\"   width=\"613\" height=\"1024\" loading=\"lazy\" decoding=\"async\" alt=\"Cari y Carla el a\u00f1o pasado en Suiza\" fetchpriority=\"auto\" class=\"image ho-image\"\/>\u00a9 carlugoyanesCari y Carla el a\u00f1o pasado en Suiza<\/p>\n<p id=\"eOVSbsQzxA\" data-wc=\"55\">Este a\u00f1o el matrimonio Bengur\u00eda-Goyanes ha elegido un destino mucho m\u00e1s c\u00e1lido que el del a\u00f1o anterior, y junto a sus 3 hijos han visitado Dubai. Un destino \u00fanico en el mundo por contar con los rascacielos m\u00e1s altos del planeta, incre\u00edbles safaris por el desierto y sus tradicionales barrios de ajetreados y concurridos zocos.<\/p>\n<p> <img src=\"https:\/\/www.europesays.com\/es\/wp-content\/uploads\/2025\/12\/93a81fc93bba-sin-ttulo-7.jpg\"   width=\"1024\" height=\"1015\" loading=\"lazy\" decoding=\"async\" alt=\"Carla y su familia en la Navidad de 2023\" fetchpriority=\"auto\" class=\"image ho-image\"\/>\u00a9 carlugoyanesCarla y su familia en la Navidad de 2023<\/p>\n","protected":false},"excerpt":{"rendered":"Carla Goyanes sabe bien lo que significa disfrutar del momento presente. La empresaria exprime al m\u00e1ximo cada segundo&hellip;\n","protected":false},"author":2,"featured_media":316112,"comment_status":"","ping_status":"","sticky":false,"template":"","format":"standard","meta":{"footnotes":""},"categories":[174],"tags":[517,5276,255,146,147,25,24,256,39041,23],"class_list":{"0":"post-316111","1":"post","2":"type-post","3":"status-publish","4":"format-standard","5":"has-post-thumbnail","7":"category-famosos","8":"tag-actualidad","9":"tag-carla-goyanes","10":"tag-celebrities","11":"tag-entertainment","12":"tag-entretenimiento","13":"tag-es","14":"tag-espana","15":"tag-famosos","16":"tag-jorge-benguria","17":"tag-spain"},"share_on_mastodon":{"url":"https:\/\/pubeurope.com\/@es\/115815788424982238","error":""},"_links":{"self":[{"href":"https:\/\/www.europesays.com\/es\/wp-json\/wp\/v2\/posts\/316111","targetHints":{"allow":["GET"]}}],"collection":[{"href":"https:\/\/www.europesays.com\/es\/wp-json\/wp\/v2\/posts"}],"about":[{"href":"https:\/\/www.europesays.com\/es\/wp-json\/wp\/v2\/types\/post"}],"author":[{"embeddable":true,"href":"https:\/\/www.europesays.com\/es\/wp-json\/wp\/v2\/users\/2"}],"replies":[{"embeddable":true,"href":"https:\/\/www.europesays.com\/es\/wp-json\/wp\/v2\/comments?post=316111"}],"version-history":[{"count":0,"href":"https:\/\/www.europesays.com\/es\/wp-json\/wp\/v2\/posts\/316111\/revisions"}],"wp:featuredmedia":[{"embeddable":true,"href":"https:\/\/www.europesays.com\/es\/wp-json\/wp\/v2\/media\/316112"}],"wp:attachment":[{"href":"https:\/\/www.europesays.com\/es\/wp-json\/wp\/v2\/media?parent=316111"}],"wp:term":[{"taxonomy":"category","embeddable":true,"href":"https:\/\/www.europesays.com\/es\/wp-json\/wp\/v2\/categories?post=316111"},{"taxonomy":"post_tag","embeddable":true,"href":"https:\/\/www.europesays.com\/es\/wp-json\/wp\/v2\/tags?post=316111"}],"curies":[{"name":"wp","href":"https:\/\/api.w.org\/{rel}","templated":true}]}}