{"id":316113,"date":"2025-12-31T19:17:09","date_gmt":"2025-12-31T19:17:09","guid":{"rendered":"https:\/\/www.europesays.com\/es\/316113\/"},"modified":"2025-12-31T19:17:09","modified_gmt":"2025-12-31T19:17:09","slug":"ultimo-banksy-del-ano","status":"publish","type":"post","link":"https:\/\/www.europesays.com\/es\/316113\/","title":{"rendered":"\u00bf\u00daltimo Banksy del a\u00f1o?"},"content":{"rendered":"<p class=\"description\"><b>Especial Navidad<\/b>: Suscr\u00edbete hoy a National Geographic por solo <b>1\u20ac\/mes<\/b>. \u00a1\u00daltima oportunidad al -75%!<\/p>\n<p class=\"description\"><b>\u00a1NOVEDAD!<\/b> Ya disponible la edici\u00f3n especial <b>El cerebro infantil<\/b> de la colecci\u00f3n Los Secretos del Cerebro de National Geographic.<\/p>\n<p>Se rumorea que Banksy no ha descansado estas navidades: el pasado 24 de diciembre, Londres amaneci\u00f3 con <strong>un nuevo grafiti que podr\u00eda ser obra del artista an\u00f3nimo<\/strong>. Esta vez, se trata de un reno sobre un muro en el que se han colocado luces navide\u00f1as que adornan la cornamenta del animal.\u00a0<\/p>\n<p>El artista urbano todav\u00eda<strong> no ha hecho evidente su autor\u00eda<\/strong>, como suele hacer a trav\u00e9s de redes sociales. En cambio, <a href=\"https:\/\/www.instagram.com\/p\/DSkjQYhjIgV\/?hl=es&amp;img_index=1\" rel=\"nofollow noopener\" target=\"_blank\">s\u00ed ha publicado otra obra<\/a> en la que aparecen dos ni\u00f1os tumbados y se\u00f1alado con el dedo hacia el cielo: un dibujo que critica la pobreza infantil.\u00a0<\/p>\n<p><script async src=\"\/\/www.instagram.com\/embed.js\"><\/script><\/p>\n","protected":false},"excerpt":{"rendered":"Especial Navidad: Suscr\u00edbete hoy a National Geographic por solo 1\u20ac\/mes. \u00a1\u00daltima oportunidad al -75%! \u00a1NOVEDAD! Ya disponible la&hellip;\n","protected":false},"author":2,"featured_media":316114,"comment_status":"","ping_status":"","sticky":false,"template":"","format":"standard","meta":{"footnotes":""},"categories":[173],"tags":[229,233,231,230,119,232,234,146,147,25,24,1408,448,1407,1409,23,226],"class_list":{"0":"post-316113","1":"post","2":"type-post","3":"status-publish","4":"format-standard","5":"has-post-thumbnail","7":"category-arte-y-diseno","8":"tag-arte","9":"tag-arte-y-diseno","10":"tag-arts","11":"tag-arts-and-design","12":"tag-ciencia","13":"tag-design","14":"tag-diseno","15":"tag-entertainment","16":"tag-entretenimiento","17":"tag-es","18":"tag-espana","19":"tag-geographic","20":"tag-historia","21":"tag-national","22":"tag-naturaleza","23":"tag-spain","24":"tag-viajes"},"share_on_mastodon":{"url":"https:\/\/pubeurope.com\/@es\/115815792201939330","error":""},"_links":{"self":[{"href":"https:\/\/www.europesays.com\/es\/wp-json\/wp\/v2\/posts\/316113","targetHints":{"allow":["GET"]}}],"collection":[{"href":"https:\/\/www.europesays.com\/es\/wp-json\/wp\/v2\/posts"}],"about":[{"href":"https:\/\/www.europesays.com\/es\/wp-json\/wp\/v2\/types\/post"}],"author":[{"embeddable":true,"href":"https:\/\/www.europesays.com\/es\/wp-json\/wp\/v2\/users\/2"}],"replies":[{"embeddable":true,"href":"https:\/\/www.europesays.com\/es\/wp-json\/wp\/v2\/comments?post=316113"}],"version-history":[{"count":0,"href":"https:\/\/www.europesays.com\/es\/wp-json\/wp\/v2\/posts\/316113\/revisions"}],"wp:featuredmedia":[{"embeddable":true,"href":"https:\/\/www.europesays.com\/es\/wp-json\/wp\/v2\/media\/316114"}],"wp:attachment":[{"href":"https:\/\/www.europesays.com\/es\/wp-json\/wp\/v2\/media?parent=316113"}],"wp:term":[{"taxonomy":"category","embeddable":true,"href":"https:\/\/www.europesays.com\/es\/wp-json\/wp\/v2\/categories?post=316113"},{"taxonomy":"post_tag","embeddable":true,"href":"https:\/\/www.europesays.com\/es\/wp-json\/wp\/v2\/tags?post=316113"}],"curies":[{"name":"wp","href":"https:\/\/api.w.org\/{rel}","templated":true}]}}