{"id":31612,"date":"2025-08-07T13:01:10","date_gmt":"2025-08-07T13:01:10","guid":{"rendered":"https:\/\/www.europesays.com\/es\/31612\/"},"modified":"2025-08-07T13:01:10","modified_gmt":"2025-08-07T13:01:10","slug":"nos-paso-factura-a-todos-habia-gente-con-ansiedad","status":"publish","type":"post","link":"https:\/\/www.europesays.com\/es\/31612\/","title":{"rendered":"\u201cNos pas\u00f3 factura a todos, hab\u00eda gente con ansiedad\u201d"},"content":{"rendered":"<p class=\"paragraph\" id=\"paragraph_1\"><strong>Laura Pamplona tiene un amplio curr\u00edculo televisivo<\/strong>, en el que figuran producciones que<a href=\"https:\/\/www.elespanol.com\/mujer\/20250405\/vida-actual-laura-pamplona-exito-alicia-anhqv-tragedia-cambiado\/1003743699032_0.html?utm_cmp_rs=linksinline\" rel=\"nofollow noopener\" target=\"_blank\"> van de Todos los hombres sois iguales a Los misterios de Laura<\/a>. Pero uno de sus papeles m\u00e1s recordados es el de la actriz <strong>Alicia que encarn\u00f3 en<\/strong><strong> Aqu\u00ed no hay quien<\/strong> viva durante sus primeras temporadas, tal como record\u00f3 ayer en una visita al programa Yas verano. Una serie que tuvo muy duros rodajes.<\/p>\n<p class=\"paragraph\" id=\"paragraph_2\">Sobre Alicia, Laura Pamplona reconoce que no le gust\u00f3 que la encasillasen en ese personaje, si bien en la actualidad sus emociones son diferentes. \u201c<strong>Recuerdo la etapa de <\/strong><strong>Aqu\u00ed no hay quien viva<\/strong><strong> con mucho cari\u00f1o y tambi\u00e9n guardo muchos amigos<\/strong>\u201d, afirmaba la int\u00e9rprete, que aseguraba que fue \u201cbonito y divertido\u201d estar en el proyecto.<\/p>\n<p class=\"paragraph\" id=\"paragraph_3\">Sin embargo, las condiciones de trabajo no eran las ideales. \u201c<strong>No lo voy a negar, era bastante fuerte la manera de grabar que ten\u00edamos. Est\u00e1bamos much\u00edsimas horas\u201d<\/strong>, ha expuesto Pamplona, en declaraciones que encajan con las que han hecho <a href=\"https:\/\/www.elespanol.com\/bluper\/20240507\/malena-alterio-desvela-peor-experiencia-bolo-discoteca-epoca-no-viva\/853414987_0.html?utm_cmp_rs=linksinline\" rel=\"nofollow noopener\" target=\"_blank\">otros compa\u00f1eros en el pasado.<\/a><\/p>\n<p><img loading=\"lazy\" decoding=\"async\" alt=\"Imagen de la versi\u00f3n portuguesa de 'La que se avecina'.\" height=\"180\" src=\"https:\/\/www.europesays.com\/es\/wp-content\/uploads\/2025\/08\/1003743867367_257642048_320x180.jpg\" width=\"320\" data-lazy-status=\"processed\" data-lazy-info=\"remove loading item 1\"\/><\/p>\n<p class=\"paragraph\" id=\"paragraph_4\">Uno de los problemas ven\u00edan generados por los propios guiones de la serie, que se escrib\u00edan a la vez que la grabaci\u00f3n se llevaba a cabo, por lo que el problema era tanto para los escritores como para los actores que deb\u00edan aprenderse el papel \u201c<strong>Para los guionistas era maratoniano, porque ten\u00edan que escribir el cap\u00edtulo para el d\u00eda siguiente<\/strong>\u201d, le relataba a Pepa Romero.<\/p>\n<p class=\"paragraph\" id=\"paragraph_5\">\u201c<strong>Te aprend\u00edas los papeles c\u00f3mo pod\u00edas. O te quedabas sin dormir hasta tarde o te lo aprend\u00edas en el coche.<\/strong> Mis \u00faltimos meses fueron as\u00ed, fue muy duro\u201d, sigui\u00f3 narrando Pamplona, que cont\u00f3 c\u00f3mo a veces un coche de la serie la recog\u00eda a las siete de la ma\u00f1ana y la devolv\u00eda a casa a las diez de la noche. A veces<strong> se iba a dormir sin saber si al d\u00eda siguiente tendr\u00eda que trabajar<\/strong>. <\/p>\n<p><img decoding=\"async\" alt=\"Laura Pamplona junto a Mar\u00eda Adanez y Malena Alterio en 'Aqu\u00ed no hay quien viva'.\" data-imgm=\"true\" height=\"180\" loading=\"lazy\"  src=\"https:\/\/www.europesays.com\/es\/wp-content\/uploads\/2025\/08\/1003743878100_257837243_1024x576.jpg\"  width=\"320\"\/><\/p>\n<p>                                                            Laura Pamplona junto a Mar\u00eda Adanez y Malena Alterio en &#8216;Aqu\u00ed no hay quien viva&#8217;.<\/p>\n<p class=\"paragraph\" id=\"paragraph_6\">El ritmo de las grabaciones era tal que \u201c<strong>n<\/strong><strong>os pas\u00f3 factura a todos. Cog\u00edas una gripe y era m\u00e1s fuerte de lo normal, hab\u00eda gente con ansiedad\u2026<\/strong>\u201d, enumer\u00f3. As\u00ed, detall\u00f3 que la falta de descanso provocaba un estr\u00e9s en todos, y m\u00e1s \u201cporque no te permit\u00eda hacer una vida normal\u201d.<\/p>\n<p class=\"paragraph\" id=\"paragraph_7\"> Sus declaraciones encajan con las de otros compa\u00f1eros como Mar\u00eda Ad\u00e1nez. La que fuese Luc\u00eda, \u2018la pija\u2019, cont\u00f3 en la SER hace unos meses que \u201cme llamaron, de verdad y literalmente, no os estoy enga\u00f1ando, a las dos de la ma\u00f1ana, los de producci\u00f3n para citarme a las seis y media. <strong>Dije: \u2018pues ya duermo ma\u00f1ana<\/strong>\u2019\u201d.<\/p>\n<p><img decoding=\"async\" alt=\"Jordi S\u00e1nchez y Silvia Abril en 'La que se avecina'.\" height=\"180\" loading=\"lazy\" width=\"320\" data-lazy-status=\"processed\" id=\"7ce98b9f44\" src=\"https:\/\/www.elespanol.com\/bluper\/20250807\/laura-pamplona-desvela-cara-no-viva-paso-factura-gente-ansiedad\/[\" https:=\"\" data-lazy-info=\"changed src\"\/><\/p>\n<p class=\"paragraph\" id=\"paragraph_8\">Y<strong> Mariano Alameda, <\/strong>que fue Diego, el hermano de Luc\u00eda, cont\u00f3 algo similar en 2022: \u201cYo he rodado por la ma\u00f1ana lo que se emit\u00eda por la tarde\u201d, asegur\u00f3 en el p\u00f3dcast Animales Humanos, y detallando que <strong>a las tres de la ma\u00f1ana recib\u00eda guiones que se grababan al d\u00eda siguiente<\/strong>, lo que le obligaba a estudiar de madrugada. <\/p>\n","protected":false},"excerpt":{"rendered":"Laura Pamplona tiene un amplio curr\u00edculo televisivo, en el que figuran producciones que van de Todos los hombres&hellip;\n","protected":false},"author":2,"featured_media":31613,"comment_status":"","ping_status":"","sticky":false,"template":"","format":"standard","meta":{"footnotes":""},"categories":[174],"tags":[1015,8666,1535,255,146,147,25,24,256,23,807,16537],"class_list":{"0":"post-31612","1":"post","2":"type-post","3":"status-publish","4":"format-standard","5":"has-post-thumbnail","7":"category-famosos","8":"tag-actrices","9":"tag-aqui-no-hay-quien-viva","10":"tag-bluper","11":"tag-celebrities","12":"tag-entertainment","13":"tag-entretenimiento","14":"tag-es","15":"tag-espana","16":"tag-famosos","17":"tag-spain","18":"tag-television","19":"tag-y-ahora-sonsoles"},"share_on_mastodon":{"url":"","error":""},"_links":{"self":[{"href":"https:\/\/www.europesays.com\/es\/wp-json\/wp\/v2\/posts\/31612","targetHints":{"allow":["GET"]}}],"collection":[{"href":"https:\/\/www.europesays.com\/es\/wp-json\/wp\/v2\/posts"}],"about":[{"href":"https:\/\/www.europesays.com\/es\/wp-json\/wp\/v2\/types\/post"}],"author":[{"embeddable":true,"href":"https:\/\/www.europesays.com\/es\/wp-json\/wp\/v2\/users\/2"}],"replies":[{"embeddable":true,"href":"https:\/\/www.europesays.com\/es\/wp-json\/wp\/v2\/comments?post=31612"}],"version-history":[{"count":0,"href":"https:\/\/www.europesays.com\/es\/wp-json\/wp\/v2\/posts\/31612\/revisions"}],"wp:featuredmedia":[{"embeddable":true,"href":"https:\/\/www.europesays.com\/es\/wp-json\/wp\/v2\/media\/31613"}],"wp:attachment":[{"href":"https:\/\/www.europesays.com\/es\/wp-json\/wp\/v2\/media?parent=31612"}],"wp:term":[{"taxonomy":"category","embeddable":true,"href":"https:\/\/www.europesays.com\/es\/wp-json\/wp\/v2\/categories?post=31612"},{"taxonomy":"post_tag","embeddable":true,"href":"https:\/\/www.europesays.com\/es\/wp-json\/wp\/v2\/tags?post=31612"}],"curies":[{"name":"wp","href":"https:\/\/api.w.org\/{rel}","templated":true}]}}