{"id":316125,"date":"2025-12-31T19:24:13","date_gmt":"2025-12-31T19:24:13","guid":{"rendered":"https:\/\/www.europesays.com\/es\/316125\/"},"modified":"2025-12-31T19:24:13","modified_gmt":"2025-12-31T19:24:13","slug":"los-10-mejores-montajes-teatrales-de-2025","status":"publish","type":"post","link":"https:\/\/www.europesays.com\/es\/316125\/","title":{"rendered":"Los 10 mejores montajes teatrales de 2025"},"content":{"rendered":"<p>Los cuernos de don Friolera, en Teatros del Canal<\/p>\n<p class=\"c-paragraph\"><b\/>Un montaje rotundo y esencial en el que el imaginativo verbo de <b>don Ram\u00f3n Mar\u00eda del Valle-Incl\u00e1n<\/b> brill\u00f3 en los Teatros del Canal. Por partida doble, porque tras los llenos de principios de a\u00f1o se impuso una reposici\u00f3n en septiembre. La direcci\u00f3n de <b>Ainhoa Amestoy<\/b> dio en la diana para componer un esperpento con el justo grado requerido. La mirada lacerante de Valle destapa las alcantarillas de una ciudad imaginaria, h\u00fameda y portuaria, donde un bulo y las murmuraciones posteriores desquician a un pobre teniente acorralado. Un extraordinario elenco de actores, con <a href=\"https:\/\/www.20minutos.es\/noticia\/5692363\/0\/roberto-enriquez-nacho-fresneda-ayudar-tu-companero-es-emocionante-hace-que-brilles-mas-escena\/\" rel=\"nofollow noopener\" target=\"_blank\">Roberto Enr\u00edquez, Nacho Fresneda<\/a>, Lidia Ot\u00f3n, Ester Bellver, Pablo Rivero Madri\u00f1\u00e1n, Miguel Cubero, Jos\u00e9 Bustos e Iballa Rodr\u00edguez, todos en estado de gracia, dieron la primera lecci\u00f3n teatral del a\u00f1o.<\/p>\n<p>La se\u00f1orita de Trev\u00e9lez, en el Teatro Fern\u00e1n G\u00f3mez<\/p>\n<p class=\"c-paragraph\"><b\/>\u00abEstamos ante un texto fundamental para comprender el teatro del siglo XX espa\u00f1ol, que anticipa a Do\u00f1a Rosita la Soltera, de Lorca, y a la vez es una especie de p\u00f3rtico del esperpento\u00bb. Son palabras de <b>Juan Carlos P\u00e9rez de la Fuente<\/b>, director de este sainete de <b>Carlos Arniches<\/b> al que ha otorgado vuelo y hondura. La obra se desarrolla con vivacidad notable, trazada sobre una elegante coreograf\u00eda esc\u00e9nica, hasta llegar al \u00faltimo acto donde la intensidad torrencial de <b>Daniel Albaladejo<\/b> detiene el tiempo de manera descarnada, resolviendo esta macabra chanza con la gravedad propia de nuestro teatro cl\u00e1sico. <b>Silvia de P\u00e9<\/b> encarna a la ingenua dama, m\u00e1s rotunda de lo habitual, aportando al personaje una desesperaci\u00f3n que alcanza tintes tr\u00e1gicos. El dise\u00f1o de escenograf\u00eda de Ana Garay result\u00f3 espl\u00e9ndido, aprovechando las posibilidades que ofrece el singular espacio del Fern\u00e1n G\u00f3mez.<\/p>\n<p>Los dos hidalgos de Verona, por la Compa\u00f1\u00eda Nacional de Teatro Cl\u00e1sico<\/p>\n<p class=\"c-paragraph\">Despu\u00e9s de una celebrada versi\u00f3n de La vida es sue\u00f1o, en 2023, regres\u00f3 <b>Declan Donnellan<\/b> a la Compa\u00f1\u00eda Nacional de Teatro Cl\u00e1sico para dirigir esta obra de juventud de <b>William Shakespeare<\/b>, a la que imprime dinamismo y equilibrio. Alrededor de una escenograf\u00eda reducida a la m\u00ednima expresi\u00f3n, se desarrollan las andanzas de una pareja de amigos, donde el amor y la amistad pugnan entre deslealtades. El aprovechamiento del texto es magistral por parte del director brit\u00e1nico, acentuando la expresividad gestual. <b>Alfredo Noval <\/b>demuestra de nuevo sus dotes privilegiadas que ya advertimos cuando sali\u00f3 de un agujero como Segismundo. <b>Alberto G\u00f3mez Taboada<\/b> firma como Turio algunas potentes escenas junto a Noval, quiz\u00e1s las de mayor carga dram\u00e1tica de la funci\u00f3n, rematadas en un colorista karaoke shakesperiano que anima el cotarro antes de la resoluci\u00f3n. No olvidemos citar a <b>Goizalde N\u00fa\u00f1ez <\/b>y<b> Jorge Basanta,\u00a0<\/b>ambos con reconocida vis c\u00f3mica, para redondear este fresco divertimento.<\/p>\n<p>Orest\u00edada, en el Teatro de La Abad\u00eda<\/p>\n<p class=\"c-paragraph\"><b>Ernesto Caballero<\/b> persigue \u00abdotar de emoci\u00f3n, belleza y conmoci\u00f3n esc\u00e9nica al pensamiento\u00bb, empe\u00f1o que logra con vibrante pulso en esta versi\u00f3n de la Orest\u00edada que firma <b>Karina Garantiv\u00e1<\/b>. En el Teatro de la Abad\u00eda se levantaron interrogantes planteados en la Antigua Grecia hace milenios, que todav\u00eda sobrevuelan nuestras mentes del siglo XXI. La acci\u00f3n se hilvana habilmente, envuelta en la humareda del saqueo y la sangre derramada. Perfiles y sombras surgen bajo una\u00a0 iluminaci\u00f3n integrada en escena mediante focos m\u00f3viles, dotando de un aire m\u00e1gico y din\u00e1mico a las apariciones, mientras la m\u00fasica de <b>Bastian Iglesias<\/b> parece oficiar un acto de ilusionismo. Una est\u00e9tica poderosa, deslumbrante y atemporal donde destaca la soberbia recreaci\u00f3n de <b>Gabriel Garbisu <\/b>como Agamen\u00f3n, el poderoso magnetismo de <b>Marta Poveda<\/b>, la versatilidad de <b>Alberto Fonseca<\/b>, la fresca pureza de <b>Nicol\u00e1s Illoro<\/b> y el aire sacrificial de <b>Olivia Baglivi<\/b>. Un espect\u00e1culo comprometido y profundo, que rememora aquellos tiempos en que la pulsi\u00f3n feroz se torn\u00f3 en reflexi\u00f3n ontol\u00f3gica, acometido por la compa\u00f1\u00eda <b>Teatro Urgente<\/b>.<\/p>\n<p>Orlando,\u00a0en el Centro Dram\u00e1tico Nacional<\/p>\n<p class=\"c-paragraph\"><b>Marta Pazos<\/b> sigue ampliando los tonos de su crom\u00e1tico sentido de la dramaturgia con un compleja adaptaci\u00f3n de la inclasificable novela de <b>Virginia Woolf<\/b>, Orlando. Te\u00f1ida de verde, bajo una abrumadora concepci\u00f3n visual y esc\u00e9nica, firm\u00f3 su m\u00e1s ambicioso trabajo hasta el momento. El apartado t\u00e9cnico result\u00f3 apabullante, posibilitando un carrusel de sorpresas donde deslumbr\u00f3 el fastuoso vestuario de Agust\u00edn Petronio, la m\u00e1gica iluminaci\u00f3n de Nuno Meira y el sustento musical de Hugo Torres. <b>Laia Manzanares <\/b>despunt\u00f3 en el papel principal, aportando una seducci\u00f3n natural rematada en bella desnudez. No podemos olvidarnos de <b>Jorge Kent<\/b>, actor magn\u00edfico que ha encadenado varios primeros papeles a lo largo de este a\u00f1o. Paco Ochoa y Nao Albet aportan lucidos momentos para redondear la mejor\u00a0producci\u00f3n del <b>Centro Dram\u00e1tico Nacional<\/b> en 2025. Gozosa embriaguez ba\u00f1ada en verde.<\/p>\n<p>A fuego, en el Teatro de La Abad\u00eda<\/p>\n<p class=\"c-paragraph\">Er\u00f3strato fue un ciudadano de \u00c9feso que prendi\u00f3 fuego a un templo dedicado a Artemisa en el a\u00f1o 356 a. C, con el simple prop\u00f3sito de llamar la atenci\u00f3n de la forma m\u00e1s aparatosa. A partir de ese hecho hist\u00f3rico y de algunas impresiones teatrales, <b>Pablo Macho Otero<\/b> compone un brillante mon\u00f3logo en verso, dirigido por <b>Emma Arquillu\u00e9<\/b> y el propio actor,\u00a0\u00a0donde se enlaza aquel fogoso suceso con el af\u00e1n de reconocimiento que nuestro tiempo cifra en visualizaciones y &#8216;likes&#8217;, apoyado en algunas curiosas coincidencias de fechas. El relato va ganando en dosis de humor, planteando escenas que entran en el terreno del absurdo, pero siempre asentado en una comunicaci\u00f3n directa y atrayente, que capta la atenci\u00f3n del p\u00fablico sin dejar opci\u00f3n a la evasi\u00f3n. El <b>fluido verso<\/b>, con leves notas de lenguaje actual y hasta un rap micro en mano, mantiene la funci\u00f3n con un pulso envidiable, compensado y entretenido, reuni\u00e9ndonos al calor de una lumbre po\u00e9tica.<\/p>\n<p>Fuenteovejuna, por la Compa\u00f1\u00eda Nacional de Teatro Cl\u00e1sico<\/p>\n<p class=\"c-paragraph\">La gran apuesta de la CNTC este a\u00f1o pasaba por poner el drama\u00a0de <b>Lope de Vega<\/b>\u00a0en manos de <b>Rakel Camacho<\/b>. Surgido entre brumas como una especie de tribu ancestral, el pueblo de Fuenteovejuna se enfrenta al malvado Comendador y sus secuaces, como un organismo vivo y heterog\u00e9neo frente a unos forajidos del &#8216;far west&#8217;. Cantos arcaicos, m\u00fasicas tradicionales, ruidos y percusiones marcan los momentos m\u00e1s intensos de esta gran producci\u00f3n, donde la violencia no se escamotea, hasta culminar en la escena sobrecogedora en que Laurencia (<b>Cristina Mar\u00edn-Mir\u00f3<\/b>) firma un alegato imponente desde su sangrienta desnudez de mujer violada. Los jirones de su vestido, restos de la barbarie, se reciclan como uniforme de batalla para extender una rebeli\u00f3n femenina y punki, envuelta en humaredas rojas y golpes de tambor. Una arriesgada propuesta, descarnada y brutal, con la que <b>Laila Ripoll<\/b> ha asestado un aldabonazo en las puertas del Teatro de la Comedia.<\/p>\n<p>Leonora, en Contempor\u00e1nea Condeduque<\/p>\n<p class=\"c-paragraph\">Poco m\u00e1s se requiere que contar con una gran actriz y un texto de altura, para concitar la intensidad del hecho esc\u00e9nico que atrapa al espectador irremisiblemente. Algo as\u00ed sucede con Natalia Huarte y <b>Alberto Conejero<\/b>, actriz y escritor, dos talentos unidos en un proyecto que componen un fresco sobre la vida de <b>Leonora Carrington<\/b>, artista que atraves\u00f3 dolorosas vicisitudes. Una mujer rebelde y libre que consigui\u00f3 zafarse de la tutela de su padre y trazar una vida apasionante que la llev\u00f3 hasta M\u00e9xico tras un periplo liberador con funesta parada en Espa\u00f1a. Sin recurrir al micr\u00f3fono, lo cual siempre acrecienta la atenci\u00f3n, <b>Natalia Huarte<\/b> despliega entre las cuatro esquinas de un espacio desnudo, una personalidad transgresora y valiente. Soberbia interpretaci\u00f3n, reveladora. Un mon\u00f3logo sostenido en el talento de una actriz que toma la palabra siempre jugosa y sensible de Conejero para hacerla carne. El silencio se instal\u00f3 en la sala del Centro Condeduque, y as\u00ed lo har\u00e1 all\u00e1 donde se represente esta muestra de teatro esencial y verdadero.<\/p>\n<p><b>Personas, lugares y cosas, en el\u00a0Teatro Espa\u00f1ol<\/b><\/p>\n<p class=\"c-paragraph\">El Teatro Espa\u00f1ol ha prestado su imponente caja esc\u00e9nica a uno de nuestros directores m\u00e1s agudos, <b>Pablo Messiez<\/b>, para dejar correr un texto que nos adentra en la mente y las pulsiones del adicto. All\u00e1 se libra una fascinante batalla interior donde la terapia de grupo puebla de personajes un volumen casi vac\u00edo. <b>Irene Escolar<\/b> firma su m\u00e1s entregada interpretaci\u00f3n dando vida a una actriz que agota sus posibilidades de escape y reconoce su vulnerabilidad iniciando una profunda introspecci\u00f3n. Se ha involucrado como productora art\u00edstica de esta obra de <b>Duncan Macmillan<\/b>, un espect\u00e1culo de alto vuelo y voltaje para el que se ha preparado concienzudamente, como nos cont\u00f3 en una <a href=\"https:\/\/www.20minutos.es\/cultura\/irene-escolar-necesito-actuar-para-ser-feliz-es-un-comportamiento-adictivo-una-dependencia_6908907_0.html\" rel=\"nofollow noopener\" target=\"_blank\">reciente entrevista<\/a>. Messiez alcanza de nuevo un resultado sobresaliente, como el conseguido hace unos a\u00f1os en La voluntad de creer, o m\u00e1s recientemente en Calentamiento, excepcional trabajo con Roc\u00edo Molina.\u00a0Un espect\u00e1culo de duraci\u00f3n notable que requiere intermedio, aunque la pausa se convierta en sesi\u00f3n de m\u00fasica electr\u00f3nica. Es <b>una de las sensaciones teatrales del a\u00f1o<\/b> y destapa el universo de las dependencias, que en tantos \u00f3rdenes puede manifestarse.<\/p>\n<p>Aromas de soledad, en el Teatro Fern\u00e1n G\u00f3mez<\/p>\n<p class=\"c-paragraph\"><b\/>Finalizamos este recorrido por lo m\u00e1s destacable del a\u00f1o teatral de 2025 entre gavillas de trigo. Desde all\u00ed nos llega, con franqueza y seca verdad, <b>Aromas de soledad<\/b>, una obra compuesta con sensibilidad por <b>Ra\u00fal Los\u00e1nez<\/b> a partir de un pu\u00f1ado de poemas de <b>Jos\u00e9 Mar\u00eda Gabriel y Gal\u00e1n<\/b> (1870-1905), a los que ha incorporado versos de su propia cosecha. Una reflexi\u00f3n po\u00e9tica sobre el campo y sus gentes que nos aproxima a los m\u00e1s humildes labriegos de principios del siglo XX. Las im\u00e1genes evocadas llegan como a r\u00e1fagas bajo el extraordinario trabajo de <b>Nacho Vera<\/b>, un trovador moderno cargado de instrumentos. <b>Jes\u00fas Noguero<\/b> pone voz y acorde\u00f3n a los anhelos del campesinado, mientras <b>Carmen del Valle <\/b>apunta el entusiasmo de una vida lozana. Esta funci\u00f3n po\u00e9tico-musical tuvo lugar en la sala peque\u00f1a del Teatro Fern\u00e1n G\u00f3mez, como la \u00edntima reivindicaci\u00f3n de un autor injustamente olvidado, y ser\u00eda deseable que llegara a los rincones de la Espa\u00f1a vaciada para contribuir a su revitalizaci\u00f3n.<\/p>\n","protected":false},"excerpt":{"rendered":"Los cuernos de don Friolera, en Teatros del Canal Un montaje rotundo y esencial en el que el&hellip;\n","protected":false},"author":2,"featured_media":316126,"comment_status":"","ping_status":"","sticky":false,"template":"","format":"standard","meta":{"footnotes":""},"categories":[91],"tags":[5287,146,147,25,24,4417,804,33940,23,73947],"class_list":{"0":"post-316125","1":"post","2":"type-post","3":"status-publish","4":"format-standard","5":"has-post-thumbnail","7":"category-entretenimiento","8":"tag-5287","9":"tag-entertainment","10":"tag-entretenimiento","11":"tag-es","12":"tag-espana","13":"tag-los","14":"tag-mejores","15":"tag-montajes","16":"tag-spain","17":"tag-teatrales"},"share_on_mastodon":{"url":"https:\/\/pubeurope.com\/@es\/115815819832312288","error":""},"_links":{"self":[{"href":"https:\/\/www.europesays.com\/es\/wp-json\/wp\/v2\/posts\/316125","targetHints":{"allow":["GET"]}}],"collection":[{"href":"https:\/\/www.europesays.com\/es\/wp-json\/wp\/v2\/posts"}],"about":[{"href":"https:\/\/www.europesays.com\/es\/wp-json\/wp\/v2\/types\/post"}],"author":[{"embeddable":true,"href":"https:\/\/www.europesays.com\/es\/wp-json\/wp\/v2\/users\/2"}],"replies":[{"embeddable":true,"href":"https:\/\/www.europesays.com\/es\/wp-json\/wp\/v2\/comments?post=316125"}],"version-history":[{"count":0,"href":"https:\/\/www.europesays.com\/es\/wp-json\/wp\/v2\/posts\/316125\/revisions"}],"wp:featuredmedia":[{"embeddable":true,"href":"https:\/\/www.europesays.com\/es\/wp-json\/wp\/v2\/media\/316126"}],"wp:attachment":[{"href":"https:\/\/www.europesays.com\/es\/wp-json\/wp\/v2\/media?parent=316125"}],"wp:term":[{"taxonomy":"category","embeddable":true,"href":"https:\/\/www.europesays.com\/es\/wp-json\/wp\/v2\/categories?post=316125"},{"taxonomy":"post_tag","embeddable":true,"href":"https:\/\/www.europesays.com\/es\/wp-json\/wp\/v2\/tags?post=316125"}],"curies":[{"name":"wp","href":"https:\/\/api.w.org\/{rel}","templated":true}]}}