{"id":316134,"date":"2025-12-31T19:29:13","date_gmt":"2025-12-31T19:29:13","guid":{"rendered":"https:\/\/www.europesays.com\/es\/316134\/"},"modified":"2025-12-31T19:29:13","modified_gmt":"2025-12-31T19:29:13","slug":"la-guardia-civil-frustra-una-rave-ilegal-cerca-de-hellin-con-1-000-vehiculos-llegados-desde-francia-o-dinamarca","status":"publish","type":"post","link":"https:\/\/www.europesays.com\/es\/316134\/","title":{"rendered":"La Guardia Civil frustra una rave ilegal cerca de Hell\u00edn con 1.000 veh\u00edculos llegados desde Francia o Dinamarca"},"content":{"rendered":"<p class=\"paragraph\" id=\"paragraph_1\">Castilla-La Mancha ha vuelto a ser objetivo de los <a href=\"https:\/\/www.elespanol.com\/eldigitalcastillalamancha\/region\/ciudad-real\/20250106\/acaba-rave-ilegal-aeropuerto-ciudad-real-horas-musica-diversion-ininterrumpidas\/914408665_0.html?utm_cmp_rs=linksinline\" rel=\"nofollow noopener\" target=\"_blank\">&#8216;raveros&#8217; en este final de 2025<\/a>. Como ya ocurriese hace justamente un a\u00f1o, cuando <strong>centenares de j\u00f3venes de toda Europa tomaron terrenos del aeropuerto de Ciudad Real<\/strong> para organizar una fiesta ilegal que se prolong\u00f3 hasta el D\u00eda de Reyes, en esta v\u00edspera de Nochevieja <strong>han vuelto a intentarlo en la comarca de Hell\u00edn aunque sin \u00e9xito.<\/strong><\/p>\n<p class=\"paragraph\" id=\"paragraph_2\">El campamento, compuesto por alrededor de<strong> mil veh\u00edculos y caravanas procedentes de diferentes puntos de Espa\u00f1a y pa\u00edses europeos como Francia y Dinamarca<\/strong>, pretend\u00eda instalarse<strong> junto al embalse del Cenajo<\/strong>, en el t\u00e9rmino municipal de Hell\u00edn (Albacete) a \u00faltima hora de la noche de este martes.<\/p>\n<p class=\"paragraph\" id=\"paragraph_3\">All\u00ed, fueron <strong>disueltos<\/strong> por los agentes de la Guardia Civil y como segunda opci\u00f3n <strong>se desplazaron a Cordovilla<\/strong>, una pedan\u00eda de Tobarra donde tampoco pudieron cumplir con sus planes.<\/p>\n<p><img loading=\"lazy\" decoding=\"async\" alt=\"Fiestero en Ciudad Real.\" height=\"180\" src=\"https:\/\/www.europesays.com\/es\/wp-content\/uploads\/2025\/12\/913668655_252078267_320x180.jpg\" width=\"320\" data-lazy-status=\"processed\" data-lazy-info=\"remove loading item 1\"\/><\/p>\n<p class=\"paragraph\" id=\"paragraph_4\">As\u00ed lo ha explicado la alcaldesa tobarre\u00f1a, <strong>Estefan\u00eda Escribano<\/strong> en unas declaraciones concedidas a la agencia Efe en las que precisa que <strong>los primeros veh\u00edculos comenzaron a llegar sobre las 23:00 horas y fueron disueltos pasadas las 3:00 de la madrugada. <\/strong><\/p>\n<p class=\"paragraph\" id=\"paragraph_5\">Durante el operativo, ha se\u00f1alado, se vivieron<strong> momentos de tensi\u00f3n<\/strong>, cuando algunos integrantes de la caravana increparon a los agentes y veh\u00edculos de los agentes.<\/p>\n<p class=\"paragraph\" id=\"paragraph_6\">La alcaldesa ha confirmado que por el momento no han podido armar la log\u00edstica necesaria para poner en marcha la fiesta pero <strong>teme que los organizadores hayan cambiado de ubicaci\u00f3n y puedan volver a intentarlo.<\/strong><\/p>\n<p class=\"paragraph\" id=\"paragraph_7\">Para frustrar estos planes, fuentes de la Guardia Civil de Albacete han confirmado a la misma agencia que est\u00e1n<strong> siguiendo de manera estrecha los movimientos de los asistentes<\/strong>, que por el momento \u00abest\u00e1n controlados\u00bb.<\/p>\n<p>Objetivo, evitar lo de hace un a\u00f1o<\/p>\n<p class=\"paragraph\" id=\"paragraph_8\">El objetivo de la Guardia Civil es abortar una concentraci\u00f3n ilegal como la que se produjo hace un a\u00f1o en los terrenos del aeropuerto de Ciudad Real.<\/p>\n<p class=\"paragraph\" id=\"paragraph_9\">La llamada <a href=\"https:\/\/www.elespanol.com\/reportajes\/20250103\/conexion-francesa-rave-ilegal-ciudad-real-organizacion-secreta-hippies-leo-citados-telegram\/913409076_0.html?utm_cmp_rs=linksinline\" rel=\"nofollow noopener\" target=\"_blank\"> &#8216;Big Fucking Party 2025&#8217;<\/a> lleg\u00f3 a colapsar carreteras y v\u00edas de comunicaci\u00f3n en sus inicios y<strong> congreg\u00f3 a m\u00e1s de 1.500 personas, seg\u00fan los c\u00e1lculos de la Subdelegaci\u00f3n del Gobierno en Ciudad Real, durante las m\u00e1s de 150 horas que la m\u00fasica son\u00f3 de manera ininterrumpida.<\/strong><\/p>\n<p><img decoding=\"async\" alt=\"Raveros en la macrofiesta de Ciudad Real.\" height=\"180\" loading=\"lazy\" width=\"320\" data-lazy-status=\"processed\" id=\"9d57377754\" src=\"https:\/\/www.elespanol.com\/eldigitalcastillalamancha\/region\/albacete\/20251231\/guardia-civil-frustra-rave-ilegal-cerca-hellin-vehiculos-llegados-francia-dinamarca\/[\" https:=\"\" data-lazy-info=\"changed src\"\/><\/p>\n<p class=\"paragraph\" id=\"paragraph_10\">Durante esos d\u00edas, los que transcurrieron entre Nochevieja y Reyes, los asistentes acudieron a la llamada de los organizadores, que <strong>se hab\u00edan valido de canales de comunicaci\u00f3n instant\u00e1nea como Telegram para ofrecer los detalles de la fiesta<\/strong> y burlar las medidas de seguridad.<\/p>\n<p class=\"paragraph\" id=\"paragraph_11\">La otra cara de la diversi\u00f3n se produjo tras su partida con la acumulaci\u00f3n de<strong> m\u00e1s de 50 toneladas de basura<\/strong>, seg\u00fan lamentaba la empresa propietaria del aeropuerto ciudadreale\u00f1o.<\/p>\n","protected":false},"excerpt":{"rendered":"Castilla-La Mancha ha vuelto a ser objetivo de los &#8216;raveros&#8217; en este final de 2025. Como ya ocurriese&hellip;\n","protected":false},"author":2,"featured_media":316135,"comment_status":"","ping_status":"","sticky":false,"template":"","format":"standard","meta":{"footnotes":""},"categories":[5],"tags":[2545,17,18,25,24,13,14,11,20182,19,20,73948,9,10,15,16,23,12,21,22],"class_list":{"0":"post-316134","1":"post","2":"type-post","3":"status-publish","4":"format-standard","5":"has-post-thumbnail","7":"category-titulares","8":"tag-albacete","9":"tag-breaking-news","10":"tag-breakingnews","11":"tag-es","12":"tag-espana","13":"tag-featured-news","14":"tag-featurednews","15":"tag-headlines","16":"tag-hellin","17":"tag-latest-news","18":"tag-latestnews","19":"tag-macrofiestas","20":"tag-news","21":"tag-noticias","22":"tag-noticias-destacadas","23":"tag-noticiasdestacadas","24":"tag-spain","25":"tag-titulares","26":"tag-ultimas-noticias","27":"tag-ultimasnoticias"},"share_on_mastodon":{"url":"https:\/\/pubeurope.com\/@es\/115815839415543503","error":""},"_links":{"self":[{"href":"https:\/\/www.europesays.com\/es\/wp-json\/wp\/v2\/posts\/316134","targetHints":{"allow":["GET"]}}],"collection":[{"href":"https:\/\/www.europesays.com\/es\/wp-json\/wp\/v2\/posts"}],"about":[{"href":"https:\/\/www.europesays.com\/es\/wp-json\/wp\/v2\/types\/post"}],"author":[{"embeddable":true,"href":"https:\/\/www.europesays.com\/es\/wp-json\/wp\/v2\/users\/2"}],"replies":[{"embeddable":true,"href":"https:\/\/www.europesays.com\/es\/wp-json\/wp\/v2\/comments?post=316134"}],"version-history":[{"count":0,"href":"https:\/\/www.europesays.com\/es\/wp-json\/wp\/v2\/posts\/316134\/revisions"}],"wp:featuredmedia":[{"embeddable":true,"href":"https:\/\/www.europesays.com\/es\/wp-json\/wp\/v2\/media\/316135"}],"wp:attachment":[{"href":"https:\/\/www.europesays.com\/es\/wp-json\/wp\/v2\/media?parent=316134"}],"wp:term":[{"taxonomy":"category","embeddable":true,"href":"https:\/\/www.europesays.com\/es\/wp-json\/wp\/v2\/categories?post=316134"},{"taxonomy":"post_tag","embeddable":true,"href":"https:\/\/www.europesays.com\/es\/wp-json\/wp\/v2\/tags?post=316134"}],"curies":[{"name":"wp","href":"https:\/\/api.w.org\/{rel}","templated":true}]}}