{"id":316140,"date":"2025-12-31T19:39:09","date_gmt":"2025-12-31T19:39:09","guid":{"rendered":"https:\/\/www.europesays.com\/es\/316140\/"},"modified":"2025-12-31T19:39:09","modified_gmt":"2025-12-31T19:39:09","slug":"estos-fueron-los-looks-de-fiesta-mas-iconicos-de-2025","status":"publish","type":"post","link":"https:\/\/www.europesays.com\/es\/316140\/","title":{"rendered":"Estos fueron los &#8216;looks&#8217; de fiesta m\u00e1s ic\u00f3nicos de 2025"},"content":{"rendered":"<p>          31\/12\/2025<br \/>\n          <br \/><strong><br \/>\n                  Actualizado a las 13:35h.<br \/>\n              <\/strong><\/p>\n<p class=\"voc-p\" style=\"\">Le ponemos el broche al a\u00f1o y, con \u00e9l, a todos los eventos que se han celebrado durante estos meses. Como es costumbre, abr\u00eda el 2025 la ceremonia de los <strong>Globo de Oro<\/strong>, seguida por encuentros tan sonados como los premios Goya, los \u00d3scar, la <strong>MET Gala<\/strong> y el festival de <strong>Cannes<\/strong>, que han sido el escenario de grandes y llamativos estilismos, entre los que destacaron los de famosas como <strong>Demi Moore<\/strong>, <strong>Zendaya, Selena G\u00f3mez o Ana de Armas.<\/strong><\/p>\n<p class=\"voc-p\" style=\"\">Se han visto vestidos en <strong>corte sirena<\/strong> y <strong>escotes<\/strong> en forma de coraz\u00f3n y de pico que se completan con brillantes y otras <strong>joyas<\/strong>; que se sigue apostando, aunque con menos \u00e9xito, por los trajes de dos piezas, y que destaca, sobre todo, la presencia de<strong> materiales fluidos<\/strong> como la seda y el sat\u00e9n. <\/p>\n<p class=\"voc-p\" style=\"\">Estos son los mejores &#8216;looks&#8217; de gala de este a\u00f1o que se acaba: <\/p>\n","protected":false},"excerpt":{"rendered":"31\/12\/2025 Actualizado a las 13:35h. Le ponemos el broche al a\u00f1o y, con \u00e9l, a todos los eventos&hellip;\n","protected":false},"author":2,"featured_media":316141,"comment_status":"","ping_status":"","sticky":false,"template":"","format":"standard","meta":{"footnotes":""},"categories":[174],"tags":[45,255,146,147,25,24,256,32432,54123,73949,23],"class_list":{"0":"post-316140","1":"post","2":"type-post","3":"status-publish","4":"format-standard","5":"has-post-thumbnail","7":"category-famosos","8":"tag-45","9":"tag-celebrities","10":"tag-entertainment","11":"tag-entretenimiento","12":"tag-es","13":"tag-espana","14":"tag-famosos","15":"tag-iconicos","16":"tag-looks","17":"tag-repasamos","18":"tag-spain"},"share_on_mastodon":{"url":"https:\/\/pubeurope.com\/@es\/115815878702120705","error":""},"_links":{"self":[{"href":"https:\/\/www.europesays.com\/es\/wp-json\/wp\/v2\/posts\/316140","targetHints":{"allow":["GET"]}}],"collection":[{"href":"https:\/\/www.europesays.com\/es\/wp-json\/wp\/v2\/posts"}],"about":[{"href":"https:\/\/www.europesays.com\/es\/wp-json\/wp\/v2\/types\/post"}],"author":[{"embeddable":true,"href":"https:\/\/www.europesays.com\/es\/wp-json\/wp\/v2\/users\/2"}],"replies":[{"embeddable":true,"href":"https:\/\/www.europesays.com\/es\/wp-json\/wp\/v2\/comments?post=316140"}],"version-history":[{"count":0,"href":"https:\/\/www.europesays.com\/es\/wp-json\/wp\/v2\/posts\/316140\/revisions"}],"wp:featuredmedia":[{"embeddable":true,"href":"https:\/\/www.europesays.com\/es\/wp-json\/wp\/v2\/media\/316141"}],"wp:attachment":[{"href":"https:\/\/www.europesays.com\/es\/wp-json\/wp\/v2\/media?parent=316140"}],"wp:term":[{"taxonomy":"category","embeddable":true,"href":"https:\/\/www.europesays.com\/es\/wp-json\/wp\/v2\/categories?post=316140"},{"taxonomy":"post_tag","embeddable":true,"href":"https:\/\/www.europesays.com\/es\/wp-json\/wp\/v2\/tags?post=316140"}],"curies":[{"name":"wp","href":"https:\/\/api.w.org\/{rel}","templated":true}]}}