{"id":316146,"date":"2025-12-31T19:43:20","date_gmt":"2025-12-31T19:43:20","guid":{"rendered":"https:\/\/www.europesays.com\/es\/316146\/"},"modified":"2025-12-31T19:43:20","modified_gmt":"2025-12-31T19:43:20","slug":"es-una-pieza-de-alto-nivel","status":"publish","type":"post","link":"https:\/\/www.europesays.com\/es\/316146\/","title":{"rendered":"es una pieza de alto nivel"},"content":{"rendered":"<p>El rock es uno de los mejores acompa\u00f1antes en el d\u00eda a d\u00eda, gracias a las emociones que puede generar con una sola canci\u00f3n. <a href=\"https:\/\/www.radioacktiva.com\/2025\/axl-rose-revela-la-cancion-de-guns-n-roses-de-la-que-se-arrepiente-fue-una-trampa-363307.html\" rel=\"nofollow noopener\" target=\"_blank\">Grandes artistas han sido capaces de componer una cantidad brillante de piezas legendarias.<\/a><\/p>\n<p>Particularmente, este g\u00e9nero ha sido parte de la vida de miles de personas por d\u00e9cadas. <strong>Por supuesto, en este 2025 no ha sido la excepci\u00f3n.<\/strong><\/p>\n<p><strong>M\u00e1s noticias: <a href=\"https:\/\/www.radioacktiva.com\/2025\/los-mejores-conciertos-de-rock-que-se-vivieron-en-el-2025-segun-la-ia-iron-maiden-entre-ellos-390612.html\" rel=\"nofollow noopener\" target=\"_blank\">Los mejores conciertos de rock que se vivieron en el 2025 seg\u00fan la IA; Iron Maiden entre ellos<\/a><\/strong><\/p>\n<p>En los \u00faltimos d\u00edas de este 2025 varias personas han reflexionado. De hecho, tambi\u00e9n utilizado este g\u00e9nero para pasar las jornadas finales junto a sus seres queridos. <a href=\"https:\/\/www.radioacktiva.com\/2025\/las-50-mejores-canciones-de-rock-del-2025-segun-radioacktiva-cual-falta-390386.html\" rel=\"nofollow noopener\" target=\"_blank\">Por ello, en este caso les tenemos un \u00e9xito perfecto para escuchar en el cierre de este a\u00f1o.<\/a><\/p>\n<p>La mejor canci\u00f3n de rock para el fin de 2025<\/p>\n<p>Dentro del amplio cat\u00e1logo del rock, varios \u00e9xitos han sido legendarios y han sido parte inolvidable de la vida de miles de amantes del g\u00e9nero alrededor del mundo.<\/p>\n<p>Varios \u00e9xitos han sido totalmente brillantes, y <strong>han funcionado como una parte perfecta de compa\u00f1\u00eda para cientos de personas, tanto en momentos de alegr\u00eda, como tambi\u00e9n de tristeza o adrenalina.<\/strong><\/p>\n<p>Claramente, para el final de a\u00f1o no puede faltar una pieza de rock <a href=\"https:\/\/www.radioacktiva.com\/2025\/las-canciones-de-rock-que-mas-producen-melancolia-pink-floyd-entre-las-mas-emotivas-338363.html\/amp\" rel=\"nofollow noopener\" target=\"_blank\">que sea la banda sonora para el cierre de 2025. Y aqu\u00ed de hecho, les tenemos una que funciona de manera perfecta.<\/a><\/p>\n<p>Se trata de, nada m\u00e1s y nada menos que, \u2018A Day In The Life\u2019. Esta es una pieza de alto nivel compuesta por los Beatles. Esta banda ha mantenido su legado por largos a\u00f1os, a pesar de su retiro hace varias d\u00e9cadas, sobre todo por \u00e9xitos como este.<\/p>\n<p>La hist\u00f3rica agrupaci\u00f3n de John Lennon, Paul McCartney, George Harrison y Ringo Starr <a href=\"https:\/\/www.radioacktiva.com\/2025\/los-mejores-conciertos-y-festivales-de-rock-que-llegan-a-colombia-en-el-2026-megadeth-entre-ellos-389294.html\" rel=\"nofollow noopener\" target=\"_blank\">son una compa\u00f1\u00eda perfecta para el cierre de 2025, sobre todo, si se trata de esta canci\u00f3n.<\/a><\/p>\n<blockquote class=\"instagram-media\" data-instgrm-captioned=\"\" data-instgrm-permalink=\"https:\/\/www.instagram.com\/reel\/DRUAzApjxZI\/?utm_source=ig_embed&amp;utm_campaign=loading\" data-instgrm-version=\"14\" style=\" background:#FFF; border:0; border-radius:3px; box-shadow:0 0 1px 0 rgba(0,0,0,0.5),0 1px 10px 0 rgba(0,0,0,0.15); margin: 1px; max-width:540px; min-width:326px; padding:0; width:99.375%; width:-webkit-calc(100% - 2px); width:calc(100% - 2px);\"\/>\n<p>Este ritmo cuenta con un ritmo acelerado <strong>que puede brindar una introspecci\u00f3n profunda y perfecta en el cierre de 2025.<\/strong><\/p>\n<p><strong>M\u00e1s noticias: <a href=\"https:\/\/www.radioacktiva.com\/2025\/la-famosa-cancion-de-rock-que-fue-censurada-por-la-bbc-su-letra-genero-una-gran-polemica-390669.html\" rel=\"nofollow noopener\" target=\"_blank\">La famosa canci\u00f3n de rock que fue censurada por la BBC; su letra gener\u00f3 una gran pol\u00e9mica<\/a><\/strong><\/p>\n<p>Del mismo modo, esta canci\u00f3n cuenta con una parte orquestal que <a href=\"https:\/\/www.radioacktiva.com\/2025\/la-cancion-de-rock-de-navidad-que-rolling-stone-considera-como-una-de-las-peores-390433.html\" rel=\"nofollow noopener\" target=\"_blank\">funciona como una melod\u00eda perfecta para la reflexi\u00f3n, especialmente en esta etapa de cierre de a\u00f1o.<\/a><\/p>\n<p>Por \u00faltimo, el cierre de esta pieza en piano puede ser la se\u00f1al de un nuevo comienzo. <strong>Esto es tal y como lo representa el comienzo de este 2026.<\/strong><\/p>\n<p>Sin dudas esta pieza es una gran opci\u00f3n, pero, puede sentirse libre de elegir otra canci\u00f3n del rock, un g\u00e9nero ideal para acompa\u00f1ar el fin de 2025.<\/p>\n<p>                <script async src=\"\/\/www.instagram.com\/embed.js\"><\/script><\/p>\n","protected":false},"excerpt":{"rendered":"El rock es uno de los mejores acompa\u00f1antes en el d\u00eda a d\u00eda, gracias a las emociones que&hellip;\n","protected":false},"author":2,"featured_media":316147,"comment_status":"","ping_status":"","sticky":false,"template":"","format":"standard","meta":{"footnotes":""},"categories":[170],"tags":[146,147,25,24,184,185,1273,23],"class_list":{"0":"post-316146","1":"post","2":"type-post","3":"status-publish","4":"format-standard","5":"has-post-thumbnail","7":"category-musica","8":"tag-entertainment","9":"tag-entretenimiento","10":"tag-es","11":"tag-espana","12":"tag-music","13":"tag-musica","14":"tag-rock","15":"tag-spain"},"share_on_mastodon":{"url":"https:\/\/pubeurope.com\/@es\/115815894480066851","error":""},"_links":{"self":[{"href":"https:\/\/www.europesays.com\/es\/wp-json\/wp\/v2\/posts\/316146","targetHints":{"allow":["GET"]}}],"collection":[{"href":"https:\/\/www.europesays.com\/es\/wp-json\/wp\/v2\/posts"}],"about":[{"href":"https:\/\/www.europesays.com\/es\/wp-json\/wp\/v2\/types\/post"}],"author":[{"embeddable":true,"href":"https:\/\/www.europesays.com\/es\/wp-json\/wp\/v2\/users\/2"}],"replies":[{"embeddable":true,"href":"https:\/\/www.europesays.com\/es\/wp-json\/wp\/v2\/comments?post=316146"}],"version-history":[{"count":0,"href":"https:\/\/www.europesays.com\/es\/wp-json\/wp\/v2\/posts\/316146\/revisions"}],"wp:featuredmedia":[{"embeddable":true,"href":"https:\/\/www.europesays.com\/es\/wp-json\/wp\/v2\/media\/316147"}],"wp:attachment":[{"href":"https:\/\/www.europesays.com\/es\/wp-json\/wp\/v2\/media?parent=316146"}],"wp:term":[{"taxonomy":"category","embeddable":true,"href":"https:\/\/www.europesays.com\/es\/wp-json\/wp\/v2\/categories?post=316146"},{"taxonomy":"post_tag","embeddable":true,"href":"https:\/\/www.europesays.com\/es\/wp-json\/wp\/v2\/tags?post=316146"}],"curies":[{"name":"wp","href":"https:\/\/api.w.org\/{rel}","templated":true}]}}