{"id":316148,"date":"2025-12-31T19:44:08","date_gmt":"2025-12-31T19:44:08","guid":{"rendered":"https:\/\/www.europesays.com\/es\/316148\/"},"modified":"2025-12-31T19:44:08","modified_gmt":"2025-12-31T19:44:08","slug":"critica-de-anaconda-el-bicho-es-lo-de-menos","status":"publish","type":"post","link":"https:\/\/www.europesays.com\/es\/316148\/","title":{"rendered":"Cr\u00edtica de &#8216;Anaconda&#8217;: El bicho es lo de menos"},"content":{"rendered":"<p>Hay quien ha escrito que esta perrer\u00eda cinematogr\u00e1fica es tonta, rid\u00edcula y nefanda. Hay que ser muy gili o ejercer cr\u00edtica de l\u00ednea dura, de  &#8230; puro extremoduro para hacer afirmaci\u00f3n tan peregrina. Hasta los sabios de &#8216;Cahiers du Cin\u00e9ma&#8217;. &#8216;Positif&#8217; o &#8216;Sight &amp; Sound&#8217;. Suelen demostrar m\u00e1s sentido del humor.<\/p>\n<p class=\"v-p\">Porque ya me dir\u00e1n ustedes qu\u00e9 profundidad no ya de campo sino intelectual, social, pol\u00edtica o f\u00edlmica se le puede exigir a un filme cuya escena m\u00e1s o menos cumbre consiste en ver a Jack Black, cuya \u00faltima haza\u00f1a fue &#8216;Una pel\u00edcula de Minecraft&#8217;, habiendo sido regurgitado por la anaconda, dado por muerto por sus compa\u00f1eros y convertido en un espantap\u00e1jaros-se\u00f1uelo-distracci\u00f3n para la constrictora. Le ponen en la cabeza una cr\u00eda de jabal\u00ed (tambi\u00e9n regurgitada) y le meten en la boca una ardilla muerta poque seg\u00fan el &#8216;apa\u00f1ao&#8217; de la cuadrilla a las serpientes les priva su carne&#8230;<\/p>\n<p class=\"v-p\">Este filmejo es qued\u00f3n, macarra, marrullero y no se han gastado mucho en el reptil. \u00bfPara qu\u00e9 si lo importante son otras cosas, cositas entre \u00f1o\u00f1as y lindas tal que perseguir tus sue\u00f1os, filmar a la brava sin tener los derechos de adaptaci\u00f3n, embarcarse en aventuras sin fin, hacerse un selfie con Ice Cube o volver a ser el cr\u00edo que filmaba con un Super 8 o, dependiendo de la generaci\u00f3n a la que pertenezcas, en cinta VHS.<\/p>\n<p class=\"v-p\">Parodia atorrante, a veces se le atasca el guion y tambi\u00e9n el ritmo pero ni te das cuenta porque, como espectador, est\u00e1s en otra onda. \u00bfEn cu\u00e1l? En que nos hemos quedado sin bicho, los mineros ilegales de oro van a por nosotros y Sony nos demandar\u00e1 por hacer una versi\u00f3n de frenop\u00e1tico de su gran cl\u00e1sico (es un decir) de 1997. Ah, recuerden que director y guionista firmaron &#8216;El insoportable peso de un talento descomunal&#8217;. Con Cage, s\u00ed.<\/p>\n","protected":false},"excerpt":{"rendered":"Hay quien ha escrito que esta perrer\u00eda cinematogr\u00e1fica es tonta, rid\u00edcula y nefanda. Hay que ser muy gili&hellip;\n","protected":false},"author":2,"featured_media":316149,"comment_status":"","ping_status":"","sticky":false,"template":"","format":"standard","meta":{"footnotes":""},"categories":[169],"tags":[19401,177,146,147,25,24,176,175,23],"class_list":{"0":"post-316148","1":"post","2":"type-post","3":"status-publish","4":"format-standard","5":"has-post-thumbnail","7":"category-cine","8":"tag-bicho","9":"tag-cine","10":"tag-entertainment","11":"tag-entretenimiento","12":"tag-es","13":"tag-espana","14":"tag-film","15":"tag-movies","16":"tag-spain"},"share_on_mastodon":{"url":"https:\/\/pubeurope.com\/@es\/115815898515328650","error":""},"_links":{"self":[{"href":"https:\/\/www.europesays.com\/es\/wp-json\/wp\/v2\/posts\/316148","targetHints":{"allow":["GET"]}}],"collection":[{"href":"https:\/\/www.europesays.com\/es\/wp-json\/wp\/v2\/posts"}],"about":[{"href":"https:\/\/www.europesays.com\/es\/wp-json\/wp\/v2\/types\/post"}],"author":[{"embeddable":true,"href":"https:\/\/www.europesays.com\/es\/wp-json\/wp\/v2\/users\/2"}],"replies":[{"embeddable":true,"href":"https:\/\/www.europesays.com\/es\/wp-json\/wp\/v2\/comments?post=316148"}],"version-history":[{"count":0,"href":"https:\/\/www.europesays.com\/es\/wp-json\/wp\/v2\/posts\/316148\/revisions"}],"wp:featuredmedia":[{"embeddable":true,"href":"https:\/\/www.europesays.com\/es\/wp-json\/wp\/v2\/media\/316149"}],"wp:attachment":[{"href":"https:\/\/www.europesays.com\/es\/wp-json\/wp\/v2\/media?parent=316148"}],"wp:term":[{"taxonomy":"category","embeddable":true,"href":"https:\/\/www.europesays.com\/es\/wp-json\/wp\/v2\/categories?post=316148"},{"taxonomy":"post_tag","embeddable":true,"href":"https:\/\/www.europesays.com\/es\/wp-json\/wp\/v2\/tags?post=316148"}],"curies":[{"name":"wp","href":"https:\/\/api.w.org\/{rel}","templated":true}]}}