{"id":316164,"date":"2025-12-31T19:52:09","date_gmt":"2025-12-31T19:52:09","guid":{"rendered":"https:\/\/www.europesays.com\/es\/316164\/"},"modified":"2025-12-31T19:52:09","modified_gmt":"2025-12-31T19:52:09","slug":"finlandia-detiene-un-barco-mientras-danaba-un-cable-de-telecomunicaciones-internacionales-internacional","status":"publish","type":"post","link":"https:\/\/www.europesays.com\/es\/316164\/","title":{"rendered":"Finlandia detiene un barco mientras da\u00f1aba un cable de telecomunicaciones internacionales | Internacional"},"content":{"rendered":"<p>Un comunicado de la polic\u00eda nacional finlandesa, desvela que la Guardia Fronteriza localiz\u00f3 una embarcaci\u00f3n sospechosa de causar los da\u00f1os contra el cable de comunicaci\u00f3n que une Finlandia con Estonia. Las autoridades finlandesas tomaron el control del barco en una operaci\u00f3n conjunta, han detenido a 14 personas que formaban parte de la tripulaci\u00f3n y se han dirigido a puerto. <\/p>\n<p>El buque con bandera de San Vicente y Granadinas (pa\u00eds del caribe), llamado Fitburg, proced\u00eda de San Petersburgo y se dirig\u00eda a Israel. La guardia costera con uno de sus helic\u00f3pteros comprob\u00f3 que la nave hab\u00eda lanzado el ancla mientras segu\u00eda navegando en una zona donde discurre el conglomerado de cables que unen Finlandia con el continente. <\/p>\n<p>El barco sospechoso fue interceptado por el buque patrulla de la Guardia Fronteriza Turva y un helic\u00f3ptero en la zona econ\u00f3mica exclusiva de Finlandia, mientras que el da\u00f1o del cable reportado por Elisa se localiza en la zona econ\u00f3mica de Estonia. <\/p>\n<p>En una publicaci\u00f3n en la red social X, el primer ministro finland\u00e9s, Petteri Orpo (NCP), dijo que hab\u00eda hablado con el primer ministro de Estonia, Kristen Michal, sobre el incidente y que las autoridades est\u00e1n trabajando en buena cooperaci\u00f3n\u00bb.<\/p>\n<blockquote class=\"twitter-tweet\">\n<p lang=\"en\" dir=\"ltr\">I spoke with my Estonian colleague <a href=\"https:\/\/twitter.com\/KristenMichalPM?ref_src=twsrc%5Etfw\" rel=\"nofollow noopener\" target=\"_blank\">@KristenMichalPM<\/a> about the cable damage in the Gulf of Finland. Our authorities are working in good co-operation.<\/p>\n<p>\u2014 Petteri Orpo (@PetteriOrpo) <a href=\"https:\/\/twitter.com\/PetteriOrpo\/status\/2006333158967718229?ref_src=twsrc%5Etfw\" rel=\"nofollow noopener\" target=\"_blank\">December 31, 2025<\/a><\/p><\/blockquote>\n<p>La polic\u00eda ha consultado a la Fiscal\u00eda General de la Naci\u00f3n, que ha emitido una orden de procesamiento mientras que la polic\u00eda est\u00e1 investigando el incidente como da\u00f1o criminal agravado, intento de da\u00f1o criminal agravado e interferencia agravada con las telecomunicaciones. <\/p>\n<p>Seg\u00fan el sitio web de seguimiento de barcos MarineTraffic, el barco se encuentra frente a la costa de Porkkala. <\/p>\n<p>La Navidad pasada, un petrolero llamado Eagle S arrastr\u00f3 su ancla por el lecho marino, da\u00f1ando varios cables submarinos entre Finlandia y Estonia. El capit\u00e1n del buque afirm\u00f3 que el incidente fue accidental . <\/p>\n<p>Tras un juicio celebrado el pasado oto\u00f1o, el Tribunal de Distrito de Helsinki declar\u00f3 que carec\u00eda de jurisdicci\u00f3n en el caso. <\/p>\n<p>El presidente finland\u00e9s, Alexander Stubb, dijo en una publicaci\u00f3n en X que el pa\u00eds \u00abest\u00e1 preparado para desaf\u00edos de seguridad de varios tipos y respondemos a ellos seg\u00fan sea necesario\u00bb.<\/p>\n<p><script async src=\"https:\/\/platform.twitter.com\/widgets.js\" charset=\"utf-8\"><\/script><\/p>\n","protected":false},"excerpt":{"rendered":"Un comunicado de la polic\u00eda nacional finlandesa, desvela que la Guardia Fronteriza localiz\u00f3 una embarcaci\u00f3n sospechosa de causar&hellip;\n","protected":false},"author":2,"featured_media":316165,"comment_status":"","ping_status":"","sticky":false,"template":"","format":"standard","meta":{"footnotes":""},"categories":[5],"tags":[17,18,11046,25,24,13,14,11,19,20,9,10,15,16,23,73951,12,21,22,35275],"class_list":{"0":"post-316164","1":"post","2":"type-post","3":"status-publish","4":"format-standard","5":"has-post-thumbnail","7":"category-titulares","8":"tag-breaking-news","9":"tag-breakingnews","10":"tag-damage","11":"tag-es","12":"tag-espana","13":"tag-featured-news","14":"tag-featurednews","15":"tag-headlines","16":"tag-latest-news","17":"tag-latestnews","18":"tag-news","19":"tag-noticias","20":"tag-noticias-destacadas","21":"tag-noticiasdestacadas","22":"tag-spain","23":"tag-tallin","24":"tag-titulares","25":"tag-ultimas-noticias","26":"tag-ultimasnoticias","27":"tag-vessel"},"share_on_mastodon":{"url":"https:\/\/pubeurope.com\/@es\/115815929772902610","error":""},"_links":{"self":[{"href":"https:\/\/www.europesays.com\/es\/wp-json\/wp\/v2\/posts\/316164","targetHints":{"allow":["GET"]}}],"collection":[{"href":"https:\/\/www.europesays.com\/es\/wp-json\/wp\/v2\/posts"}],"about":[{"href":"https:\/\/www.europesays.com\/es\/wp-json\/wp\/v2\/types\/post"}],"author":[{"embeddable":true,"href":"https:\/\/www.europesays.com\/es\/wp-json\/wp\/v2\/users\/2"}],"replies":[{"embeddable":true,"href":"https:\/\/www.europesays.com\/es\/wp-json\/wp\/v2\/comments?post=316164"}],"version-history":[{"count":0,"href":"https:\/\/www.europesays.com\/es\/wp-json\/wp\/v2\/posts\/316164\/revisions"}],"wp:featuredmedia":[{"embeddable":true,"href":"https:\/\/www.europesays.com\/es\/wp-json\/wp\/v2\/media\/316165"}],"wp:attachment":[{"href":"https:\/\/www.europesays.com\/es\/wp-json\/wp\/v2\/media?parent=316164"}],"wp:term":[{"taxonomy":"category","embeddable":true,"href":"https:\/\/www.europesays.com\/es\/wp-json\/wp\/v2\/categories?post=316164"},{"taxonomy":"post_tag","embeddable":true,"href":"https:\/\/www.europesays.com\/es\/wp-json\/wp\/v2\/tags?post=316164"}],"curies":[{"name":"wp","href":"https:\/\/api.w.org\/{rel}","templated":true}]}}