{"id":31617,"date":"2025-08-07T13:06:10","date_gmt":"2025-08-07T13:06:10","guid":{"rendered":"https:\/\/www.europesays.com\/es\/31617\/"},"modified":"2025-08-07T13:06:10","modified_gmt":"2025-08-07T13:06:10","slug":"ya-es-oficial-un-actor-de-la-casa-del-dragon-se-une-a-ryan-gosling-como-nuevo-villano-de-star-wars-starfighter-vandal","status":"publish","type":"post","link":"https:\/\/www.europesays.com\/es\/31617\/","title":{"rendered":"Ya es oficial, un actor de &#039;La Casa del Drag\u00f3n&#039; se une a Ryan Gosling como nuevo villano de &#039;Star Wars: Starfighter&#039; &#8211; Vandal"},"content":{"rendered":"<ol>\n<li><a href=\"https:\/\/news.google.com\/rss\/articles\/CBMi7gFBVV95cUxQQjQ1elNrNm1ZeDFfWlZKMVhJQzN3TUZ4S0pGQ0pTQjA1OVFzUXA0OU9GS0YyLWR0bC1penZLQTJTWDRUd3dmMzVPZVV2dzNuMzUzdXY2bFU0VmgwX3JJUmNLUEhhRlBGaWRJUlVyQ1gtbFhaNUhvOTJkOXJsVDJKY2FRaHBhX3R2bmxGXy1mWG9QNTE4WlpjWVRqZlN2TUxTTWMyZmJvQkc2NC1yZWRLUndtdkMza1BnUmNtb3NSZFZxM3pLRXItdVp3Nlg3NTVkR2xmcmdLUm5NMk85UGZfWlFMS0FaVTh5MTNibFJR0gHzAUFVX3lxTFAxSmNnRUdwQXp4cExsemc2eU1vQmt5QTE5ZEU0YXRoQVBsUVU1bHhKUTFPSENmbmU5d3B4MU9OWGpVaV9IX0k3aU9sUkJBSzVDdFhWTzVGVmdsa19YaUJsS2N4ZUUwbExhUktZTXp0Q3h6MV93eW1mWWJRYUtaZXU4UG13UGpFXy1hb29UQ0c0R2ZLNFZIWDlLV2tRX3RVUU1GWXlpeE1STE0tdTRqaXQ5QjdjN1dGTTcwbTBneGM3WTltemt3bEtHQkdrYmUyUnRPQ1dDTkx3dFotZHk1a215VFV3WEpjc2EwSnlKdFFaZ2RIOA?oc=5\" target=\"_blank\" rel=\"nofollow noopener\">Ya es oficial, un actor de &#8216;La Casa del Drag\u00f3n&#8217; se une a Ryan Gosling como nuevo villano de &#8216;Star Wars: Starfighter&#8217;<\/a>&nbsp;&nbsp;Vandal<\/li>\n<li><a href=\"https:\/\/news.google.com\/rss\/articles\/CBMia0FVX3lxTE94ZjE2bVA3dXV3VGRsd0ZZbGZzc0Q0WVowQXAwYkZMOUlzdWRtclFOcXd5aG80TDJTeUJnRGJJWlNZVmFxVWV2SHVSSTRiRDQyZkFMZVg3aWh0SGV5Qks5UFlSOElfRElIVldn0gFwQVVfeXFMT3EtOXktX3pwZlpoeEtJa0hsbWdNOXdzUk5xcG1NN2RTcjh2TGlzMnRxbEhfelZaUTdZVzNhcVdLVk1xREpURWJIVUZ0MmV4MEUyT0FQMDgtdEtYMTZZZkJWODBfMk9kTUgtRTdqRGRDQw?oc=5\" target=\"_blank\" rel=\"nofollow noopener\">La nueva pel\u00edcula de &#8216;Star Wars&#8217; encuentra a su villano: El actor estuvo a punto de protagonizar &#8216;El Ascenso de Skywalker&#8217;<\/a>&nbsp;&nbsp;SensaCine<\/li>\n<li><a href=\"https:\/\/news.google.com\/rss\/articles\/CBMi4gFBVV95cUxPZHZkUE0wZmZJNDlJYWZCR0FnMEpSWEVmcjBiaVB3S1NyOTB1SW1NYkU0Y21QWmdCbUVpWElZWDN2M29FbHVPYWxvTnFGUnpYcmJBZDdENk5qR1FiV1BJVXk1T201RkkzNzFubmRQMDZpMUVweG9FMU5XZ25NUEF0M1hkZi04UVViWDQ0cHZqS1lsUy02bG96d0ZBUFJYSTREUDNUaTdUM0l6VmVVeWRQY2lTSVg2UUtwOGxyT0EzSFdCanB4RDQ3MzQxXzJlMlBFQVpMUS1nVDlvVVR3b3NhTXB30gH2AUFVX3lxTE5tRExFWHVIUDJiTndMXzc5em5rOUJXOUVicTI1aHNlb2s5Y1FqTmRPZkRzRUswRUc1MWYtYUVnLUNXSEhHV1RzcTE4YncyRWtxNUV4OFpiMUJ6LTI2RjNrYVNQNEhXcm9ySlgwWjJUeW9Vc0NJOW95N1RzeGQtaW5hMlVLNHF1VF9uRWxxVnQ4Q0tZSUNmOVhodDdXb2NnUHNKdWpMcEdfbEM2d0dad1FuVjNpa0hRcHJZY2JkTWdvcUNkQ0JESXdQNnZRZ2daOUJES2JyMG4zZVFPMklyV1YtcU5MeXlvVGVyV21ZbFJTalZmN2lsQQ?oc=5\" target=\"_blank\" rel=\"nofollow noopener\">La nueva pel\u00edcula de &#8216;Star Wars&#8217; tiene a los villanos m\u00e1s emocionantes desde la etapa de George Lucas<\/a>&nbsp;&nbsp;La Raz\u00f3n<\/li>\n<li><a href=\"https:\/\/news.google.com\/rss\/articles\/CBMivAFBVV95cUxNdWNRLVQyM2ZWX1U4MXEwTE5zQzNhZnVTU1JLNXpPTkcyMlRWRnpWaVJJZVUzSC16N3puTmc2Y2hZaU9Da3AtS2J4VjFmSjY0UkNjSks3WldvRlpaYTkyNlRVU1FZVEVfel9mcTItR1NRb0RQZVl6SDlBRlJZb0lxYkpEZ21lYzdvWlAtWmVuOFBGWEk0VzZDb2g5R0xtSWlzdWxsb1JpZDAyNlZwUDJud2ZmOV9qYXNxNU91eg?oc=5\" target=\"_blank\" rel=\"nofollow noopener\">&#8216;Star Wars: Starfighter&#8217;: fecha de estreno reparto, sinopsis y todo sobre la nueva pel\u00edcula con Ryan Gosling<\/a>&nbsp;&nbsp;Fotogramas<\/li>\n<li><a href=\"https:\/\/news.google.com\/rss\/articles\/CBMixAFBVV95cUxQQVFjTDRBazJZaGtrMUNwUlZ6cmY3V2lSejFHUWl0N1FaNnotVzRiNHB5WGRfbXBCNmRjMzh3VURTREFPcjAwUzlpUnp1LUNFRm14d1JrdkpMa3ctTU41bVhTNEZnZUhqSTA5eTJpMElZQUtkNmp2bGZZZlVYeXBaRHBidm5vbHlTUHJtbzViWHlrSFFRTjN6bnNNVWgzaVRsTU5oc1A3ZWZfVE14ZmdKeU8wRE5jR0dKczFkWnZ4ZzA3Q2hW?oc=5\" target=\"_blank\" rel=\"nofollow noopener\">Ryan Gosling en &#8216;Star Wars&#8217; tendr\u00e1 que enfrentarse al actor m\u00e1s temible de &#8216;La casa del drag\u00f3n&#8217;<\/a>&nbsp;&nbsp;20Minutos<\/li>\n<\/ol>\n","protected":false},"excerpt":{"rendered":"Ya es oficial, un actor de &#8216;La Casa del Drag\u00f3n&#8217; se une a Ryan Gosling como nuevo villano&hellip;\n","protected":false},"author":2,"featured_media":31618,"comment_status":"","ping_status":"","sticky":false,"template":"","format":"standard","meta":{"footnotes":""},"categories":[169],"tags":[177,146,147,25,24,2065,176,175,23],"class_list":{"0":"post-31617","1":"post","2":"type-post","3":"status-publish","4":"format-standard","5":"has-post-thumbnail","7":"category-cine","8":"tag-cine","9":"tag-entertainment","10":"tag-entretenimiento","11":"tag-es","12":"tag-espana","13":"tag-faltan-tags","14":"tag-film","15":"tag-movies","16":"tag-spain"},"share_on_mastodon":{"url":"","error":""},"_links":{"self":[{"href":"https:\/\/www.europesays.com\/es\/wp-json\/wp\/v2\/posts\/31617","targetHints":{"allow":["GET"]}}],"collection":[{"href":"https:\/\/www.europesays.com\/es\/wp-json\/wp\/v2\/posts"}],"about":[{"href":"https:\/\/www.europesays.com\/es\/wp-json\/wp\/v2\/types\/post"}],"author":[{"embeddable":true,"href":"https:\/\/www.europesays.com\/es\/wp-json\/wp\/v2\/users\/2"}],"replies":[{"embeddable":true,"href":"https:\/\/www.europesays.com\/es\/wp-json\/wp\/v2\/comments?post=31617"}],"version-history":[{"count":0,"href":"https:\/\/www.europesays.com\/es\/wp-json\/wp\/v2\/posts\/31617\/revisions"}],"wp:featuredmedia":[{"embeddable":true,"href":"https:\/\/www.europesays.com\/es\/wp-json\/wp\/v2\/media\/31618"}],"wp:attachment":[{"href":"https:\/\/www.europesays.com\/es\/wp-json\/wp\/v2\/media?parent=31617"}],"wp:term":[{"taxonomy":"category","embeddable":true,"href":"https:\/\/www.europesays.com\/es\/wp-json\/wp\/v2\/categories?post=31617"},{"taxonomy":"post_tag","embeddable":true,"href":"https:\/\/www.europesays.com\/es\/wp-json\/wp\/v2\/tags?post=31617"}],"curies":[{"name":"wp","href":"https:\/\/api.w.org\/{rel}","templated":true}]}}