{"id":316177,"date":"2025-12-31T20:08:09","date_gmt":"2025-12-31T20:08:09","guid":{"rendered":"https:\/\/www.europesays.com\/es\/316177\/"},"modified":"2025-12-31T20:08:09","modified_gmt":"2025-12-31T20:08:09","slug":"roberto-carlos-intervenido-de-urgencia-por-un-problema-cardiaco","status":"publish","type":"post","link":"https:\/\/www.europesays.com\/es\/316177\/","title":{"rendered":"Roberto Carlos, intervenido de urgencia por un problema cardiaco"},"content":{"rendered":"<p class=\"v-mdl-ath__p v-mdl-ath__p--6\">\nMi\u00e9rcoles, 31 de diciembre 2025, 16:30<\/p>\n<p class=\"v-p\">Roberto Carlos ha tenido que ser ingresado en un hospital de Brasil por un problema cardiaco. El exfutbolista del Real Madrid, entre otros equipos, acudi\u00f3 a un centro sanitario a someterse a unas pruebas m\u00e9dicas por un peque\u00f1o trombo detectado en una pierna. Durante la exploraci\u00f3n, los facultativos decidieron realizarle una resonancia de cuerpo completo, una prueba que result\u00f3 determinante para descubrir una anomal\u00eda en el funcionamiento de su coraz\u00f3n.<\/p>\n<p class=\"v-p\">Al brasile\u00f1o, de 52 a\u00f1os de edad, se le oper\u00f3 para colocarle un cat\u00e9ter que ayudase a corregir el problema card\u00edaco. Una intervenci\u00f3n que estaba planificada para unos 40 minutos pero que se prolong\u00f3 hasta casi tres horas debido a complicaciones surgidas durante la operaci\u00f3n. Finalmente todo sali\u00f3 bien y el embajador del Real Madrid se encuentra fuera de peligro, pero muy vigilado. Va a estar en observaci\u00f3n 48 horas m\u00e1s para ver que su evoluci\u00f3n sea positiva.<\/p>\n<p class=\"v-p\">Por su parte, el colaborador de &#8216;El Chiringuito&#8217; Crist\u00f3bal Soria ha explicado en el programa &#8216;Espejo P\u00fablico&#8217; que Roberto Carlos habr\u00eda sufrido un infarto. \u00abSe encuentra ahora mismo ingresado en un hospital de S\u00e3o Paulo. Insisto, fuera de peligro, pero ha sufrido un infarto\u00bb, se\u00f1al\u00f3 Soria, quien dijo que el exjugador estaba en Brasil junto a su esposa y uno de sus hijos cuando se produjo el episodio.<\/p>\n<p>Reporta un error<\/p>\n","protected":false},"excerpt":{"rendered":"Mi\u00e9rcoles, 31 de diciembre 2025, 16:30 Roberto Carlos ha tenido que ser ingresado en un hospital de Brasil&hellip;\n","protected":false},"author":2,"featured_media":316178,"comment_status":"","ping_status":"","sticky":false,"template":"","format":"standard","meta":{"footnotes":""},"categories":[93],"tags":[23512,415,168,25,24,9933,9632,15613,23,167,9849],"class_list":{"0":"post-316177","1":"post","2":"type-post","3":"status-publish","4":"format-standard","5":"has-post-thumbnail","7":"category-deportes","8":"tag-cardiaco","9":"tag-carlos","10":"tag-deportes","11":"tag-es","12":"tag-espana","13":"tag-intervenido","14":"tag-problema","15":"tag-roberto","16":"tag-spain","17":"tag-sports","18":"tag-urgencia"},"share_on_mastodon":{"url":"https:\/\/pubeurope.com\/@es\/115815992950307035","error":""},"_links":{"self":[{"href":"https:\/\/www.europesays.com\/es\/wp-json\/wp\/v2\/posts\/316177","targetHints":{"allow":["GET"]}}],"collection":[{"href":"https:\/\/www.europesays.com\/es\/wp-json\/wp\/v2\/posts"}],"about":[{"href":"https:\/\/www.europesays.com\/es\/wp-json\/wp\/v2\/types\/post"}],"author":[{"embeddable":true,"href":"https:\/\/www.europesays.com\/es\/wp-json\/wp\/v2\/users\/2"}],"replies":[{"embeddable":true,"href":"https:\/\/www.europesays.com\/es\/wp-json\/wp\/v2\/comments?post=316177"}],"version-history":[{"count":0,"href":"https:\/\/www.europesays.com\/es\/wp-json\/wp\/v2\/posts\/316177\/revisions"}],"wp:featuredmedia":[{"embeddable":true,"href":"https:\/\/www.europesays.com\/es\/wp-json\/wp\/v2\/media\/316178"}],"wp:attachment":[{"href":"https:\/\/www.europesays.com\/es\/wp-json\/wp\/v2\/media?parent=316177"}],"wp:term":[{"taxonomy":"category","embeddable":true,"href":"https:\/\/www.europesays.com\/es\/wp-json\/wp\/v2\/categories?post=316177"},{"taxonomy":"post_tag","embeddable":true,"href":"https:\/\/www.europesays.com\/es\/wp-json\/wp\/v2\/tags?post=316177"}],"curies":[{"name":"wp","href":"https:\/\/api.w.org\/{rel}","templated":true}]}}