{"id":316208,"date":"2025-12-31T20:35:12","date_gmt":"2025-12-31T20:35:12","guid":{"rendered":"https:\/\/www.europesays.com\/es\/316208\/"},"modified":"2025-12-31T20:35:12","modified_gmt":"2025-12-31T20:35:12","slug":"cambiara-bugatti-de-manos-en-2026-rimac-ya-tendria-una-oferta-para-quitar-de-en-medio-a-porsche","status":"publish","type":"post","link":"https:\/\/www.europesays.com\/es\/316208\/","title":{"rendered":"\u00bfCambiar\u00e1 Bugatti de manos en 2026? Rimac ya tendr\u00eda una oferta para quitar de en medio a Porsche"},"content":{"rendered":"<p data-journey-content=\"true\" data-node-id=\"3\" class=\"css-6wxqfj emevuu60\"><strong data-node-id=\"3.0\">En 2021 asistimos a una maniobra financiera y empresarial con pocos precedentes en el universo de la automoci\u00f3n: Bugatti se fusionaba con Rimac<\/strong> para crear una &#8216;joint venture&#8217; donde el Grupo Volkswagen, a trav\u00e9s de Porsche, mantendr\u00eda la posesi\u00f3n mayoritaria de la elitista marca.<\/p>\n<p data-journey-content=\"true\" data-node-id=\"6\" class=\"css-6wxqfj emevuu60\">Han pasado cuatro a\u00f1os de aquello, y <strong data-node-id=\"6.1\">este curioso triunvirato ha generado sus buenos frutos<\/strong>, empezando por un Grupo Volkswagen que ha gozado de acceso privilegiado a las revolucionarias tecnolog\u00edas de propulsi\u00f3n el\u00e9ctrica de Rimac.<\/p>\n<p data-journey-content=\"true\" data-node-id=\"8\" class=\"css-6wxqfj emevuu60\">Pero, igualmente, la f\u00f3rmula conlleva un delicado equilibrio que podr\u00eda romperse en 2026. Al menos, as\u00ed ser\u00e1 de confirmarse lo que apunta <a href=\"https:\/\/www.bloomberg.com\/news\/articles\/2025-12-29\/porsche-s-bugatti-stake-eyed-by-sawiris-scion-bluefive-capital\" target=\"_blank\" rel=\"nofollow noopener\" data-vars-ga-outbound-link=\"https:\/\/www.bloomberg.com\/news\/articles\/2025-12-29\/porsche-s-bugatti-stake-eyed-by-sawiris-scion-bluefive-capital\" data-vars-ga-ux-element=\"Hyperlink\" data-vars-ga-call-to-action=\"un reciente informe de Bloomberg\" data-node-id=\"8.1\" class=\"body-link css-168zq96 emevuu60\">un reciente informe de Bloomberg<\/a>, en el cual se menciona a <strong data-node-id=\"8.3\">un grupo de capital riesgo que habr\u00eda ofrecido a Rimac comprar el paquete de acciones de Bugatti que est\u00e1 en manos de Porsche<\/strong>.<\/p>\n<p>Un cambio de manos que Mate Rimac \u00bfanhela en secreto?<\/p>\n<p id=\"header_\" data-journey-content=\"true\" data-node-id=\"13\" class=\"body-text css-6wxqfj emevuu60\">Seg\u00fan el informe de Bloomberg <strong data-node-id=\"13.1\">este grupo de capital riesgo, denominado HOF Capital<\/strong> y cofundado por un miembro de la familia Sawiris -una de las m\u00e1s acaudaladas y poderosas de Egipto-, <strong data-node-id=\"13.3\">se encontrar\u00eda en conversaciones con Rimac y Porsche a fin de adquirir el paquete del 45% de acciones que esta \u00faltima posee sobre Bugatti<\/strong>. La operaci\u00f3n estar\u00eda respaldada por una segunda entidad financiera, de nombre BlueFive Capital.<\/p>\n<p><img draggable=\"true\" alt=\"bugatti brouillard\" title=\"Bugatti Brouillard\" loading=\"lazy\" width=\"4044\" height=\"2275\" decoding=\"async\" data-nimg=\"1\" style=\"color:transparent;width:100%;height:auto;\"   src=\"https:\/\/www.europesays.com\/es\/wp-content\/uploads\/2025\/12\/bugatti-brouillard-2-6894ce841e7f9.jpg\" class=\"css-0 e1g79fud0\"\/><a target=\"_blank\" rel=\"noopener nofollow\" data-theme-key=\"base-link\" href=\"https:\/\/pinterest.com\/pin\/create\/button\/?url=https:\/\/www.caranddriver.com\/es\/coches\/planeta-motor\/a69893771\/bugatti-2026-rimac-oferta-porsche\/&amp;description=&amp;media=https:\/\/hips.hearstapps.com\/hmg-prod\/images\/bugatti-brouillard-2-6894ce841e7f9.jpg?resize=1600:*\" class=\"pinterest css-on9hn5 e1c1bym14\"><img decoding=\"async\" data-dynamic-svg=\"true\" src=\"https:\/\/www.caranddriver.com\/_assets\/design-tokens\/fre\/static\/icons\/social\/pinterest.e8cf655.svg?primary=%2523ffffff\" loading=\"lazy\" data-testid=\"dynamic-svg-base\" height=\"auto\" width=\"auto\" alt=\"pinterest\" class=\"css-4lml0h e1mlxuuw1\"\/><\/a><\/p>\n<p>Bugatti\/\/Car and Driver<\/p>\n<blockquote data-theme-key=\"pullquote\" class=\"css-1eiql25 e1pe3zr91\">\n<blockquote class=\"css-fetnbk e1pe3zr90\"><p>Mate Rimac reconoce di\u00e1logos con Porsche sobre el futuro de Bugatti y Rimac<\/p><\/blockquote>\n<\/blockquote>\n<p><img draggable=\"true\" alt=\"mate rimac con el bugatti tourbillon\" title=\"Mate Rimac con el Bugatti Tourbillon\" loading=\"lazy\" width=\"5000\" height=\"3333\" decoding=\"async\" data-nimg=\"1\" style=\"color:transparent;width:100%;height:auto;\"   src=\"https:\/\/www.europesays.com\/es\/wp-content\/uploads\/2025\/12\/01-bugatti-looking-forward-2025-looking-back-2024-1-1-68f2590f5fd01.jpg\" class=\"css-0 e1g79fud0\"\/><a target=\"_blank\" rel=\"noopener nofollow\" data-theme-key=\"base-link\" href=\"https:\/\/pinterest.com\/pin\/create\/button\/?url=https:\/\/www.caranddriver.com\/es\/coches\/planeta-motor\/a69893771\/bugatti-2026-rimac-oferta-porsche\/&amp;description=&amp;media=https:\/\/hips.hearstapps.com\/hmg-prod\/images\/01-bugatti-looking-forward-2025-looking-back-2024-1-1-68f2590f5fd01.jpg?resize=1600:*\" class=\"pinterest css-on9hn5 e1c1bym14\"><img decoding=\"async\" data-dynamic-svg=\"true\" src=\"https:\/\/www.caranddriver.com\/_assets\/design-tokens\/fre\/static\/icons\/social\/pinterest.e8cf655.svg?primary=%2523ffffff\" loading=\"lazy\" data-testid=\"dynamic-svg-base\" height=\"auto\" width=\"auto\" alt=\"pinterest\" class=\"css-4lml0h e1mlxuuw1\"\/><\/a><\/p>\n<p>Bugatti\/\/Car and Driver<\/p>\n<p><img decoding=\"async\" data-dynamic-svg=\"true\" src=\"https:\/\/www.caranddriver.com\/_assets\/design-tokens\/caranddriver\/static\/images\/logos\/lettermark.ac32a54.svg?primary=%2523000\" loading=\"lazy\" data-testid=\"dynamic-svg-base\" height=\"100\" width=\"100\" alt=\"Lettermark\" class=\"css-7mevzh ev8dhu50\"\/><\/p>\n<p>Especializado entusiasta en motor, competici\u00f3n, historia y t\u00e9cnica del autom\u00f3vil. Eterno aprendiz, tambi\u00e9n, en el novedoso sector de la movilidad sostenible. Licenciado en Periodismo con varios a\u00f1os de experiencia en esto de hablar sobre las cuatro ruedas.<\/p>\n","protected":false},"excerpt":{"rendered":"En 2021 asistimos a una maniobra financiera y empresarial con pocos precedentes en el universo de la automoci\u00f3n:&hellip;\n","protected":false},"author":2,"featured_media":289002,"comment_status":"","ping_status":"","sticky":false,"template":"","format":"standard","meta":{"footnotes":""},"categories":[80],"tags":[82,253,95,94,25,24,23],"class_list":{"0":"post-316208","1":"post","2":"type-post","3":"status-publish","4":"format-standard","5":"has-post-thumbnail","7":"category-economia","8":"tag-business","9":"tag-discover","10":"tag-economia","11":"tag-economy","12":"tag-es","13":"tag-espana","14":"tag-spain"},"share_on_mastodon":{"url":"https:\/\/pubeurope.com\/@es\/115816098993190553","error":""},"_links":{"self":[{"href":"https:\/\/www.europesays.com\/es\/wp-json\/wp\/v2\/posts\/316208","targetHints":{"allow":["GET"]}}],"collection":[{"href":"https:\/\/www.europesays.com\/es\/wp-json\/wp\/v2\/posts"}],"about":[{"href":"https:\/\/www.europesays.com\/es\/wp-json\/wp\/v2\/types\/post"}],"author":[{"embeddable":true,"href":"https:\/\/www.europesays.com\/es\/wp-json\/wp\/v2\/users\/2"}],"replies":[{"embeddable":true,"href":"https:\/\/www.europesays.com\/es\/wp-json\/wp\/v2\/comments?post=316208"}],"version-history":[{"count":0,"href":"https:\/\/www.europesays.com\/es\/wp-json\/wp\/v2\/posts\/316208\/revisions"}],"wp:featuredmedia":[{"embeddable":true,"href":"https:\/\/www.europesays.com\/es\/wp-json\/wp\/v2\/media\/289002"}],"wp:attachment":[{"href":"https:\/\/www.europesays.com\/es\/wp-json\/wp\/v2\/media?parent=316208"}],"wp:term":[{"taxonomy":"category","embeddable":true,"href":"https:\/\/www.europesays.com\/es\/wp-json\/wp\/v2\/categories?post=316208"},{"taxonomy":"post_tag","embeddable":true,"href":"https:\/\/www.europesays.com\/es\/wp-json\/wp\/v2\/tags?post=316208"}],"curies":[{"name":"wp","href":"https:\/\/api.w.org\/{rel}","templated":true}]}}