{"id":316212,"date":"2025-12-31T20:38:14","date_gmt":"2025-12-31T20:38:14","guid":{"rendered":"https:\/\/www.europesays.com\/es\/316212\/"},"modified":"2025-12-31T20:38:14","modified_gmt":"2025-12-31T20:38:14","slug":"el-montanero-eneko-arrastua-fallecido-en-el-alud-de-panticosa-es-despedido-en-irun","status":"publish","type":"post","link":"https:\/\/www.europesays.com\/es\/316212\/","title":{"rendered":"El monta\u00f1ero Eneko Arrastua, fallecido en el alud de Panticosa, es despedido en Ir\u00fan"},"content":{"rendered":"<p class=\"paragraph\">El monta\u00f1ero <b>Eneko Arrastua, uno de los tres fallecidos en el alud de Panticosa, ser\u00e1 despedido en<\/b> la localidad guipuzcoana de <b>Ir\u00fan<\/b>, donde este mi\u00e9rcoles estar\u00e1 instalado el velatorio y el s\u00e1bado tendr\u00e1 lugar el funeral en su memoria.<\/p>\n<p class=\"paragraph\"><b><a href=\"https:\/\/www.heraldo.es\/noticias\/aragon\/huesca\/2025\/12\/29\/uno-de-los-muertos-en-el-alud-de-panticosa-es-eneko-arrastua-un-montanero-de-irun-1882108.html\" title=\"Uno de los muertos en el alud de Panticosa es Eneko Arrastua, monta\u00f1ero de Ir\u00fan\" rel=\"nofollow noopener\" target=\"_blank\">Eneko Arrastua Barbado, de 48 a\u00f1os y vecino de Irun, falleci\u00f3 el pasado lunes en este alud<\/a><\/b>, en el que tambi\u00e9n <b><a href=\"https:\/\/www.heraldo.es\/noticias\/aragon\/2025\/12\/30\/victima-del-alud-de-panticosa-jorge-garcia-dihinx-un-pediatra-referente-del-mundo-montanero-y-gran-divulgador-1882128.html\" title=\"V\u00edctima del alud de Panticosa. Jorge Garc\u00eda-Dihinx, un pediatra &quot;referente&quot; del mundo monta\u00f1ero y gran divulgador\" rel=\"nofollow noopener\" target=\"_blank\">perdieron la vida Jorge Garc\u00eda Dihinx, m\u00e9dico de 55 a\u00f1os<\/a><\/b> que ejerc\u00eda en el hospital San Jorge de Huesca, y su pareja, <b><a href=\"https:\/\/www.heraldo.es\/noticias\/aragon\/2025\/12\/30\/victima-alud-panticosa-natalia-roman-casetera-bandera-pasion-llevo-suiza-1882130.html\" title=\"V\u00edctima del alud de Panticosa. Natalia Rom\u00e1n, una casetera &quot;de bandera&quot; a la que su pasi\u00f3n la llev\u00f3 a Suiza\" rel=\"nofollow noopener\" target=\"_blank\">Natalia Rom\u00e1n, de 36 a\u00f1os<\/a><\/b>.<\/p>\n<p class=\"paragraph\">Arrastua era muy conocido en Irun por su vinculaci\u00f3n con los deportes al aire libre y la monta\u00f1a y era socio de varias agrupaciones de monta\u00f1eros de la localidad, que le dedican algunas de las <b>numerosas esquelas que publican este mi\u00e9rcoles los peri\u00f3dicos locales.<\/b><\/p>\n<p class=\"paragraph\">Su familia -su esposa, su hijo, sus padres o hermanos-, <b>la \u00abfamilia del Pirineo\u00bb, la \u00abcuadrilla\u00bb, los grupos de monta\u00f1a KBRNZS y Erlaitz Mendi Elkartea<\/b>, de los que formaba parte, y los trabajadores de la empresa Amume S.L. firman algunas de las esquelas en recuerdo de Eneko Arrastua.<\/p>\n<p class=\"paragraph\">El velatorio en su memoria estar\u00e1 instalado este mi\u00e9rcoles en el tanatorio Enalta de Irun, mientras que <b>el funeral ser\u00e1 el s\u00e1bado, a las 19.00<\/b>, en la iglesia parroquial de Santa Mar\u00eda del Juncal de la localidad guipuzcoana.<\/p>\n<p class=\"paragraph\"><b>Eneko Arrastua<\/b>, al igual que los otros dos monta\u00f1eros fallecidos en el alud, <b>ten\u00eda tambi\u00e9n una gran vinculaci\u00f3n con la localidad de Sallent de G\u00e1llego<\/b> (Huesca) que declar\u00f3 un d\u00eda de luto en recuerdo de todos ellos.\u00a0<\/p>\n","protected":false},"excerpt":{"rendered":"El monta\u00f1ero Eneko Arrastua, uno de los tres fallecidos en el alud de Panticosa, ser\u00e1 despedido en la&hellip;\n","protected":false},"author":2,"featured_media":313347,"comment_status":"","ping_status":"","sticky":false,"template":"","format":"standard","meta":{"footnotes":""},"categories":[5],"tags":[73742,4499,17,18,204,73956,25,24,2051,13,14,11,7600,19,20,17597,9,10,15,16,52824,23,12,21,22],"class_list":{"0":"post-316212","1":"post","2":"type-post","3":"status-publish","4":"format-standard","5":"has-post-thumbnail","7":"category-titulares","8":"tag-alud","9":"tag-aragon","10":"tag-breaking-news","11":"tag-breakingnews","12":"tag-despedida","13":"tag-eneko-arrastua","14":"tag-es","15":"tag-espana","16":"tag-fallecido","17":"tag-featured-news","18":"tag-featurednews","19":"tag-headlines","20":"tag-irun","21":"tag-latest-news","22":"tag-latestnews","23":"tag-montanero","24":"tag-news","25":"tag-noticias","26":"tag-noticias-destacadas","27":"tag-noticiasdestacadas","28":"tag-panticosa","29":"tag-spain","30":"tag-titulares","31":"tag-ultimas-noticias","32":"tag-ultimasnoticias"},"share_on_mastodon":{"url":"https:\/\/pubeurope.com\/@es\/115816110690410261","error":""},"_links":{"self":[{"href":"https:\/\/www.europesays.com\/es\/wp-json\/wp\/v2\/posts\/316212","targetHints":{"allow":["GET"]}}],"collection":[{"href":"https:\/\/www.europesays.com\/es\/wp-json\/wp\/v2\/posts"}],"about":[{"href":"https:\/\/www.europesays.com\/es\/wp-json\/wp\/v2\/types\/post"}],"author":[{"embeddable":true,"href":"https:\/\/www.europesays.com\/es\/wp-json\/wp\/v2\/users\/2"}],"replies":[{"embeddable":true,"href":"https:\/\/www.europesays.com\/es\/wp-json\/wp\/v2\/comments?post=316212"}],"version-history":[{"count":0,"href":"https:\/\/www.europesays.com\/es\/wp-json\/wp\/v2\/posts\/316212\/revisions"}],"wp:featuredmedia":[{"embeddable":true,"href":"https:\/\/www.europesays.com\/es\/wp-json\/wp\/v2\/media\/313347"}],"wp:attachment":[{"href":"https:\/\/www.europesays.com\/es\/wp-json\/wp\/v2\/media?parent=316212"}],"wp:term":[{"taxonomy":"category","embeddable":true,"href":"https:\/\/www.europesays.com\/es\/wp-json\/wp\/v2\/categories?post=316212"},{"taxonomy":"post_tag","embeddable":true,"href":"https:\/\/www.europesays.com\/es\/wp-json\/wp\/v2\/tags?post=316212"}],"curies":[{"name":"wp","href":"https:\/\/api.w.org\/{rel}","templated":true}]}}