{"id":316217,"date":"2025-12-31T20:48:21","date_gmt":"2025-12-31T20:48:21","guid":{"rendered":"https:\/\/www.europesays.com\/es\/316217\/"},"modified":"2025-12-31T20:48:21","modified_gmt":"2025-12-31T20:48:21","slug":"las-primeras-veces-de-leonor-el-gran-paso-de-la-infanta-sofia-el-regreso-de-lo-que-tanto-se-hizo-esperar-y-el-incomodo-pariente","status":"publish","type":"post","link":"https:\/\/www.europesays.com\/es\/316217\/","title":{"rendered":"las primeras veces de Leonor, el gran paso de la infanta Sof\u00eda, el regreso de lo que tanto se hizo esperar y el inc\u00f3modo pariente"},"content":{"rendered":"<p>La familia real espa\u00f1ola ha dejado atr\u00e1s sus a\u00f1os m\u00e1s complicados en lo que a esc\u00e1ndalos se refiere. Con el <a href=\"https:\/\/www.huffingtonpost.es\/life\/asi-relata-rey-juan-carlos-caso-noos-reconciliacion-discusiones-terribles-infanta-cristina-dardo-juez-castro-reproche-urdangarin.html\" rel=\"nofollow noopener\" target=\"_blank\">caso N\u00f3os<\/a> ya atr\u00e1s, aunque lo haya vuelto a recordar el rey Juan Carlos en sus memorias, e <b><a href=\"https:\/\/www.huffingtonpost.es\/life\/la-entrevista-inaki-urdangarin-materialmente-perdi-perdida-mas-grande-infanta-cristina-amores-mi-vida-quiero-f202512.html\" rel=\"nofollow noopener\" target=\"_blank\">I\u00f1aki Urdangarin haya concedido una entrevista<\/a><\/b>, y con lo de peor del em\u00e9rito tambi\u00e9n a un lado (m\u00e1s o menos), Felipe VI ha podido concentrarse, con la necesaria ayuda de la reina Letizia y tambi\u00e9n de sus hijas Leonor y Sof\u00eda, en encauzar una monarqu\u00eda que ha logrado recuperarse tras vivir unos a\u00f1os muy malos.<\/p>\n<p>No es que goce de una salud de primera, porque no hay que olvidar que<b> Espa\u00f1a no es mon\u00e1rquica<\/b>, sino que su popularidad o impopularidad depende de quien est\u00e9 reinando y c\u00f3mo lo haga, pero las cosas han ido mejorando.\u00a0<\/p>\n<p><img decoding=\"async\" loading=\"lazy\" src=\"https:\/\/www.europesays.com\/es\/wp-content\/uploads\/2025\/12\/felicitacion-navidena-de-los-reyes-felipe-y-letizia-y-sus-hijas-leonor-y-sofia-en-este-2025.jpeg\" width=\"720\" height=\"0\"   alt=\"Felicitaci\u00f3n navide\u00f1a de los reyes Felipe y Letizia y sus hijas, Leonor y Sof\u00eda, en este 2025.\"\/><\/p>\n<p>            \u00a0<\/p>\n<p>        Felicitaci\u00f3n navide\u00f1a de los reyes Felipe y Letizia y sus hijas, Leonor y Sof\u00eda, en este 2025.Casa Real<\/p>\n<p>As\u00ed, al repasar el a\u00f1o 2025 se puede comprobar que mientras <b>Reino Unido y Noruega han vivido una etapa complicada y turbulenta<\/b> por el <a href=\"https:\/\/www.huffingtonpost.es\/life\/influencers-celebrities\/la-caida-actos-exprincipe-andres-mountbattenwindsor-privilegios-dinero-pierde-posible-destino-recuerda-royal.html\" rel=\"nofollow noopener\" target=\"_blank\">expr\u00edncipe Andr\u00e9s<\/a> en un caso, y por <a href=\"https:\/\/www.huffingtonpost.es\/life\/influencers-celebrities\/la-familia-real-noruega-pronuncia-sobre-marius-juicio-rey-harald-acierta-mettemarit-noruega-ajusta-cuentas-defiende-me-parece-injusto-f202512.html\" rel=\"nofollow noopener\" target=\"_blank\">Marius Borg H\u00f8iby<\/a> en otro, en la familia real espa\u00f1ola ha habido cierta tranquilidad salvo a finales de a\u00f1o gracias al que suele aparecer para complicarlo todo: el rey em\u00e9rito.<\/p>\n<p>Leonor: del mar al aire pasando por Navarra<\/p>\n<p>Biograf\u00edas aparte, que ya llegaremos a eso, 2025 ha sido un a\u00f1o fundamental para Leonor. El 11 de enero<b> embarc\u00f3 en el Juan Sebasti\u00e1n de Elcano en C\u00e1diz para empezar la que a buen seguro ha sido la aventura de su vida<\/b>. Comenzaba as\u00ed la segunda parte de su formaci\u00f3n en la Armada y una traves\u00eda de casi medio a\u00f1o en la que recal\u00f3 en Brasil, Uruguay, Chile, Per\u00fa, Colombia, Rep\u00fablica Dominicana y Estados Unidos.<\/p>\n<p><img decoding=\"async\" loading=\"lazy\" src=\"https:\/\/www.europesays.com\/es\/wp-content\/uploads\/2025\/12\/la-princesa-leonor-en-el-juan-sebastian-elcano-3792.jpeg\" width=\"720\" height=\"0\"   alt=\"La princesa Leonor, en el Juan Sebasti\u00e1n Elcano.\"\/><\/p>\n<p>            \u00a0<\/p>\n<p>        La princesa Leonor en el Juan Sebasti\u00e1n Elcano.GTRES<\/p>\n<p>En el camino, la princesa de Asturias aprendi\u00f3 enormemente en el crucero de instrucci\u00f3n, pero no solo conocimientos te\u00f3ricos y pr\u00e1cticos claves para su formaci\u00f3n castrense, sino que hay c\u00e1maras en todas partes y que el estar lejos de Espa\u00f1a no implica que vaya a pasar desapercibida. Mientras se encontraba a bordo del Elcano cruzando el oc\u00e9ano todo estuvo tranquilo, pero <b>al llegar a tierra todo cambi\u00f3<\/b>.<\/p>\n<p>En Salvador de Bah\u00eda<b> <a href=\"https:\/\/www.huffingtonpost.es\/life\/influencers-celebrities\/hola-desmiente-supuesto-beso-leonor-companero-paso-brasil.html\" rel=\"nofollow noopener\" target=\"_blank\">le hicieron unas fotos con un compa\u00f1ero del Elcano que parec\u00eda ser su novio<\/a><\/b>. En Montevideo fue a la playa con otros guardiamarinas y <a href=\"https:\/\/www.huffingtonpost.es\/life\/influencers-celebrities\/como-donde-hicieron-fotos-leonor-playa-bikini.html\" rel=\"nofollow noopener\" target=\"_blank\">le fotografiaron en bikini<\/a>. Mientras que <a href=\"https:\/\/www.huffingtonpost.es\/life\/influencers-celebrities\/las-fotos-princesa-leonor-centro-comercial-chile-denunciadas-carabineros-rp.html\" rel=\"nofollow noopener\" target=\"_blank\">en Chile se filtraron im\u00e1genes de una c\u00e1mara de seguridad de un centro comercial<\/a> y una foto en la que aparec\u00eda con una cerveza.<\/p>\n<p><img decoding=\"async\" loading=\"lazy\" src=\"https:\/\/www.europesays.com\/es\/wp-content\/uploads\/2025\/12\/algunos-familiares-aprovecharon-para-visitar-a-sus-hijos-en-la-escala-en-panama-y-letizia-no-quiso-p.jpeg\" width=\"720\" height=\"0\"   alt=\"\"\/><\/p>\n<p>            \u00a0<\/p>\n<p>        Algunos familiares aprovecharon para visitar a sus hijos en la escala en Panam\u00e1 y Letizia no quiso perder la oportunidad.GTRES<\/p>\n<p>Aunque hubo cierta pol\u00e9mica, al final todo qued\u00f3 olvidado y la princesa Leonor finaliz\u00f3 sin sobresaltos su crucero de instrucci\u00f3n, no sin antes darnos m\u00e1s momentazos como\u00a0<b><a href=\"https:\/\/www.huffingtonpost.es\/life\/influencers-celebrities\/letizia-viaja-panama-encontrarse-leonor-escala-buque-elcano.html\" rel=\"nofollow noopener\" target=\"_blank\">el reencuentro con su madre en Panam\u00e1<\/a><\/b> o su paso por la fragata Blas de Lezo, buque de guerra en el que particip\u00f3 en el ejercicio SINKEX, un entrenamiento en el que <b><a href=\"https:\/\/www.huffingtonpost.es\/life\/influencers-celebrities\/leonor-da-paso-mas-amplia-formacion-naval-armada-municion-real.html\" rel=\"nofollow noopener\" target=\"_blank\">se prueban armas con fuego real<\/a><\/b>. Fue otra de las primeras veces de Leonor en 2025.<\/p>\n<p>Pero todav\u00eda hubo m\u00e1s debuts. El 1 de septiembre le vimos estrenando el uniforme del Ej\u00e9rcito del Aire al <a href=\"https:\/\/www.huffingtonpost.es\/life\/influencers-celebrities\/contenta-azul-princesa-leonor-ingresa-academia-aire-san-javier-final-formacion-militar.html\" rel=\"nofollow noopener\" target=\"_blank\">ingresar en la Academia de San Javier<\/a>, su \u00faltimo curso de formaci\u00f3n militar. Y ese mismo d\u00eda ya <b><a href=\"https:\/\/www.huffingtonpost.es\/life\/influencers-celebrities\/leonor-princesa-top-gun-dio-sorpresa-primer-dia-academia-aire-espacio-san-javier.html\" rel=\"nofollow noopener\" target=\"_blank\">fue fotografiada como toda una princesa Top Gun<\/a><\/b> al ponerse el mono verde salvia de vuelo y subirse a un Pilatus PC-21.\u00a0<\/p>\n<p><img decoding=\"async\" loading=\"lazy\" src=\"https:\/\/www.europesays.com\/es\/wp-content\/uploads\/2025\/12\/la-princesa-de-asturias-sobrevolo-el-mar-menor-llevando-por-primera-vez-ella-sola-los-mandos-de-un-p.jpeg\" width=\"720\" height=\"0\"   alt=\"La princesa Leonor sobrevolando la Manga del Mar Menor y el Cabo de Palos en su primer vuelo en solitario\"\/><\/p>\n<p>            \u00a0<\/p>\n<p>        La princesa de Asturias sobrevol\u00f3 el Mar Menor llevando por primera vez ella sola los mandos de un Pilatus PC-21.Casa de S.M. El Rey \/ Gtres<\/p>\n<p>Tres meses despu\u00e9s realiz\u00f3 lo que se conoce como la suelta, es decir, <b><a href=\"https:\/\/www.huffingtonpost.es\/life\/influencers-celebrities\/el-primer-vuelo-solitario-princesa-leonor-academia-aire-espacio-san-javier.html\" rel=\"nofollow noopener\" target=\"_blank\">el primer vuelo en solitario de Leonor a los mandos de Pilatus<\/a><\/b>. Llevaba una instructora detr\u00e1s, s\u00ed, pero la que pilotaba era la princesa.<\/p>\n<p>Por si fuera poco, en septiembre <b><a href=\"https:\/\/www.huffingtonpost.es\/life\/influencers-celebrities\/la-princesa-leonor-navarra-debut-princesa-viana-nunca-podra-alli-pese.html\" rel=\"nofollow noopener\" target=\"_blank\">ejerci\u00f3 por primera vez como princesa de Viana<\/a><\/b>, el t\u00edtulo que llevaban los herederos de la corona de Navarra y que ostenta Leonor. Nunca antes hab\u00eda visitado oficialmente la Comunidad Foral, por lo que fue<a href=\"https:\/\/www.huffingtonpost.es\/life\/viajes\/ruta-navarra-princesa-leonor-princesa-viana-recorrio-maravillas-antiguo-reino.html\" rel=\"nofollow noopener\" target=\"_blank\"> un viaje muy importante<\/a> y relevante para ella. <b><a href=\"https:\/\/www.huffingtonpost.es\/life\/los-titulos-olvidados-princesa-leonor-que-lucirlos-princesa-asturias-girona.html\" rel=\"nofollow noopener\" target=\"_blank\">Montblanc, Cervera y Balaguer se le resisten<\/a><\/b>, pero esa es ya otra historia.<\/p>\n<p>El gran a\u00f1o de la infanta Sof\u00eda<\/p>\n<p>Y si Leonor fue protagonista, no le anduvo a la zaga su hermana Sof\u00eda, que ha tenido un a\u00f1o intenso. En abril <b><a href=\"https:\/\/www.huffingtonpost.es\/life\/influencers-celebrities\/la-manera-leonor-felicito-infanta-sofia-18-cumpleanos-juan-sebastian-elcano.html\" rel=\"nofollow noopener\" target=\"_blank\">cumpli\u00f3 18 a\u00f1os y lo celebr\u00f3 con un posado en La Zarzuela<\/a><\/b>. Meses despu\u00e9s dio el paso m\u00e1s importante de su vida al ingresar en la universidad para estudiar Ciencias Pol\u00edticas y Relaciones Internacionales en el Forward College y <b><a href=\"https:\/\/www.huffingtonpost.es\/life\/influencers-celebrities\/la-infanta-sofia-esta-instalada-forward-college-lisboa-primeras-imagenes-universidad.html\" rel=\"nofollow noopener\" target=\"_blank\">se mud\u00f3 a Lisboa<\/a><\/b>.\u00a0<\/p>\n<p><img decoding=\"async\" loading=\"lazy\" src=\"https:\/\/www.europesays.com\/es\/wp-content\/uploads\/2025\/12\/los-reyes-felipe-vi-y-letizia-en-la-graduacion-de-la-infanta-sofia-en-gales-3797.jpeg\" width=\"720\" height=\"0\"   alt=\"\"\/><\/p>\n<p>            \u00a0<\/p>\n<p>        Los reyes, Felipe VI y Letizia, en la graduaci\u00f3n de la infanta Sof\u00eda, en Gales.GTRES<\/p>\n<p>A este debut se le uni\u00f3 <b>su encuentro con el presidente de la Rep\u00fablica Portuguesa<\/b>, Marcelo Rebelo de Sousa, que le recibi\u00f3 en el Palacio de Bel\u00e9m. Fue la primera vez en la que la hija peque\u00f1a del rey era recibida en solitario por un jefe de Estado extranjero.<\/p>\n<p>Adem\u00e1s, Felipe VI <b><a href=\"https:\/\/www.huffingtonpost.es\/life\/influencers-celebrities\/el-regalo-recibido-infanta-sofia-cumplir-18.html\" rel=\"nofollow noopener\" target=\"_blank\">concedi\u00f3 a su benjamina la Gran Cruz de la Orden de Isabel la Cat\u00f3lica<\/a><\/b> como muestra de su real aprecio. Se trat\u00f3 de su primer honor, aunque seguramente habr\u00e1 m\u00e1s si <a href=\"https:\/\/www.huffingtonpost.es\/life\/influencers-celebrities\/la-princesa-ana-modelo-seguir-infanta-sofia-perfecta-royal-segundona.html\" rel=\"nofollow noopener\" target=\"_blank\">dedica su vida al servicio a la corona<\/a> y a Espa\u00f1a.<\/p>\n<p><img decoding=\"async\" loading=\"lazy\" src=\"https:\/\/www.europesays.com\/es\/wp-content\/uploads\/2025\/12\/la-infanta-sofia-en-un-bello-primer-plano-con-la-ciudad-al-fondo-al-atardecer.jpeg\" width=\"720\" height=\"0\"   alt=\"La infanta Sof\u00eda en un bello primer plano con la ciudad al fondo al atardecer.\"\/><\/p>\n<p>            \u00a0<\/p>\n<p>        La infanta Sof\u00eda en Lisboa, donde estudia en la universidadGTRES<\/p>\n<p>Fue un 2025 de condecoraciones porque por el 11 aniversario de su reinado, <b><a href=\"https:\/\/www.huffingtonpost.es\/life\/influencers-celebrities\/felipe-vi-concedesus-primeros-titulos-nobiliarios-rafa-nadal-teresa-perales-luz-casal-otros.html\" rel=\"nofollow noopener\" target=\"_blank\">Felipe VI otorg\u00f3 los primeros t\u00edtulos nobiliarios de su reinado<\/a><\/b>. Los agraciados fueron Rafa Nadal, Teresa Perales, Luz Casal, Cristina Garc\u00eda Rodero, Carlos L\u00f3pez Ot\u00edn y Jaime Alfons\u00edn, todos ellos marqueses.<\/p>\n<p>Un tois\u00f3n, unas memorias y un multitudinario almuerzo<\/p>\n<p>Adem\u00e1s,<b> el rey concedi\u00f3 el Tois\u00f3n de Oro a su madre<\/b>, la reina Sof\u00eda, a Felipe Gonz\u00e1lez, expresidente del Gobierno, y a Miguel Herrero y Rodr\u00edguez de Mi\u00f1\u00f3n y a Miguel Roca Junyent, los padres de la Constituci\u00f3n que siguen con vida. Para entregar <b><a href=\"https:\/\/www.huffingtonpost.es\/life\/que-toison-oro-origen-significado-claves-que-importante-reciba-reina-sofia.html\" rel=\"nofollow noopener\" target=\"_blank\">la m\u00e1s alta condecoraci\u00f3n que puede otorgar el rey de Espa\u00f1a<\/a><\/b> se eligi\u00f3 el 50\u00ba aniversario del regreso de la monarqu\u00eda a Espa\u00f1a.<\/p>\n<p><img decoding=\"async\" loading=\"lazy\" src=\"https:\/\/www.europesays.com\/es\/wp-content\/uploads\/2025\/12\/el-rey-felipe-impone-el-toison-de-oro-a-su-madre-la-reina-sofia-durante-el-acto-de-conmemoracion-del.jpeg\" width=\"720\" height=\"0\"   alt=\"El rey Felipe impone el Tois\u00f3n de Oro a su madre la reina Sof\u00eda, durante el acto de conmemoraci\u00f3n del 50 aniversario de restauraci\u00f3n de la monarqu\u00eda\"\/><\/p>\n<p>            \u00a0<\/p>\n<p>        El rey Felipe impone el Tois\u00f3n de Oro a su madre la reina Sof\u00eda, durante el acto de conmemoraci\u00f3n del 50 aniversario de restauraci\u00f3n de la monarqu\u00edaEFE<\/p>\n<p>Ese medio siglo celebrado en noviembre fue la excusa para que el lanzamiento de Reconciliaci\u00f3n, las memorias del rey Juan Carlos, se atrasara a diciembre y no eclipsara una efem\u00e9ride tan relevante. Pero en Francia no se logr\u00f3 parar y se public\u00f3 cuando estaba previsto, por lo que justo antes de la conmemoraci\u00f3n <b>fue llegando a Espa\u00f1a a cuentagotas lo m\u00e1s llamativo de lo que contaba el em\u00e9rito<\/b> en su biograf\u00eda.<\/p>\n<p>La familia real volv\u00eda a estar en el disparadero medi\u00e1tico por culpa de Juan Carlos I, que parec\u00eda querer nuevamente protagonismo a costa de <b>suponer nuevamente un quebradero de cabeza<\/b> para la casa real en general y para Felipe y Letizia en particular.<\/p>\n<p><img decoding=\"async\" loading=\"lazy\" src=\"https:\/\/www.europesays.com\/es\/wp-content\/uploads\/2025\/12\/el-libro-de-memorias-del-rey-juan-carlos-i-padre-de-felipe-vi-titulado-reconciliacion-llega-este-mie.jpeg\" width=\"720\" height=\"0\"   alt=\"El libro de memorias del rey Juan Carlos I, padre de Felipe VI, titulado 'Reconciliaci\u00f3n', llega este mi\u00e9rcoles a las librer\u00edas en espa\u00f1ol.\"\/><\/p>\n<p>            \u00a0<\/p>\n<p>        El libro de memorias del rey Juan Carlos I, padre de Felipe VI, titulado &#8216;Reconciliaci\u00f3n&#8217;, llega este mi\u00e9rcoles a las librer\u00edas en espa\u00f1ol.EFE<\/p>\n<p>Tampoco ayud\u00f3<b> <a href=\"https:\/\/www.huffingtonpost.es\/life\/la-entrevista-rey-juan-carlos-i-francia-16-declaraciones-polemicas-impactantes.html\" rel=\"nofollow noopener\" target=\"_blank\">la entrevista que concedi\u00f3 a France 3<\/a><\/b>, en la que fue m\u00e1s conciliador y no carg\u00f3 contra Letizia, ni expres\u00f3 en palabras lo que escribi\u00f3 ayudado por Laurence Debray sobre la insensibilidad de su hijo. Eso s\u00ed, solt\u00f3 que <a href=\"https:\/\/www.huffingtonpost.es\/life\/juan-carlos-i-entrevista-francia-la-espanola-unica-constitucion-europa-nombre-llama-constitucion-rey-juan-carlos.html\" rel=\"nofollow noopener\" target=\"_blank\">la Constituci\u00f3n de 1978 era la del rey Juan Carlos<\/a> o que<a href=\"https:\/\/www.huffingtonpost.es\/life\/el-rey-juan-carlos-entrevista-television-francesa-no-me-arrepiento-remordimientos-mundo-comete-errores.html\" rel=\"nofollow noopener\" target=\"_blank\"> no se arrepent\u00eda de nada<\/a>.<\/p>\n<p>Tuvieron que verse todos las caras el 22 de noviembre, d\u00eda en el que se cumpli\u00f3 medio siglo desde la subida al trono de Juan Carlos I, y que se celebr\u00f3 con <b><a href=\"https:\/\/www.huffingtonpost.es\/life\/influencers-celebrities\/la-celebracion-50-aniversario-monarquia-invitado-inesperado-incomodo-nueva-princesa-ausencias-mas-llamativas-pardo.html\" rel=\"nofollow noopener\" target=\"_blank\">un almuerzo en El Pardo al que Felipe VI invit\u00f3 a numerosos familiares<\/a><\/b>\u00a0para honrar tambi\u00e9n a la reina Sof\u00eda tras haber recibido el Tois\u00f3n de Oro.\u00a0<\/p>\n<p><img decoding=\"async\" loading=\"lazy\" src=\"https:\/\/www.europesays.com\/es\/wp-content\/uploads\/2025\/12\/el-rey-emerito-juan-carlos-i-a-su-llegada-al-palacio-de-el-pardo-este-sabado-cuando-se-cumplen-cincu.jpeg\" width=\"720\" height=\"0\"   alt=\"El rey em\u00e9rito, Juan Carlos I, a su llegada al Palacio de El Pardo este s\u00e1bado. Cuando se cumplen cincuenta a\u00f1os de su proclamaci\u00f3n, la Familia Real celebra un almuerzo en El Pardo de car\u00e1cter privado en honor a los premiados con el Tois\u00f3n de Oro, al que acude el monarca em\u00e9rito, que no ha participado en los actos oficiales programados. EFE\/ Sergio P\u00e9rez\"\/><\/p>\n<p>            \u00a0<\/p>\n<p>        El rey em\u00e9rito, Juan Carlos I, a su llegada al Palacio de El Pardo este s\u00e1bado. Cuando se cumplen cincuenta a\u00f1os de su proclamaci\u00f3n, la Familia Real celebra un almuerzo en El Pardo de car\u00e1cter privado en honor a los premiados con el Tois\u00f3n de Oro, al que acude el monarca em\u00e9rito, que no ha participado en los actos oficiales programados. EFE\/ Sergio P\u00e9rezEFE<\/p>\n<p>Se trat\u00f3 de momentazo del que nos hubiera gustado tener fotos al margen de las entradas y salidas, aunque era evidente que eso no iba a pasar. Lo que ocurri\u00f3 all\u00ed dentro solo ellos lo saben, pero se dice que hab\u00eda <b>mucha gente y una mesa muy larga<\/b>, as\u00ed que la gente habl\u00f3 con quien quiso hacerlo.<\/p>\n<p>Vuelven las tiaras al palacio real<\/p>\n<p>Por otro lado, <b>el oto\u00f1o de 2025 marc\u00f3 el regreso de las visitas de Estado<\/b>. Los reyes fueron a Egipto y a China y recibieron en Madrid al Sult\u00e1n de Om\u00e1n y al presidente de Alemania y su esposa. Despu\u00e9s de m\u00e1s de dos a\u00f1os\u00a0<b>la reina Letizia abri\u00f3 el joyero real<\/b> para adornar su cabeza con una de las tiaras a su disposici\u00f3n.<\/p>\n<p><img decoding=\"async\" loading=\"lazy\" src=\"https:\/\/www.europesays.com\/es\/wp-content\/uploads\/2025\/12\/la-reina-letizia-con-la-tiara-de-maria-cristina-junto-al-sultan-de-oman-en-la-cena-de-gala-en-el-pal.jpeg\" width=\"720\" height=\"0\"   alt=\"La reina Letizia con la tiara de Mar\u00eda Cristina junto al sult\u00e1n de Om\u00e1n en la cena de gala en el Palacio Real\"\/><\/p>\n<p>            \u00a0<\/p>\n<p>        La reina Letizia con la tiara de Mar\u00eda Cristina junto al sult\u00e1n de Om\u00e1n en la cena de gala en el Palacio Real.GTRES<\/p>\n<p>Para la cena de gala con el Sult\u00e1n de Om\u00e1n <b><a href=\"https:\/\/www.huffingtonpost.es\/life\/influencers-celebrities\/la-reina-letizia-apuesta-seguro-tiara-vestido-sorprende-detalle-cena-gala-visita-sultan-oman.html\" rel=\"nofollow noopener\" target=\"_blank\">escogi\u00f3 la tiara de Mar\u00eda Cristina<\/a><\/b>, una de las piezas que no estaban destinadas para las reinas de Espa\u00f1a, pero tras la muerte de su madre, Juan Carlos I lleg\u00f3 a un acuerdo con sus hermanas para que la joya quedara a disposici\u00f3n de la rama principal de la dinast\u00eda.<\/p>\n<p>Cuando los invitados en el Palacio Real fueron el presidente de Alemania, Frank-Walter Steinmeier, y su mujer, Elke B\u00fcnderbender, <b><a href=\"https:\/\/www.huffingtonpost.es\/life\/moda\/la-reina-letizia-recupera-tiaras-mas-emblematicas-victoria-eugenia.html\" rel=\"nofollow noopener\" target=\"_blank\">Letizia se coron\u00f3 con la tiara Cartier<\/a><\/b>, una pieza que Alfonso XIII regal\u00f3 a la <a href=\"https:\/\/www.huffingtonpost.es\/life\/el-legado-victoria-eugenia-battenberg-reinas-espana-monarquia-joyas-letizia.html\" rel=\"nofollow noopener\" target=\"_blank\">reina Victoria Eugenia<\/a> y que Ena leg\u00f3 al morir a su hija Mar\u00eda Cristina. Juan Carlos de Borb\u00f3n se la compr\u00f3 a su t\u00eda para que quedara en manos de las reinas, y as\u00ed ha sido desde entonces.<\/p>\n<p><img decoding=\"async\" loading=\"lazy\" src=\"https:\/\/www.europesays.com\/es\/wp-content\/uploads\/2025\/12\/la-reina-letizia-con-la-tiara-cartier-5522.jpeg\" width=\"720\" height=\"0\"   alt=\"La reina Letizia, con la tiara Cartier\"\/><\/p>\n<p>            \u00a0<\/p>\n<p>        La reina Letizia, con la tiara CartierGTRES<\/p>\n<p>Y as\u00ed, con tantas primeras veces de Leonor y Sof\u00eda, con la <a href=\"https:\/\/www.huffingtonpost.es\/life\/todos-actos-50-aniversario-monarquia-excluyen-rey-juan-carlos-quieren-este-si-le-invitan-celebraciones.html\" rel=\"nofollow noopener\" target=\"_blank\">celebraci\u00f3n del 50\u00ba aniversario del regreso de la monarqu\u00eda a Espa\u00f1a<\/a>, con el regreso de las tiaras y las visitas de Estado y con las memorias del em\u00e9rito, se lleg\u00f3 al final de un a\u00f1o que no termin\u00f3 sin <b>el tradicional mensaje de Nochebuena del rey<\/b>. Esta vez<a href=\"https:\/\/www.huffingtonpost.es\/life\/el-escenografia-mensajes-navidad-rey-cambios-siempre-mantiene-hizo-juan-carlos-i-felipe-vi-nunca-quiso-f202512.html\" rel=\"nofollow noopener\" target=\"_blank\"> cambi\u00f3 su escenograf\u00eda<\/a> y apost\u00f3 por darle nuevos aires. Despu\u00e9s llegaron las vacaciones de Navidad para coger fuerzas para un 2026 que promete.<\/p>\n","protected":false},"excerpt":{"rendered":"La familia real espa\u00f1ola ha dejado atr\u00e1s sus a\u00f1os m\u00e1s complicados en lo que a esc\u00e1ndalos se refiere.&hellip;\n","protected":false},"author":2,"featured_media":316218,"comment_status":"","ping_status":"","sticky":false,"template":"","format":"standard","meta":{"footnotes":""},"categories":[174],"tags":[6042,255,146,147,25,24,1148,256,11439,1026,6041,811,1027,11362,28655,23],"class_list":{"0":"post-316217","1":"post","2":"type-post","3":"status-publish","4":"format-standard","5":"has-post-thumbnail","7":"category-famosos","8":"tag-casa-real","9":"tag-celebrities","10":"tag-entertainment","11":"tag-entretenimiento","12":"tag-es","13":"tag-espana","14":"tag-familia-real","15":"tag-famosos","16":"tag-felipe-vi","17":"tag-infanta-sofia","18":"tag-monarquia","19":"tag-princesa-leonor","20":"tag-realeza","21":"tag-reina-letizia","22":"tag-royals","23":"tag-spain"},"share_on_mastodon":{"url":"https:\/\/pubeurope.com\/@es\/115816150362844871","error":""},"_links":{"self":[{"href":"https:\/\/www.europesays.com\/es\/wp-json\/wp\/v2\/posts\/316217","targetHints":{"allow":["GET"]}}],"collection":[{"href":"https:\/\/www.europesays.com\/es\/wp-json\/wp\/v2\/posts"}],"about":[{"href":"https:\/\/www.europesays.com\/es\/wp-json\/wp\/v2\/types\/post"}],"author":[{"embeddable":true,"href":"https:\/\/www.europesays.com\/es\/wp-json\/wp\/v2\/users\/2"}],"replies":[{"embeddable":true,"href":"https:\/\/www.europesays.com\/es\/wp-json\/wp\/v2\/comments?post=316217"}],"version-history":[{"count":0,"href":"https:\/\/www.europesays.com\/es\/wp-json\/wp\/v2\/posts\/316217\/revisions"}],"wp:featuredmedia":[{"embeddable":true,"href":"https:\/\/www.europesays.com\/es\/wp-json\/wp\/v2\/media\/316218"}],"wp:attachment":[{"href":"https:\/\/www.europesays.com\/es\/wp-json\/wp\/v2\/media?parent=316217"}],"wp:term":[{"taxonomy":"category","embeddable":true,"href":"https:\/\/www.europesays.com\/es\/wp-json\/wp\/v2\/categories?post=316217"},{"taxonomy":"post_tag","embeddable":true,"href":"https:\/\/www.europesays.com\/es\/wp-json\/wp\/v2\/tags?post=316217"}],"curies":[{"name":"wp","href":"https:\/\/api.w.org\/{rel}","templated":true}]}}