{"id":316241,"date":"2025-12-31T21:10:09","date_gmt":"2025-12-31T21:10:09","guid":{"rendered":"https:\/\/www.europesays.com\/es\/316241\/"},"modified":"2025-12-31T21:10:09","modified_gmt":"2025-12-31T21:10:09","slug":"torrente-nadie-quiere-irse-del-granada-cf-a-mi-me-saco-de-la-huerta-de-mi-padre","status":"publish","type":"post","link":"https:\/\/www.europesays.com\/es\/316241\/","title":{"rendered":"Torrente: \u00abNadie quiere irse del Granada CF; a m\u00ed me sac\u00f3 de la huerta de mi padre\u00bb"},"content":{"rendered":"<p><a class=\"v-mdl-ath__fig-a\" href=\"https:\/\/www.ideal.es\/autor\/jose-ignacio-cejudo-1091.html\" title=\"Jos\u00e9 Ignacio Cejudo\" rel=\"nofollow noopener\" target=\"_blank\"><br \/>\n<img decoding=\"async\" class=\"v-mdl-ath__img\" src=\"https:\/\/www.europesays.com\/es\/wp-content\/uploads\/2025\/08\/1756359791_741_autor-1091-foto-16.jpeg\" alt=\"Jos\u00e9 Ignacio Cejudo\"\/><br \/>\n<\/a><\/p>\n<p class=\"v-mdl-ath__p v-mdl-ath__p--6\">\nMi\u00e9rcoles, 31 de diciembre 2025, 16:17<\/p>\n<p class=\"v-p\">Hace ocho meses que Ra\u00fal Torrente (San Javier, Murcia, 2001) volvi\u00f3 a sentir en Croacia lo que tres a\u00f1os atr\u00e1s en el Estadio Ram\u00f3n S\u00e1nchez-Pizju\u00e1n del Sevilla cuando a\u00fan era futbolista del Granada. \u00abLa primera vez no sab\u00eda el alcance que pod\u00eda tener por inocencia, pero en esta \u00faltima ten\u00eda claro que era el ligamento cruzado de la rodilla aunque el doctor me dijese que pod\u00eda ser que no. No hice ni por levantarme\u00bb, rememora con IDEAL tras pasar estos d\u00edas por la cl\u00ednica del doctor Jos\u00e9 Luis Mart\u00edn Alguacil en la ciudad, que mantiene su confianza pese a fichar por el Dinamo de Zagreb la temporada pasada. \u00abEl club se porta muy bien conmigo, y no es f\u00e1cil que te entiendan tanto. Me dej\u00f3 quedarme aqu\u00ed los cuatro primeros meses de la rehabilitaci\u00f3n, en casa de Ricard S\u00e1nchez de hecho, porque varios profesionales de los servicios m\u00e9dicos del Granada siguen siendo amigos m\u00edos y me tratan como si siguiera siendo uno de ellos. Estar aqu\u00ed era fundamental para mi cuerpo y tambi\u00e9n para mi cabeza\u00bb, agradece.<\/p>\n<p class=\"v-p\">\u00abEsta recuperaci\u00f3n est\u00e1 yendo muy bien, tiene buena pinta; ya estoy empezando a tocar bal\u00f3n y espero volver a entrenar con el equipo en febrero aunque hablar de plazos implique echarme piedras sobre mi propio tejado. Vuelvo a sentirme futbolista\u00bb, celebra Ra\u00fal Torrente. \u00abPor suerte o por desgracia, ya sab\u00eda c\u00f3mo afrontar la lesi\u00f3n al haberlo vivido ya. Estuve jodido los primeros d\u00edas, tambi\u00e9n por mi familia porque lo sufre igual o peor, pero me lo tom\u00e9 como un par\u00f3n del que sab\u00eda que volver\u00eda a mi mejor nivel como ya hice la temporada pasada incluso en la Champions, como reflejaban mis datos. No s\u00e9 si pasar por estos dos baches me har\u00e1 mejor futbolista, porque la realidad es que te cortan en seco, pero s\u00ed y al 100% como persona porque te hace valorarlo todo mucho m\u00e1s\u00bb, esgrime.<\/p>\n<p class=\"v-p\">Como futbolista del Dinamo de Zagreb, Torrente jug\u00f3 contra el Arsenal, el Borussia de Dortmund o el Milan. \u00abSi cambiaba de pa\u00eds y arriesgaba era por alicientes como ese, y me lo llevar\u00e9 para siempre. Jugu\u00e9 partidos muy chulos contra grand\u00edsimos equipos, bajo ambientes que se nota que son diferentes. Recuerdo que debut\u00e9 contra el M\u00f3naco y que saqu\u00e9 un bal\u00f3n de debajo de los palos pein\u00e1ndolo y choc\u00e1ndome de cabeza con un delantero; me cost\u00f3 puntos pero aun as\u00ed salv\u00e9 otro gol m\u00e1s tarde\u00bb, se enorgullece.<\/p>\n<p class=\"v-p\">No se le ha olvidado lo de Sevilla. \u00abSent\u00ed que la rodilla se me bloqueaba pero una vez en la camilla pude moverla y ped\u00ed volver creyendo que hab\u00eda sido un susto, porque nunca me hab\u00eda lesionado hasta entonces, pero al salir vi que no pod\u00eda mantenerme en pie y de hecho estuve a punto de cometer un penalti porque agarr\u00e9 a un rival. Me cruj\u00eda mucho y supe que hasta ah\u00ed hab\u00eda llegado\u00bb, rememora. \u00abMe dijeron que me fuera a Murcia para recuperarme pero yo solamente quer\u00eda trabajar y salir adelante porque ya lo hab\u00eda visto en otros compa\u00f1eros como parte del oficio, como los \u00e9xitos, pero cuando volv\u00ed a entrenar no me sent\u00ed ni de lejos al nivel del equipo\u00bb, admite.<\/p>\n<p><img decoding=\"async\" loading=\"lazy\" src=\"https:\/\/www.europesays.com\/es\/wp-content\/uploads\/2025\/12\/granada-torrente-lof.jpg\" class=\"v-a-img\" width=\"624\" height=\"385\" alt=\"Torrente, tras lesionarse en Sevilla.\" data-voc-vtm-id=\"in-text-traffic\"\/><\/p>\n<p>Torrente, tras lesionarse en Sevilla.<\/p>\n<p>LOF<\/p>\n<p><img loading=\"lazy\" decoding=\"async\" src=\"https:\/\/www.europesays.com\/es\/wp-content\/uploads\/2025\/12\/granada-torrente-lof.jpg\" class=\"v-mdl__img-z\" width=\"624\" height=\"385\" alt=\"\"\/><\/p>\n<p class=\"v-p\">\u00abNo me sent\u00ed pr\u00e1cticamente part\u00edcipe del ascenso de 2023, y ni tan siquiera futbolista del primer equipo por cosas m\u00edas, pero lo celebr\u00e9 mucho porque la afici\u00f3n del Granada merece estar en Primera divisi\u00f3n\u00bb, expresa Ra\u00fal Torrente. Recuerda \u00abcon mucho cari\u00f1o\u00bb su debut en la m\u00e1xima categor\u00eda de la mano de Robert Moreno: \u00abMe dijo ya en verano que ten\u00eda que renovar porque iba a ser importante para el primer equipo y que me ve\u00eda con proyecci\u00f3n de Selecci\u00f3n, pero tambi\u00e9n me acuerdo mucho de Rub\u00e9n Torrecilla porque apost\u00f3 mucho por m\u00ed cuando hab\u00eda dudas conmigo incluso para el filial\u00bb.<\/p>\n<p>Ofertas tras su irrupci\u00f3n<\/p>\n<p class=\"v-p\">Su irrupci\u00f3n en Primera con el Granada no pas\u00f3 desapercibida. \u00abEmpec\u00e9 a recibir ofertas, pero me hicieron promesas que luego no se cumplieron; cosas del f\u00fatbol en las que prefiero no profundizar\u00bb, se\u00f1ala. \u00abMi \u00faltimo a\u00f1o all\u00ed fue ca\u00f3tico, con muchos factores externos que influyeron sin saber ni por qu\u00e9, y quiz\u00e1s sin lesiones habr\u00eda salido hasta peor, como les pas\u00f3 a otros compa\u00f1eros. Ve\u00eda que no se me ofrec\u00eda la renovaci\u00f3n y despu\u00e9s de Navidad ped\u00ed explicaciones porque pensaba que merec\u00eda otro trato al ser de la cantera. Yo sent\u00eda el club a otro nivel respecto a los dem\u00e1s compa\u00f1eros. Nadie me comunic\u00f3 que no iba a seguir, y no sab\u00eda qu\u00e9 hacer porque no entend\u00eda nada\u00bb, se desahoga.<\/p>\n<p class=\"v-p\">\u00abMe doli\u00f3 mucho salir del Granada, y dejar atr\u00e1s a toda mi gente en el club, porque lo sent\u00eda como mi casa al ser el equipo que me quit\u00f3 de trabajar en la huerta con mi padre. Recuerdo volver de Girona y llorar mientras recog\u00eda mis pertenencias; Macan\u00e1s vino a abrazarme. Yo me fui de Murcia en su d\u00eda con 16 a\u00f1os, pero cambiar de aires otra vez me afect\u00f3 much\u00edsimo\u00bb, refleja. Ni siquiera hab\u00eda contemplado ofertas de otros clubes y acept\u00f3 la del Dinamo en cuanto la recibi\u00f3 sin dudar.<\/p>\n<p class=\"v-p\">All\u00ed volvi\u00f3 a coincidir esta temporada con Gonzalo Villar, tambi\u00e9n murciano. \u00abNos hemos vuelto inseparables\u00bb, confirma. \u00abTambi\u00e9n \u00e9l le tiene un cari\u00f1o especial del Granada, y los dos creemos que nadie quiere irse de all\u00ed por los empleados, la afici\u00f3n y la ciudad. Por mucho que lo digamos, hay que vivirlo para saber la suerte que tiene el club porque sus trabajadores valen oro. Les pido a los futbolistas que est\u00e1n ahora que valoren el d\u00eda a d\u00eda que disfrutan, con profesionales que ahora est\u00e1n en el Real Madrid como los m\u00e9dicos, pero tambi\u00e9n en el mantenimiento o la seguridad e incluso las cocineras\u00bb, sostiene.<\/p>\n<p>\u00abMe encantar\u00eda volver\u00bb<\/p>\n<p class=\"v-p\">Esta \u00faltima convalecencia ha permitido a Torrente asistir a varios partidos de la presente temporada en Los C\u00e1rmenes. \u00abMe encanta ir; todo el mundo me trata con mucho cari\u00f1o, y me parece muy bonito poder devolv\u00e9rselo\u00bb, concede. \u00abMe encantar\u00eda poder volver, porque todo el mundo quiere volver a casa, pero no s\u00e9 cu\u00e1ndo podr\u00e1 ser porque en Zagreb estoy muy c\u00f3modo; lo \u00fanico que tengo claro es que si vuelvo ser\u00eda para rendir bien, no para ser un estorbo\u00bb, subraya. <\/p>\n<p>Reporta un error<\/p>\n<p class=\"v-crt__t\"> L\u00edmite de sesiones alcanzadas<\/p>\n<p class=\"v-crt__p\">El acceso al contenido Premium est\u00e1 abierto por cortes\u00eda del establecimiento donde te encuentras, pero ahora mismo hay demasiados usuarios conectados a las vez.<\/p>\n<p class=\"v-crt__p\">Por favor, int\u00e9ntalo pasados unos minutos.<\/p>\n<p>\nVolver a intentar\n<\/p>\n<p class=\"v-crt__t\">Sesi\u00f3n cerrada<\/p>\n<p class=\"v-crt__p\">Al iniciar sesi\u00f3n desde un dispositivo distinto, por seguridad, se cerr\u00f3 la \u00faltima sesi\u00f3n en este.<\/p>\n<p class=\"v-crt__p\">Para continuar disfrutando de su suscripci\u00f3n digital, inicie sesi\u00f3n en este dispositivo.<\/p>\n<p>\nEste contenido es exclusivo para suscriptores\n<\/p>\n<p class=\"text\">\u00bfTienes una suscripci\u00f3n? <a href=\"https:\/\/secure.ideal.es\/identidad\/inicio#vca=suscribete&amp;vso=ideal&amp;vmc=on&amp;vli=cdn-ce-link-login\" class=\"login\" data-voc-vtm-id=\"comienzoSuscripcionON\" data-voc-vtm-info=\"cdn-ce-link-login\" rel=\"nofollow noopener\" target=\"_blank\">Inicia sesi\u00f3n<\/a><\/p>\n","protected":false},"excerpt":{"rendered":"Mi\u00e9rcoles, 31 de diciembre 2025, 16:17 Hace ocho meses que Ra\u00fal Torrente (San Javier, Murcia, 2001) volvi\u00f3 a&hellip;\n","protected":false},"author":2,"featured_media":316242,"comment_status":"","ping_status":"","sticky":false,"template":"","format":"standard","meta":{"footnotes":""},"categories":[268],"tags":[168,25,24,280,282,494,38851,17733,39,2615,19365,281,23,167,21019],"class_list":{"0":"post-316241","1":"post","2":"type-post","3":"status-publish","4":"format-standard","5":"has-post-thumbnail","7":"category-futbol","8":"tag-deportes","9":"tag-es","10":"tag-espana","11":"tag-football","12":"tag-futbol","13":"tag-granada","14":"tag-huerta","15":"tag-irse","16":"tag-padre","17":"tag-quiere","18":"tag-saco","19":"tag-soccer","20":"tag-spain","21":"tag-sports","22":"tag-torrente"},"share_on_mastodon":{"url":"https:\/\/pubeurope.com\/@es\/115816236717388255","error":""},"_links":{"self":[{"href":"https:\/\/www.europesays.com\/es\/wp-json\/wp\/v2\/posts\/316241","targetHints":{"allow":["GET"]}}],"collection":[{"href":"https:\/\/www.europesays.com\/es\/wp-json\/wp\/v2\/posts"}],"about":[{"href":"https:\/\/www.europesays.com\/es\/wp-json\/wp\/v2\/types\/post"}],"author":[{"embeddable":true,"href":"https:\/\/www.europesays.com\/es\/wp-json\/wp\/v2\/users\/2"}],"replies":[{"embeddable":true,"href":"https:\/\/www.europesays.com\/es\/wp-json\/wp\/v2\/comments?post=316241"}],"version-history":[{"count":0,"href":"https:\/\/www.europesays.com\/es\/wp-json\/wp\/v2\/posts\/316241\/revisions"}],"wp:featuredmedia":[{"embeddable":true,"href":"https:\/\/www.europesays.com\/es\/wp-json\/wp\/v2\/media\/316242"}],"wp:attachment":[{"href":"https:\/\/www.europesays.com\/es\/wp-json\/wp\/v2\/media?parent=316241"}],"wp:term":[{"taxonomy":"category","embeddable":true,"href":"https:\/\/www.europesays.com\/es\/wp-json\/wp\/v2\/categories?post=316241"},{"taxonomy":"post_tag","embeddable":true,"href":"https:\/\/www.europesays.com\/es\/wp-json\/wp\/v2\/tags?post=316241"}],"curies":[{"name":"wp","href":"https:\/\/api.w.org\/{rel}","templated":true}]}}