{"id":316247,"date":"2025-12-31T21:14:14","date_gmt":"2025-12-31T21:14:14","guid":{"rendered":"https:\/\/www.europesays.com\/es\/316247\/"},"modified":"2025-12-31T21:14:14","modified_gmt":"2025-12-31T21:14:14","slug":"no-le-va-a-hacer-ninguna-gracia","status":"publish","type":"post","link":"https:\/\/www.europesays.com\/es\/316247\/","title":{"rendered":"\u00abNo le va a hacer ninguna gracia\u00bb"},"content":{"rendered":"<p style=\"\">Este mi\u00e9rcoles es el \u00faltimo d\u00eda del a\u00f1o 2025 y todo el mundo se prepara para celebrar la Nochevieja. As\u00ed, todos los programas centran sus contenidos en asuntos como la cesta de la compra, rituales para entrar con buen pie en el 2026, pero tambi\u00e9n  &#8230; han puesto el foco en c\u00f3mo pasar\u00e1n las uvas<strong> Jos\u00e9 Luis \u00c1balos<\/strong> y Koldo Garc\u00eda, un sobre el que este martes &#8216;<a href=\"https:\/\/www.abc.es\/play\/television\/noticias\/desvela-pasaran-abalos-koldo-nochevieja-carcel-vaya-20251230093352-nt.html\" target=\"_self\" data-voc-vtm-id=\"in-text-traffic\" title=\"La mirada cr\u00edtica\" data-mrf-link=\"www.abc.es\" rel=\"nofollow noopener\">La mirada cr\u00edtica<\/a>&#8216; (Telecinco) daba todos los detalles. Sin embargo, &#8216;El programa de Ana Rosa&#8217; ha ido m\u00e1s all\u00e1 y en esta jornada ha revelado el <strong>regalo<\/strong> que ha recibido el exministro de Transportes y que no har\u00e1 \u00abninguna gracia\u00bb al presidente del Gobierno, Pedro S\u00e1nchez.<\/p>\n<p class=\"voc-p\" style=\"\">\u00ab\u00c1balos no es un hombre tan malo y ha recibido un<strong> regalo de Navidad<\/strong> y no es carb\u00f3n. Es algo que \u00e9l se mor\u00eda por tener entre las manos pero que a <strong>Pedro S\u00e1nchez<\/strong> no le va a hacer ninguna gracia, \u00a1ay, Pedro! que hoy se te van a atragantar las uvas cuando te digamos cu\u00e1l es el regalo que ha recibido \u00c1balos\u00bb, introduc\u00eda Jorge Luque, reportero de &#8216;<a href=\"https:\/\/www.abc.es\/noticias\/el-programa-de-ana-rosa\/\" target=\"_self\" data-voc-vtm-id=\"in-text-traffic\" title=\"El programa de Ana Rosa\" data-mrf-link=\"www.abc.es\" rel=\"nofollow noopener\">El programa de Ana Rosa<\/a>&#8216;, que manten\u00eda el misterio del presente que hab\u00eda recibido el exministro.<\/p>\n<p class=\"voc-p\" style=\"\">\u00abEnhorabuena por esa entrevista al padre R\u00f3mulo, pero adem\u00e1s tienes otra informaci\u00f3n. <strong>\u00c1balos<\/strong> ha recibido un regalo navide\u00f1o en la c\u00e1rcel, \u00bfno? Es que te enteras de todo, Jorge, cu\u00e9ntanos\u00bb, le dec\u00eda Jano Mecha al periodista del <a href=\"https:\/\/www.abc.es\/play\/television\/noticias\/boris-izaguirre-pronuncia-rotundo-sobre-piensa-isabel-20251226124910-nt.html\" target=\"_self\" data-voc-vtm-id=\"in-text-traffic\" title=\"espacio\" data-mrf-link=\"www.abc.es\" rel=\"nofollow noopener\">espacio<\/a> de la cadena de Mediaset que revelaba el <strong>regalo<\/strong> que hab\u00eda recibido el exministro y que no iba a gustar a Pedro S\u00e1nchez.<\/p>\n<p class=\"voc-p\" style=\"\">\u00abY ahora vamos ya con lo gordo. Hoy es Nochevieja, hoy tienen bingo, tienen m\u00fasica, un men\u00fa, que si normalmente a los espa\u00f1oles nos cuesta cuatro euros que un preso coma, hoy nos cuesta ocho. Y eso ahora pues ya ves t\u00fa, \u00bfeso qu\u00e9 es?, sabiendo hoy que hemos conocido que un men\u00fa para \u00e9l son 193 \u20ac en un restaurante\u00bb, comenzaba diciendo con sorna el reportero de &#8216;<strong>El programa de Ana Rosa<\/strong>&#8216; antes de dar la <strong>exclusiva<\/strong> informaci\u00f3n.<\/p>\n<p>\nEl \u00abregalo\u00bb a \u00c1balos: \u00abTen\u00eda muchas ganas\u00bb\n<\/p>\n<p class=\"voc-p\" style=\"\">\u00abPero, bueno, hay un poco de luz en su vida y es que ha recibido la visita de Pap\u00e1 Noel, ha recibido un regalo de Navidad, un regalo de Navidad que a \u00e9l le ha encantado pero que a <strong>Pedro S\u00e1nchez<\/strong> cuando se entere no le va a hacer ninguna gracia. Ha llegado el el momento de descubrir el regalo de Navidad de <strong>\u00c1balos<\/strong>\u00bb, indicaba Jorge Luque ante las c\u00e1maras del matinal de Telecinco que resolv\u00eda el misterio a los telespectadores.<\/p>\n<p class=\"voc-p\" style=\"\">\u00ab\u00bfC\u00f3mo es de majo Pap\u00e1 Noel que no se olvida de nadie. Tras atender las peticiones de todos los minos del mundo, ayer se pas\u00f3 por Soto del Real a ver a \u00c1balos. Bueno, no fue personalmente \u00e9l. Utiliz\u00f3 como emisario a un amigo del exministro. S\u00ed, al parecer, <strong>\u00c1balos<\/strong> le mand\u00f3 una carta, ten\u00eda muchas ganas de contar con algo en Soto, algo que a \u00e9l no le va a hacer ninguna gracia. Y los deseos de \u00c1balos ya se han hecho realidad, ya tienen en sus manos el libro que quer\u00eda &#8216;El manual del dictador&#8217;\u00bb, revelaba &#8216;<a href=\"https:\/\/www.abc.es\/play\/television\/noticias\/sacan-luz-menu-cenaran-abalos-koldo-carcel-20251224121209-nt.html\" target=\"_self\" data-voc-vtm-id=\"in-text-traffic\" title=\"El programa de Ana Rosa\" data-mrf-link=\"www.abc.es\" rel=\"nofollow noopener\">El programa de Ana Rosa<\/a>&#8216;. \u00abUn libro que, en palabras del emisario que se lo entreg\u00f3, describe perfectamente a <strong>Pedro S\u00e1nchez<\/strong>&#8230; El libro habla de por qu\u00e9 los presidentes, los dictadores se aferran al poder y no se quieren marchar nunca a pesar de que las cosas les vayan mal a sus hijos\u00bb, indicaba el reportero que provocaba la reacci\u00f3n inmediata en el plat\u00f3 del programa.<\/p>\n<p class=\"voc-p\" style=\"\">\u00abEl regalo para <strong>\u00c1balos<\/strong>, &#8216;Manual  de un dictador. O sea, esto suena a  met\u00e1fora\u00bb, sentenciaba Jano Mecha ante las c\u00e1maras de &#8216;<strong>El programa de Ana Rosa<\/strong>&#8216;.<\/p>\n","protected":false},"excerpt":{"rendered":"Este mi\u00e9rcoles es el \u00faltimo d\u00eda del a\u00f1o 2025 y todo el mundo se prepara para celebrar la&hellip;\n","protected":false},"author":2,"featured_media":316248,"comment_status":"","ping_status":"","sticky":false,"template":"","format":"standard","meta":{"footnotes":""},"categories":[171],"tags":[32397,73957,17379,146,147,25,24,18569,21089,11381,1822,7382,199,23,214,36143],"class_list":{"0":"post-316247","1":"post","2":"type-post","3":"status-publish","4":"format-standard","5":"has-post-thumbnail","7":"category-tv","8":"tag-abalos","9":"tag-atraganten","10":"tag-destapa","11":"tag-entertainment","12":"tag-entretenimiento","13":"tag-es","14":"tag-espana","15":"tag-gracia","16":"tag-hara","17":"tag-ninguna","18":"tag-pedro","19":"tag-regalo","20":"tag-sanchez","21":"tag-spain","22":"tag-tv","23":"tag-uvas"},"share_on_mastodon":{"url":"https:\/\/pubeurope.com\/@es\/115816252205759093","error":""},"_links":{"self":[{"href":"https:\/\/www.europesays.com\/es\/wp-json\/wp\/v2\/posts\/316247","targetHints":{"allow":["GET"]}}],"collection":[{"href":"https:\/\/www.europesays.com\/es\/wp-json\/wp\/v2\/posts"}],"about":[{"href":"https:\/\/www.europesays.com\/es\/wp-json\/wp\/v2\/types\/post"}],"author":[{"embeddable":true,"href":"https:\/\/www.europesays.com\/es\/wp-json\/wp\/v2\/users\/2"}],"replies":[{"embeddable":true,"href":"https:\/\/www.europesays.com\/es\/wp-json\/wp\/v2\/comments?post=316247"}],"version-history":[{"count":0,"href":"https:\/\/www.europesays.com\/es\/wp-json\/wp\/v2\/posts\/316247\/revisions"}],"wp:featuredmedia":[{"embeddable":true,"href":"https:\/\/www.europesays.com\/es\/wp-json\/wp\/v2\/media\/316248"}],"wp:attachment":[{"href":"https:\/\/www.europesays.com\/es\/wp-json\/wp\/v2\/media?parent=316247"}],"wp:term":[{"taxonomy":"category","embeddable":true,"href":"https:\/\/www.europesays.com\/es\/wp-json\/wp\/v2\/categories?post=316247"},{"taxonomy":"post_tag","embeddable":true,"href":"https:\/\/www.europesays.com\/es\/wp-json\/wp\/v2\/tags?post=316247"}],"curies":[{"name":"wp","href":"https:\/\/api.w.org\/{rel}","templated":true}]}}