{"id":316262,"date":"2025-12-31T21:23:26","date_gmt":"2025-12-31T21:23:26","guid":{"rendered":"https:\/\/www.europesays.com\/es\/316262\/"},"modified":"2025-12-31T21:23:26","modified_gmt":"2025-12-31T21:23:26","slug":"elpuerto-de-santa-maria-el-puerto-de-santa-maria-despide-el-ano-con-flamenco-y-una-gran-fiesta-de-nochevieja-tras-la-multitudinaria-cabalgata-de-las-reinas","status":"publish","type":"post","link":"https:\/\/www.europesays.com\/es\/316262\/","title":{"rendered":"#ElPuerto de Santa Mar\u00eda &#8211; El Puerto de Santa Mar\u00eda despide el a\u00f1o con flamenco y una gran fiesta de Nochevieja tras la multitudinaria Cabalgata de las Reinas"},"content":{"rendered":"<p>Durante la ma\u00f1ana se celebrar\u00e1 la XI Edici\u00f3n del Flashmob Flamenco, organizado por la Academia Jos\u00e9 Leiva, una cita ya tradicional que llenar\u00e1 de comp\u00e1s y arte el centro de la ciudad. El Flashmob, que este a\u00f1o rinde homenaje al teniente de alcalde David Calleja, comenzar\u00e1 a las 11:00 horas desde la Plaza de Espa\u00f1a y recorrer\u00e1 espacios emblem\u00e1ticos como la Plaza del Castillo, Plaza Isaac Peral y Calle Luna, acercando el flamenco a vecinos y visitantes en un ambiente festivo.<\/p>\n<p>Ya por la noche, a partir de las 23:00 horas, la Plaza Isaac Peral acoger\u00e1 la Fiesta de Fin de A\u00f1o, que se prolongar\u00e1 hasta las 2:00 de la madrugada. Esta celebraci\u00f3n ofrecer\u00e1 a la juventud portuense y al p\u00fablico en general una alternativa de ocio saludable, gratuita y segura para despedir el a\u00f1o. Durante la velada se repartir\u00e1n 1.000 bolsas de cotill\u00f3n y 1.000 tubos LED de espuma, que contribuir\u00e1n a llenar la plaza de color, luz y diversi\u00f3n.<\/p>\n<p>La jornada de hoy llega tras el gran \u00e9xito de la Cabalgata de las Reinas, celebrada en la tarde de ayer, que congreg\u00f3 a miles de personas en las calles del centro. El cortejo, protagonizado por la Reina de las Nieves, la Reina de la India y la Reina de Egipto, despert\u00f3 una enorme ilusi\u00f3n entre los m\u00e1s peque\u00f1os y sus familias, convirti\u00e9ndose en una de las citas m\u00e1s multitudinarias de esta Navidad y reafirmando el car\u00e1cter familiar de las fiestas portuenses.<\/p>\n<p>Tras la celebraci\u00f3n de Fin de A\u00f1o, la programaci\u00f3n navide\u00f1a se retomar\u00e1 el pr\u00f3ximo 3 de enero con la esperada visita de Sus Majestades los Reyes Magos al Castillo de San Marcos, un encuentro muy especial para los m\u00e1s peque\u00f1os que servir\u00e1 de antesala a uno de los eventos m\u00e1s emblem\u00e1ticos de la Navidad en El Puerto, la Cabalgata de estos, que tendr\u00e1 lugar el 5 de enero.<\/p>\n<p>El concejal de Fiestas, David Calleja, ha destacado el excelente desarrollo de la programaci\u00f3n navide\u00f1a, agradeciendo la respuesta de la ciudadan\u00eda, el buen ambiente y el civismo demostrados durante todos los actos, y ha recordado que cualquier modificaci\u00f3n de la programaci\u00f3n ser\u00e1 comunicada a trav\u00e9s de los canales oficiales municipales.<\/p>\n<p><strong>Pr\u00f3ximas actividades navide\u00f1as<\/strong><\/p>\n<p>La agenda navide\u00f1a, organizada por el Ayuntamiento de El Puerto, incluye las siguientes propuestas:<\/p>\n<ul>\n<li><strong>3 enero<\/strong>\n<ul>\n<li>17h a 20h | Reyes Magos (Castillo San Marcos)<\/li>\n<\/ul>\n<\/li>\n<li><strong>4 enero<\/strong>\n<ul>\n<li>Horario por confirmar | Cabalgata (Poblado Do\u00f1a Blanca)<\/li>\n<\/ul>\n<\/li>\n<li><strong>5 enero<\/strong>\n<ul>\n<li>Horario por confirmar | Cabalgata de los Reyes Magos<\/li>\n<\/ul>\n<\/li>\n<\/ul>\n<p>Calleja invita a todos a seguir participando en las actividades de la programaci\u00f3n navide\u00f1a, pensadas para llenar de ilusi\u00f3n, convivencia y alegr\u00eda las calles de nuestra ciudad porque El Puerto Avanza para hacer estas fechas a\u00fan m\u00e1s especiales a los portuenses.<\/p>\n","protected":false},"excerpt":{"rendered":"Durante la ma\u00f1ana se celebrar\u00e1 la XI Edici\u00f3n del Flashmob Flamenco, organizado por la Academia Jos\u00e9 Leiva, una&hellip;\n","protected":false},"author":2,"featured_media":316263,"comment_status":"","ping_status":"","sticky":false,"template":"","format":"standard","meta":{"footnotes":""},"categories":[8],"tags":[17,18,73963,73961,5446,4034,25,24,13,14,11925,73962,11,19,20,4177,2951,9,5199,10,15,16,23,12,21,22],"class_list":{"0":"post-316262","1":"post","2":"type-post","3":"status-publish","4":"format-standard","5":"has-post-thumbnail","7":"category-espana","8":"tag-breaking-news","9":"tag-breakingnews","10":"tag-cabalgata-de-las-reinas","11":"tag-despide-el-ano","12":"tag-el-puerto","13":"tag-el-puerto-de-santa-maria","14":"tag-es","15":"tag-espana","16":"tag-featured-news","17":"tag-featurednews","18":"tag-flamenco","19":"tag-gran-fiesta","20":"tag-headlines","21":"tag-latest-news","22":"tag-latestnews","23":"tag-multitudinaria","24":"tag-navidad","25":"tag-news","26":"tag-nochevieja","27":"tag-noticias","28":"tag-noticias-destacadas","29":"tag-noticiasdestacadas","30":"tag-spain","31":"tag-titulares","32":"tag-ultimas-noticias","33":"tag-ultimasnoticias"},"share_on_mastodon":{"url":"","error":"Validation failed: Text character limit of 500 exceeded"},"_links":{"self":[{"href":"https:\/\/www.europesays.com\/es\/wp-json\/wp\/v2\/posts\/316262","targetHints":{"allow":["GET"]}}],"collection":[{"href":"https:\/\/www.europesays.com\/es\/wp-json\/wp\/v2\/posts"}],"about":[{"href":"https:\/\/www.europesays.com\/es\/wp-json\/wp\/v2\/types\/post"}],"author":[{"embeddable":true,"href":"https:\/\/www.europesays.com\/es\/wp-json\/wp\/v2\/users\/2"}],"replies":[{"embeddable":true,"href":"https:\/\/www.europesays.com\/es\/wp-json\/wp\/v2\/comments?post=316262"}],"version-history":[{"count":0,"href":"https:\/\/www.europesays.com\/es\/wp-json\/wp\/v2\/posts\/316262\/revisions"}],"wp:featuredmedia":[{"embeddable":true,"href":"https:\/\/www.europesays.com\/es\/wp-json\/wp\/v2\/media\/316263"}],"wp:attachment":[{"href":"https:\/\/www.europesays.com\/es\/wp-json\/wp\/v2\/media?parent=316262"}],"wp:term":[{"taxonomy":"category","embeddable":true,"href":"https:\/\/www.europesays.com\/es\/wp-json\/wp\/v2\/categories?post=316262"},{"taxonomy":"post_tag","embeddable":true,"href":"https:\/\/www.europesays.com\/es\/wp-json\/wp\/v2\/tags?post=316262"}],"curies":[{"name":"wp","href":"https:\/\/api.w.org\/{rel}","templated":true}]}}