{"id":316266,"date":"2025-12-31T21:30:08","date_gmt":"2025-12-31T21:30:08","guid":{"rendered":"https:\/\/www.europesays.com\/es\/316266\/"},"modified":"2025-12-31T21:30:08","modified_gmt":"2025-12-31T21:30:08","slug":"balance-pt-espanoles-2025-y-4-euskaltel","status":"publish","type":"post","link":"https:\/\/www.europesays.com\/es\/316266\/","title":{"rendered":"Balance PT espa\u00f1oles 2025 (y 4): Euskaltel"},"content":{"rendered":"<p><a href=\"https:\/\/www.europesays.com\/es\/wp-content\/uploads\/2025\/12\/3ccjd9nR.jpg\" target=\"_blank\" rel=\"noopener\"><img fetchpriority=\"high\" decoding=\"async\" aria-describedby=\"caption-attachment-436620\" class=\"wp-image-436620 size-full lazy\" src=\"data:image\/svg+xml,%3Csvg%20xmlns=\" http:=\"\" data-src=\"https:\/\/www.europesays.com\/es\/wp-content\/uploads\/2025\/12\/3ccjd9nR.jpg\" alt=\"\" width=\"610\" height=\"342\" data- data-\/><\/a><\/p>\n<p id=\"caption-attachment-436620\" class=\"wp-caption-text\">Jordi L\u00f3pez gana la segunda etapa del GP Beiras.<\/p>\n<p><b><b>Redacci\u00f3n \/ <a href=\"https:\/\/www.ciclo21.com\/whatsapp-telegram-2025\/\" target=\"_blank\" rel=\"noopener nofollow\">Ciclo 21<\/a><\/b><\/b><\/p>\n<p style=\"text-align: justify;\">Ante la supremac\u00eda y la ambici\u00f3n de los grandes equipos que lo intentan ganar todo, el ciclismo de los modestos vive tiempos donde cada \u00e9xito se celebra el doble. Ante una temporada en la que el equipo UAE casi se planta en cien triunfos, hay que asumir que elegir bien el calendario es clave para que ciclistas de equipos como el <strong>Euskaltel<\/strong> puedan levantar los brazos.<\/p>\n<p style=\"text-align: justify;\">Se ha quedado en tres la cuenta de victorias del equipo naranja, quedando obligado a mejorar esa presentaci\u00f3n de cara al pr\u00f3ximo curso. De esas tres veces, ninguna de ellas fue en pruebas de la categor\u00eda World Tour. <strong>Y las tres se produjeron en apenas tres meses de temporada, ya que la primera lleg\u00f3 el 20 de marzo y la tercera el 29 de junio.<\/strong> Y a esto hay que sumar que este a\u00f1o no tuvieron la oportunidad de competir en la Vuelta a Espa\u00f1a, que siempre suele ser el momento de m\u00e1xima exposici\u00f3n para cualquier equipo espa\u00f1ol que no sea Movistar.<\/p>\n<p style=\"text-align: justify;\">El primero de esos triunfos lo consigui\u00f3 <a href=\"https:\/\/www.ciclo21.com\/5a-tour-taiwan-2025-hennequin-gilmore\/\" target=\"_blank\" rel=\"noopener nofollow\"><strong>Paul Hennequin en la quinta etapa del Tour de Taiw\u00e1n,<\/strong><\/a> el segundo corri\u00f3 a cargo del espa\u00f1ol <a href=\"https:\/\/www.ciclo21.com\/2a-gp-beiras-2025-jordi-lopez\/\" target=\"_blank\" rel=\"noopener nofollow\"><strong>Jordi L\u00f3pez en la segunda jornada del GP Beiras<\/strong><\/a> y el \u00faltimo de todos lo logr\u00f3 el h\u00fangaro <strong>M\u00e1rton Dina, quien se impuso en el Nacional de fondo de su pa\u00eds.<\/strong><\/p>\n<p style=\"text-align: justify;\">Este es bagaje de triunfos de un Euskaltel que tuvo ambici\u00f3n, ilusi\u00f3n y ganas, pero cuyos tiros fueron m\u00e1s al palo o fuera que dentro de la porter\u00eda. <strong>As\u00ed que el objetivo de cara a la nueva temporada es clara: levantar m\u00e1s veces los brazos en l\u00ednea de meta.<\/strong><\/p>\n<p style=\"text-align: justify;\"><strong>Balances anteriores: <a href=\"https:\/\/www.ciclo21.com\/balance-equipos-wt-2025-1-uae\/\" target=\"_blank\" rel=\"noopener nofollow\">UAE<\/a> \/ <a href=\"https:\/\/www.ciclo21.com\/balance-equipos-wt-2025-2-lidl\/\" target=\"_blank\" rel=\"noopener nofollow\">LIDL<\/a> \/ <a href=\"https:\/\/www.ciclo21.com\/balance-equipos-wt-2025-3-soudal\/\" target=\"_blank\" rel=\"noopener nofollow\">SOUDAL<\/a> \/ <a href=\"https:\/\/www.ciclo21.com\/balance-equipos-wt-2025-4-visma-lease-bike\/\" target=\"_blank\" rel=\"noopener nofollow\">VISMA<\/a>\/ <a href=\"https:\/\/www.ciclo21.com\/balance-equipos-wt-2025-5-xds-astana\/\" target=\"_blank\" rel=\"noopener nofollow\">XDS<\/a> \/ <a href=\"https:\/\/www.ciclo21.com\/balance-equipos-wt-2025-6-ineos\/\" target=\"_blank\" rel=\"noopener nofollow\">INEOS<\/a> \/ <a href=\"https:\/\/www.ciclo21.com\/balance-equipos-wt-2025-7-decathlon\/\" target=\"_blank\" rel=\"noopener nofollow\">DECATHLON<\/a> \/ <a href=\"https:\/\/www.ciclo21.com\/balance-equipos-wt-2025-8-red-bull\/\" target=\"_blank\" rel=\"noopener nofollow\">RED BULL<\/a> \/ <a href=\"https:\/\/www.ciclo21.com\/balance-equipos-wt-2025-9-alpecin\/\" target=\"_blank\" rel=\"noopener nofollow\">ALPECIN<\/a> \/ <a href=\"https:\/\/www.ciclo21.com\/balance-equipos-wt-2025-10-jayco\/\" target=\"_blank\" rel=\"noopener nofollow\">JAYCO<\/a> \/ <a href=\"https:\/\/www.ciclo21.com\/balance-equipos-wt-2025-11-groupama\/\" target=\"_blank\" rel=\"noopener nofollow\">GROUPAMA<\/a> \/ <a href=\"https:\/\/www.ciclo21.com\/balance-equipos-wt-2025-12-ef-education\/\" target=\"_blank\" rel=\"noopener nofollow\">EF EDUCATION<\/a> \/ <a href=\"https:\/\/www.ciclo21.com\/balance-equipos-wt-2025-13-arkea\/\" target=\"_blank\" rel=\"noopener nofollow\">ARK\u00c9A<\/a> \/ <a href=\"https:\/\/www.ciclo21.com\/balance-equipos-wt-2025-14-cofidis\/\" target=\"_blank\" rel=\"noopener nofollow\">COFIDIS<\/a> \/ <a href=\"https:\/\/www.ciclo21.com\/balance-equipos-wt-2025-15-movistar\/\" target=\"_blank\" rel=\"noopener nofollow\">MOVISTAR<\/a> \/ <a href=\"https:\/\/www.ciclo21.com\/balance-equipos-wt-2025-16-bahrain\/\" target=\"_blank\" rel=\"noopener nofollow\">BAHRAIN<\/a> \/ <a href=\"https:\/\/www.ciclo21.com\/balance-equipos-wt-2025-17-intermarche\/\" target=\"_blank\" rel=\"noopener nofollow\">INTERMARCH\u00c9<\/a> \/ <a href=\"https:\/\/www.ciclo21.com\/balance-equipos-wt-2025-18-picnic\/\" target=\"_blank\" rel=\"noopener nofollow\">PICNIC<\/a> \/ <a href=\"https:\/\/www.ciclo21.com\/balance-pt-espanoles-2025-1-burgos\/\" target=\"_blank\" rel=\"noopener nofollow\">BURGOS<\/a> \/ <a href=\"https:\/\/www.ciclo21.com\/balance-pt-espanoles-2025-2-caja-rural\/\" target=\"_blank\" rel=\"noopener nofollow\">CAJA RURAL<\/a> \/ <a href=\"https:\/\/www.ciclo21.com\/balance-pt-espanoles-2025-3-kern-pharma\/\" target=\"_blank\" rel=\"noopener nofollow\">KERN PHARMA<\/a><\/strong><\/p>\n<p><strong>VICTORIAS 2025 (3)<\/strong><\/p>\n<p><strong>PLANTILLA 2025<\/strong><\/p>\n<p>\u00a9 wikipedia<\/p>\n","protected":false},"excerpt":{"rendered":"Jordi L\u00f3pez gana la segunda etapa del GP Beiras. Redacci\u00f3n \/ Ciclo 21 Ante la supremac\u00eda y la&hellip;\n","protected":false},"author":2,"featured_media":316267,"comment_status":"","ping_status":"","sticky":false,"template":"","format":"standard","meta":{"footnotes":""},"categories":[273],"tags":[313,312,168,25,24,13145,23,167],"class_list":{"0":"post-316266","1":"post","2":"type-post","3":"status-publish","4":"format-standard","5":"has-post-thumbnail","7":"category-ciclismo","8":"tag-ciclismo","9":"tag-cycling","10":"tag-deportes","11":"tag-es","12":"tag-espana","13":"tag-euskaltel","14":"tag-spain","15":"tag-sports"},"share_on_mastodon":{"url":"https:\/\/pubeurope.com\/@es\/115816315133877667","error":""},"_links":{"self":[{"href":"https:\/\/www.europesays.com\/es\/wp-json\/wp\/v2\/posts\/316266","targetHints":{"allow":["GET"]}}],"collection":[{"href":"https:\/\/www.europesays.com\/es\/wp-json\/wp\/v2\/posts"}],"about":[{"href":"https:\/\/www.europesays.com\/es\/wp-json\/wp\/v2\/types\/post"}],"author":[{"embeddable":true,"href":"https:\/\/www.europesays.com\/es\/wp-json\/wp\/v2\/users\/2"}],"replies":[{"embeddable":true,"href":"https:\/\/www.europesays.com\/es\/wp-json\/wp\/v2\/comments?post=316266"}],"version-history":[{"count":0,"href":"https:\/\/www.europesays.com\/es\/wp-json\/wp\/v2\/posts\/316266\/revisions"}],"wp:featuredmedia":[{"embeddable":true,"href":"https:\/\/www.europesays.com\/es\/wp-json\/wp\/v2\/media\/316267"}],"wp:attachment":[{"href":"https:\/\/www.europesays.com\/es\/wp-json\/wp\/v2\/media?parent=316266"}],"wp:term":[{"taxonomy":"category","embeddable":true,"href":"https:\/\/www.europesays.com\/es\/wp-json\/wp\/v2\/categories?post=316266"},{"taxonomy":"post_tag","embeddable":true,"href":"https:\/\/www.europesays.com\/es\/wp-json\/wp\/v2\/tags?post=316266"}],"curies":[{"name":"wp","href":"https:\/\/api.w.org\/{rel}","templated":true}]}}