{"id":31627,"date":"2025-08-07T13:11:07","date_gmt":"2025-08-07T13:11:07","guid":{"rendered":"https:\/\/www.europesays.com\/es\/31627\/"},"modified":"2025-08-07T13:11:07","modified_gmt":"2025-08-07T13:11:07","slug":"el-banco-de-inglaterra-recorta-la-tasa-base-en-25-puntos-basicos-al-40","status":"publish","type":"post","link":"https:\/\/www.europesays.com\/es\/31627\/","title":{"rendered":"El Banco de Inglaterra recorta la tasa base en 25 puntos b\u00e1sicos al 4,0%"},"content":{"rendered":"\n<p class=\"yf-1090901\">Investing.com &#8211; El Banco de Inglaterra recort\u00f3 su tipo de inter\u00e9s de referencia el jueves, como se esperaba ampliamente, para apoyar un mercado laboral en deterioro, pero las perspectivas de una mayor relajaci\u00f3n de la pol\u00edtica monetaria parecen inciertas.<\/p>\n<p class=\"yf-1090901\">El banco central brit\u00e1nico recort\u00f3 su tasa bancaria en 25 puntos b\u00e1sicos al 4%, desde el 4,25%, su quinta reducci\u00f3n en 12 meses.<\/p>\n<p class=\"yf-1090901\">El recorte de tipos se produce mientras la econom\u00eda brit\u00e1nica retrocede y en medio de las preocupaciones en torno a que se avecina un deterioro m\u00e1s preocupante en el mercado laboral.<\/p>\n<p class=\"yf-1090901\">\u00abLa holgura sin duda est\u00e1 aumentando\u00bb, dijeron los analistas de ING (AS:INGA) en una nota. \u00abEl n\u00famero de empleados en n\u00f3mina ha ca\u00eddo en siete de los \u00faltimos ocho meses. La tasa de desempleo ha aumentado unas d\u00e9cimas de punto porcentual este a\u00f1o (y, lo que es crucial, a diferencia de a\u00f1os recientes, los datos parecen m\u00e1s fiables). Los datos de vacantes de Indeed sugieren que el mercado laboral del Reino Unido se ha enfriado m\u00e1s que en otras econom\u00edas importantes\u00bb.<\/p>\n<p class=\"yf-1090901\">Dicho esto, la decisi\u00f3n de recortar los tipos de inter\u00e9s no fue en absoluto un\u00e1nime, con cuatro miembros del Comit\u00e9 de Pol\u00edtica Monetaria, compuesto por nueve personas, votando en contra del recorte debido a sus preocupaciones sobre la inflaci\u00f3n.<\/p>\n<p class=\"yf-1090901\">Esta divisi\u00f3n reflej\u00f3 las presiones contradictorias sobre el banco central brit\u00e1nico, ya que la econom\u00eda brit\u00e1nica se contrajo por segundo trimestre consecutivo en mayo, pero la inflaci\u00f3n est\u00e1 por encima de las proyecciones del BoE y algunos economistas prev\u00e9n que alcance el 4% en los pr\u00f3ximos meses, el doble del objetivo del banco central.<\/p>\n<p class=\"yf-1090901\">Los inversores est\u00e1n descontando en su mayor\u00eda otro recorte en noviembre despu\u00e9s de la reducci\u00f3n de hoy, pero solo una o dos reducciones m\u00e1s en 2026, lo que dejar\u00eda la tasa bancaria en el 3,5% o el 3,25%, superior a la tasa de referencia de la eurozona del 2%.<\/p>\n<p class=\"yf-1090901\">\u00abLos inversores pueden recibir con agrado el movimiento de hoy, pero un recorte en noviembre est\u00e1 lejos de estar garantizado. A partir de ahora, el camino probablemente ser\u00e1 desigual. La credibilidad importa y equivocarse podr\u00eda costar m\u00e1s a largo plazo\u00bb, dijo Lale Akoner, analista de mercados globales en eToro.<\/p>\n<p class=\"yf-1090901\">\u00abUn enfoque m\u00e1s lento y constante servir\u00eda mejor al juego a largo plazo. Bancos centrales como el BCE y la Fed pueden estar inclin\u00e1ndose hacia una postura m\u00e1s dovish, pero esa no es raz\u00f3n para apresurarse en el Reino Unido, donde los riesgos de estanflaci\u00f3n son m\u00e1s altos. El mercado laboral del Reino Unido ya est\u00e1 absorbiendo el dolor, con m\u00e1s de 180.000 n\u00f3minas perdidas desde los aumentos de impuestos y salarios de abril\u00bb.<\/p>\n","protected":false},"excerpt":{"rendered":"Investing.com &#8211; El Banco de Inglaterra recort\u00f3 su tipo de inter\u00e9s de referencia el jueves, como se esperaba&hellip;\n","protected":false},"author":2,"featured_media":18578,"comment_status":"","ping_status":"","sticky":false,"template":"","format":"standard","meta":{"footnotes":""},"categories":[80],"tags":[82,95,94,25,24,7100,2444,23,16541,16543,16542],"class_list":{"0":"post-31627","1":"post","2":"type-post","3":"status-publish","4":"format-standard","5":"has-post-thumbnail","7":"category-economia","8":"tag-business","9":"tag-economia","10":"tag-economy","11":"tag-es","12":"tag-espana","13":"tag-mercado-laboral","14":"tag-reino-unido","15":"tag-spain","16":"tag-tasa-de-desempleo","17":"tag-tasa-de-referencia","18":"tag-tipo-de-interes-de-referencia"},"share_on_mastodon":{"url":"","error":""},"_links":{"self":[{"href":"https:\/\/www.europesays.com\/es\/wp-json\/wp\/v2\/posts\/31627","targetHints":{"allow":["GET"]}}],"collection":[{"href":"https:\/\/www.europesays.com\/es\/wp-json\/wp\/v2\/posts"}],"about":[{"href":"https:\/\/www.europesays.com\/es\/wp-json\/wp\/v2\/types\/post"}],"author":[{"embeddable":true,"href":"https:\/\/www.europesays.com\/es\/wp-json\/wp\/v2\/users\/2"}],"replies":[{"embeddable":true,"href":"https:\/\/www.europesays.com\/es\/wp-json\/wp\/v2\/comments?post=31627"}],"version-history":[{"count":0,"href":"https:\/\/www.europesays.com\/es\/wp-json\/wp\/v2\/posts\/31627\/revisions"}],"wp:featuredmedia":[{"embeddable":true,"href":"https:\/\/www.europesays.com\/es\/wp-json\/wp\/v2\/media\/18578"}],"wp:attachment":[{"href":"https:\/\/www.europesays.com\/es\/wp-json\/wp\/v2\/media?parent=31627"}],"wp:term":[{"taxonomy":"category","embeddable":true,"href":"https:\/\/www.europesays.com\/es\/wp-json\/wp\/v2\/categories?post=31627"},{"taxonomy":"post_tag","embeddable":true,"href":"https:\/\/www.europesays.com\/es\/wp-json\/wp\/v2\/tags?post=31627"}],"curies":[{"name":"wp","href":"https:\/\/api.w.org\/{rel}","templated":true}]}}