{"id":316274,"date":"2025-12-31T21:35:29","date_gmt":"2025-12-31T21:35:29","guid":{"rendered":"https:\/\/www.europesays.com\/es\/316274\/"},"modified":"2025-12-31T21:35:29","modified_gmt":"2025-12-31T21:35:29","slug":"minimalismo-elegante-y-arte-la-inspiracion-de-daniel-rueda-para-su-departamento-parisino","status":"publish","type":"post","link":"https:\/\/www.europesays.com\/es\/316274\/","title":{"rendered":"Minimalismo elegante y arte, la inspiraci\u00f3n de Daniel Rueda para su departamento parisino"},"content":{"rendered":"<p>Que el pasado sea capaz de moldear una est\u00e9tica, de acu\u00f1ar un lenguaje, es quiz\u00e1 algo sabido por todos. Cada imagen encontrada a lo largo del camino \u2014extraordinaria o cotidiana\u2014 nos pertenece y, de alg\u00fan modo, nos define. <strong>Los recuerdos m\u00e1s incisivos nunca se confunden: permanecen n\u00edtidos e inalterables, como una materia viva a la que uno vuelve en busca de inspiraci\u00f3n.<\/strong> \u00bfY por qu\u00e9 no? Tambi\u00e9n al proyectar una casa.<\/p>\n<p><img decoding=\"async\" alt=\"El dise\u00f1ador de origen colombiano Daniel Rueda.\" loading=\"lazy\" class=\"ResponsiveImageContainer-eNxvmU cfBbTk responsive-image__image\"   src=\"https:\/\/www.europesays.com\/es\/wp-content\/uploads\/2025\/12\/20250706_MATTEOVERZINI_ADITALIA_DANIELRUEDA_00453.jpg\"\/><\/p>\n<p>El dise\u00f1ador de origen colombiano, Daniel Rueda.Matteo Verzini.<\/p>\n<p>A partir del recuerdo de su hogar de infancia en Bogot\u00e1, <strong>Daniel Rueda, joven coleccionista y dise\u00f1ador de marroquiner\u00eda para FENDI<\/strong>, concibi\u00f3 \u2014de manera instintiva\u2014 su departamento parisino: un refugio sensorial y minimalista donde el espacio es protagonista. <strong>Son claras las influencias de Le Corbusier, los aceros de la Bauhaus y esa atenci\u00f3n lum\u00ednica sobre las superficies<\/strong> (a veces lacadas, a veces espejadas) que evocan una bo\u00eete \u00e0 bijoux. Un tr\u00edplex \u201cmasculino\u201d que Rueda describe as\u00ed: <strong>\u201csin demasiados adornos, esencial y rotundo\u201d<\/strong>, una estructura modernista concebida por <strong>NDA\u2014No\u00ebl Dominguez Architecte<\/strong>, estudio especializado en la recuperaci\u00f3n din\u00e1mica de edificios existentes. En el coraz\u00f3n de Le Marais, entre los muros del h\u00f4tel particulier que perteneci\u00f3 a la marquesa de S\u00e9vign\u00e9, la sencillez y el rigor de este espacio abren una nueva perspectiva para interpretar y revisitar el entorno hist\u00f3rico. La vista desde las ventanas de doble altura del sal\u00f3n devuelve un atisbo del pasado se\u00f1orial del edificio. \u201cEsta casa es, de alg\u00fan modo, la extensi\u00f3n de mi fantas\u00eda personal de Par\u00eds\u201d, expres\u00f3 Rueda, y a\u00f1adi\u00f3: \u201cUn departamento a caballo entre dos siglos. Podr\u00eda ser la casa de un arquitecto o de un poeta\u201d.<\/p>\n<p><img decoding=\"async\" alt=\"Minimalismo elegante y arte la inspiraci\u00f3n de Daniel Rueda para su departamento parisino\" loading=\"lazy\" class=\"ResponsiveImageContainer-eNxvmU cfBbTk responsive-image__image\"   src=\"https:\/\/www.europesays.com\/es\/wp-content\/uploads\/2025\/12\/20250706_MATTEOVERZINI_ADITALIA_DANIELRUEDA_00161_1.jpg\"\/><\/p>\n","protected":false},"excerpt":{"rendered":"Que el pasado sea capaz de moldear una est\u00e9tica, de acu\u00f1ar un lenguaje, es quiz\u00e1 algo sabido por&hellip;\n","protected":false},"author":2,"featured_media":316275,"comment_status":"","ping_status":"","sticky":false,"template":"","format":"standard","meta":{"footnotes":""},"categories":[173],"tags":[229,233,231,230,1803,8372,232,234,146,147,25,24,23],"class_list":{"0":"post-316274","1":"post","2":"type-post","3":"status-publish","4":"format-standard","5":"has-post-thumbnail","7":"category-arte-y-diseno","8":"tag-arte","9":"tag-arte-y-diseno","10":"tag-arts","11":"tag-arts-and-design","12":"tag-colombia","13":"tag-decoracion","14":"tag-design","15":"tag-diseno","16":"tag-entertainment","17":"tag-entretenimiento","18":"tag-es","19":"tag-espana","20":"tag-spain"},"share_on_mastodon":{"url":"https:\/\/pubeurope.com\/@es\/115816334847927944","error":""},"_links":{"self":[{"href":"https:\/\/www.europesays.com\/es\/wp-json\/wp\/v2\/posts\/316274","targetHints":{"allow":["GET"]}}],"collection":[{"href":"https:\/\/www.europesays.com\/es\/wp-json\/wp\/v2\/posts"}],"about":[{"href":"https:\/\/www.europesays.com\/es\/wp-json\/wp\/v2\/types\/post"}],"author":[{"embeddable":true,"href":"https:\/\/www.europesays.com\/es\/wp-json\/wp\/v2\/users\/2"}],"replies":[{"embeddable":true,"href":"https:\/\/www.europesays.com\/es\/wp-json\/wp\/v2\/comments?post=316274"}],"version-history":[{"count":0,"href":"https:\/\/www.europesays.com\/es\/wp-json\/wp\/v2\/posts\/316274\/revisions"}],"wp:featuredmedia":[{"embeddable":true,"href":"https:\/\/www.europesays.com\/es\/wp-json\/wp\/v2\/media\/316275"}],"wp:attachment":[{"href":"https:\/\/www.europesays.com\/es\/wp-json\/wp\/v2\/media?parent=316274"}],"wp:term":[{"taxonomy":"category","embeddable":true,"href":"https:\/\/www.europesays.com\/es\/wp-json\/wp\/v2\/categories?post=316274"},{"taxonomy":"post_tag","embeddable":true,"href":"https:\/\/www.europesays.com\/es\/wp-json\/wp\/v2\/tags?post=316274"}],"curies":[{"name":"wp","href":"https:\/\/api.w.org\/{rel}","templated":true}]}}