{"id":316278,"date":"2025-12-31T21:39:15","date_gmt":"2025-12-31T21:39:15","guid":{"rendered":"https:\/\/www.europesays.com\/es\/316278\/"},"modified":"2025-12-31T21:39:15","modified_gmt":"2025-12-31T21:39:15","slug":"rondallas-daniel-sanchez-arevalo-demuestra-de-nuevo-que-es-el-rey-de-la-comedia-comercial-espanola-infolibre","status":"publish","type":"post","link":"https:\/\/www.europesays.com\/es\/316278\/","title":{"rendered":"\u2018Rondallas\u2019, Daniel S\u00e1nchez Ar\u00e9valo demuestra de nuevo que es el rey de la comedia comercial espa\u00f1ola &#8211; infoLibre"},"content":{"rendered":"<ol>\n<li><a href=\"https:\/\/news.google.com\/rss\/articles\/CBMi4gFBVV95cUxQZ2NLc201WmNGdE93d2Y4QWtHdENvbi1MNms0NFhmUzNQMENUa2dFbXBZYUt6OE9oRm1fNjRZMUt3XzRNVHN3aXVSTk43SGpENnppMjViekxxTFZMX2dnQVZNT2ZqZGpZb1F4alV5OGVaY2Z4c0FoWGphZC1GWnNST2NtVnZWUzIzMGFfWGRhMTAxbWFBSHZTdHppcXpYbTZId0s5ZGhvNm5mNm9FTjF6c1pZZ1ZrekZRbi1yd3RJV250R3J5cWwwWXNqYWh6UmtkX216MElWcjUxY0ZxNS11ejdB?oc=5\" target=\"_blank\" rel=\"nofollow noopener\">\u2018Rondallas\u2019, Daniel S\u00e1nchez Ar\u00e9valo demuestra de nuevo que es el rey de la comedia comercial espa\u00f1ola<\/a>&nbsp;&nbsp;infoLibre<\/li>\n<li><a href=\"https:\/\/news.google.com\/rss\/articles\/CBMiggFBVV95cUxQQ3RJenp0U1VOU0UtUDF2YVVMdnBRdjVDOWtmYXRBR2c1cHNLdHhhcGVBMzlEZG9LS1BWXzlHYUJhRklTcXZrdTJYMGU5cmU4ckMyS25FRFVDVm9iN2dQTHdBbHNxeXg4Mko3V2Y5ZnpodW95OEhZMWl0emdiTjVBSTF30gGCAUFVX3lxTFBvRmNfUmwwZWRnbHVNRk5LSjlUTFNDbHI3SWpORlh3cmRJS2hqdmIzNTVBbkExQm9mSlFNaTFSZ0cySERCa05nREtMYnRTZDN2d3VTNUJ5QXBKTF9JWWw4bzFXM2hfTGlESVZUTHFjNnlrbGNMdUhNTUZzU0Rmb2RvZ3c?oc=5\" target=\"_blank\" rel=\"nofollow noopener\">Rondallas: El cine como celebraci\u00f3n y \u00e9xtasis (****)<\/a>&nbsp;&nbsp;El Mundo<\/li>\n<li><a href=\"https:\/\/news.google.com\/rss\/articles\/CBMiiwFBVV95cUxPTWNfcUhQMXVvZWZvTjg2dFFuZ25GUUlVNUxVcVh6SVg2TU1OZ2UyOHhxdnM1TkpLbkphdFZjZlFDbkFVY0JhWGJBLUxqYy1ZMW8yQTNhTV9JLXZKSEFOajVucmNwLTJrT0cyWDB2blZYdlNPeDFRaWVDMlV5bDVTTGdUUXZLLUt3X3Jv?oc=5\" target=\"_blank\" rel=\"nofollow noopener\">El regreso de Daniel S\u00e1nchez Ar\u00e9valo: \u00abMe he vuelto a sentir director con &#8216;Rondallas&#8217;\u00bb<\/a>&nbsp;&nbsp;ABC<\/li>\n<li><a href=\"https:\/\/news.google.com\/rss\/articles\/CBMisAFBVV95cUxOckMwa2lfVUZvWnl0VWVqZ0FuUWZ2Um16YkNyUk5YMTFtc05nUTBHdTZYWkVIcFcwem5IRVZEVlR5YkZYNkRlRHJScHM5d3ZIaUVJME94UWlIVTR4TWs1Y0dCZ0xhNEU0VHdiN2Q4LTcyOWxGampxaG9yYzNpQ0x2U1ZQZU85bzhSV2FDcnJ3eVUtUnFEVVJTMUkwRlByMU91b0lkdS1JeDNfRW1XUEFtLQ?oc=5\" target=\"_blank\" rel=\"nofollow noopener\">\u2018Rondallas\u2019: un amable duelo colectivo a ritmo de folclore gallego<\/a>&nbsp;&nbsp;EL PA\u00cdS<\/li>\n<li><a href=\"https:\/\/news.google.com\/rss\/articles\/CBMi5gFBVV95cUxOa0Z6ZGZBeVNzSjd1WWplWG5pLVNLTkp3TVhiM3Z2LU5yeHA2VW5LRDF6NHZpWHU4ZmI5ejVhUjZXUUQzNmJvSUdJTFNSVTlvOHRGcFN3STRGUjdFbUNiOEptNVFlRTZWLVloU3VkYXRMYVZpQldEVEhEVXVxajc0NV9vS1dLZk5Yd2dzN0o5LVR5bDE1cGRHRXZkbDQtYk9zbE0yS1lSWjRZRXVyakpPWGhNVjdDXzV6REMzZzlubm0zckN4czZpRVJYNlB1LU9tRl9UR25NcHlfRERLdEV1MlF3VU96UdIB-gFBVV95cUxQcFQzRkhMMkZaZHdoMDZMbmh4R0d5emVXTzJfZzFiNVZlRGhCUXJpOWlrVUt0SFdnR05aNTBPR1VFVGF4S3ZoYUlUUE9PRWs5ZThBZEtoTmc3VmN4ZUFjbnNaZ01kS1NFSHVVQ2JLQUVUTngtNno1d2NiVkNRS0FleTFwRFRRczFBUmdxcDdESEJqeUFrNDNETERaXzlmSDBSSUdyTmpGWWNaWXEtd0N3dmdOUmdURVkydDAwbzhsRTh5TjBUbGRtaVEtNmhoT2JlbUZVdEItU05FUjZqTzRKQzF2STdQTjZZd25DUUhVc2pUVFJOdEpqZXdn?oc=5\" target=\"_blank\" rel=\"nofollow noopener\">Daniel S\u00e1nchez Ar\u00e9valo, Tamar Novas y la reivindicaci\u00f3n del buen rollo y lo colectivo en &#8216;Rondallas&#8217;<\/a>&nbsp;&nbsp;Cadena SER<\/li>\n<\/ol>\n","protected":false},"excerpt":{"rendered":"\u2018Rondallas\u2019, Daniel S\u00e1nchez Ar\u00e9valo demuestra de nuevo que es el rey de la comedia comercial espa\u00f1ola&nbsp;&nbsp;infoLibre Rondallas: El&hellip;\n","protected":false},"author":2,"featured_media":316279,"comment_status":"","ping_status":"","sticky":false,"template":"","format":"standard","meta":{"footnotes":""},"categories":[169],"tags":[21224,177,3059,5057,2943,7779,146,147,25,24,2501,176,175,524,5330,27859,199,23],"class_list":{"0":"post-316278","1":"post","2":"type-post","3":"status-publish","4":"format-standard","5":"has-post-thumbnail","7":"category-cine","8":"tag-arevalo","9":"tag-cine","10":"tag-comedia","11":"tag-comercial","12":"tag-daniel","13":"tag-demuestra","14":"tag-entertainment","15":"tag-entretenimiento","16":"tag-es","17":"tag-espana","18":"tag-espanola","19":"tag-film","20":"tag-movies","21":"tag-nuevo","22":"tag-rey","23":"tag-rondallas","24":"tag-sanchez","25":"tag-spain"},"share_on_mastodon":{"url":"https:\/\/pubeurope.com\/@es\/115816351125523942","error":""},"_links":{"self":[{"href":"https:\/\/www.europesays.com\/es\/wp-json\/wp\/v2\/posts\/316278","targetHints":{"allow":["GET"]}}],"collection":[{"href":"https:\/\/www.europesays.com\/es\/wp-json\/wp\/v2\/posts"}],"about":[{"href":"https:\/\/www.europesays.com\/es\/wp-json\/wp\/v2\/types\/post"}],"author":[{"embeddable":true,"href":"https:\/\/www.europesays.com\/es\/wp-json\/wp\/v2\/users\/2"}],"replies":[{"embeddable":true,"href":"https:\/\/www.europesays.com\/es\/wp-json\/wp\/v2\/comments?post=316278"}],"version-history":[{"count":0,"href":"https:\/\/www.europesays.com\/es\/wp-json\/wp\/v2\/posts\/316278\/revisions"}],"wp:featuredmedia":[{"embeddable":true,"href":"https:\/\/www.europesays.com\/es\/wp-json\/wp\/v2\/media\/316279"}],"wp:attachment":[{"href":"https:\/\/www.europesays.com\/es\/wp-json\/wp\/v2\/media?parent=316278"}],"wp:term":[{"taxonomy":"category","embeddable":true,"href":"https:\/\/www.europesays.com\/es\/wp-json\/wp\/v2\/categories?post=316278"},{"taxonomy":"post_tag","embeddable":true,"href":"https:\/\/www.europesays.com\/es\/wp-json\/wp\/v2\/tags?post=316278"}],"curies":[{"name":"wp","href":"https:\/\/api.w.org\/{rel}","templated":true}]}}