{"id":316281,"date":"2025-12-31T21:41:18","date_gmt":"2025-12-31T21:41:18","guid":{"rendered":"https:\/\/www.europesays.com\/es\/316281\/"},"modified":"2025-12-31T21:41:18","modified_gmt":"2025-12-31T21:41:18","slug":"hallan-biomarcadores-predictivos-de-deterioro-cognitivo-y-demencia","status":"publish","type":"post","link":"https:\/\/www.europesays.com\/es\/316281\/","title":{"rendered":"Hallan biomarcadores predictivos de deterioro cognitivo y demencia"},"content":{"rendered":"<p class=\"mostrar_fragmento\">Cient\u00edficos de diversos centros de los Pa\u00edses Bajos han determinado que la medici\u00f3n seriada en plasma de la prote\u00edna fibrilar glial ac\u00eddica (GFAP), la cadena ligera de los neurofilamentos y la prote\u00edna tau fosforilada (pTau) puede ser utilizada para la identificaci\u00f3n temprana del Alzheimer, en personas con declive cognitivo subjetivo. &#8230;            &#13;\n        <\/p>\n<p> &#13;<\/p>\n<p>Cient\u00edficos de diversos centros de los Pa\u00edses Bajos <strong>han determinado que la medici\u00f3n seriada en plasma de la prote\u00edna fibrilar glial ac\u00eddica (GFAP), la cadena ligera de los neurofilamentos y la prote\u00edna tau fosforilada (pTau) puede ser utilizada para la identificaci\u00f3n temprana del Alzheimer, en personas con declive cognitivo subjetivo<\/strong>. La mayor pendiente de la l\u00ednea formada por las concentraciones de cualquiera de estos biomarcadores a lo largo de 5 a\u00f1os se asoci\u00f3 a mayor riesgo de progresi\u00f3n hacia el declive cognitivo. En contraste, no hubo asociaci\u00f3n con los niveles de prote\u00edna beta-amiloide 42\/40. Crucialmente, la combinaci\u00f3n formada por las pendientes de GFAP y pTau se asoci\u00f3 a mayor riesgo de progresi\u00f3n hacia el deterioro cognitivo leve y la demencia, con una fiabilidad de alrededor del 90%.\u00a0<\/p>\n<p><strong>Calvin Trieu<\/strong>, investigador de la Universidad de Vrije y codirector del <a href=\"https:\/\/pubmed.ncbi.nlm.nih.gov\/41335440\/\" style=\"text-decoration:none\" rel=\"nofollow noopener\" target=\"_blank\">estudio<\/a>, afirma que uno de cada cinco participantes inicialmente negativos en estos biomarcadores se convirti\u00f3 en positivo durante el seguimiento, lo que pone de manifiesto la capacidad de estas pruebas para captar la transici\u00f3n hacia fases m\u00e1s avanzadas de la enfermedad.\u00a0<\/p>\n<p>El cient\u00edfico prosigue indicando que los biomarcadores sangu\u00edneos ofrecen una alternativa menos invasiva y m\u00e1s asequible que la monitorizaci\u00f3n a trav\u00e9s del l\u00edquido cefalorraqu\u00eddeo o la tomograf\u00eda por emisi\u00f3n de positrones, facilitando el seguimiento longitudinal. <strong>Los resultados tambi\u00e9n ponen de manifiesto que los pacientes con declive cognitivo subjetivo representan una poblaci\u00f3n clave en la detecci\u00f3n precoz y la intervenci\u00f3n, especialmente en el marco de futuros ensayos cl\u00ednicos de prevenci\u00f3n<\/strong>, concluye Trieu. <\/p>\n<p> &#13;<\/p>\n<p>&#13;<br \/>\n            SEGUIR LEYENDO&#13;\n        <\/p>\n","protected":false},"excerpt":{"rendered":"Cient\u00edficos de diversos centros de los Pa\u00edses Bajos han determinado que la medici\u00f3n seriada en plasma de la&hellip;\n","protected":false},"author":2,"featured_media":316282,"comment_status":"","ping_status":"","sticky":false,"template":"","format":"standard","meta":{"footnotes":""},"categories":[92],"tags":[3229,8763,11101,73967,21594,1289,6214,11100,43517,25,24,1142,10000,165,73966,73965,689,3477,73964,8392,166,13967,23,3271,10888,33816],"class_list":{"0":"post-316281","1":"post","2":"type-post","3":"status-publish","4":"format-standard","5":"has-post-thumbnail","7":"category-salud","8":"tag-ayuda","9":"tag-biomarcadores","10":"tag-cognitivo","11":"tag-criterios","12":"tag-cumplen","13":"tag-demencia","14":"tag-detectar","15":"tag-deterioro","16":"tag-diagnosticos","17":"tag-es","18":"tag-espana","19":"tag-forma","20":"tag-hallan","21":"tag-health","22":"tag-longitudinal","23":"tag-medicion","24":"tag-no","25":"tag-personas","26":"tag-predictivos","27":"tag-progresion","28":"tag-salud","29":"tag-sangre","30":"tag-spain","31":"tag-su","32":"tag-temprana","33":"tag-todavia"},"share_on_mastodon":{"url":"https:\/\/pubeurope.com\/@es\/115816358544552759","error":""},"_links":{"self":[{"href":"https:\/\/www.europesays.com\/es\/wp-json\/wp\/v2\/posts\/316281","targetHints":{"allow":["GET"]}}],"collection":[{"href":"https:\/\/www.europesays.com\/es\/wp-json\/wp\/v2\/posts"}],"about":[{"href":"https:\/\/www.europesays.com\/es\/wp-json\/wp\/v2\/types\/post"}],"author":[{"embeddable":true,"href":"https:\/\/www.europesays.com\/es\/wp-json\/wp\/v2\/users\/2"}],"replies":[{"embeddable":true,"href":"https:\/\/www.europesays.com\/es\/wp-json\/wp\/v2\/comments?post=316281"}],"version-history":[{"count":0,"href":"https:\/\/www.europesays.com\/es\/wp-json\/wp\/v2\/posts\/316281\/revisions"}],"wp:featuredmedia":[{"embeddable":true,"href":"https:\/\/www.europesays.com\/es\/wp-json\/wp\/v2\/media\/316282"}],"wp:attachment":[{"href":"https:\/\/www.europesays.com\/es\/wp-json\/wp\/v2\/media?parent=316281"}],"wp:term":[{"taxonomy":"category","embeddable":true,"href":"https:\/\/www.europesays.com\/es\/wp-json\/wp\/v2\/categories?post=316281"},{"taxonomy":"post_tag","embeddable":true,"href":"https:\/\/www.europesays.com\/es\/wp-json\/wp\/v2\/tags?post=316281"}],"curies":[{"name":"wp","href":"https:\/\/api.w.org\/{rel}","templated":true}]}}