{"id":316283,"date":"2025-12-31T21:42:30","date_gmt":"2025-12-31T21:42:30","guid":{"rendered":"https:\/\/www.europesays.com\/es\/316283\/"},"modified":"2025-12-31T21:42:30","modified_gmt":"2025-12-31T21:42:30","slug":"por-que-el-bolso-mas-iconico-de-louis-vuitton-sera-muy-tendencia-en-2026","status":"publish","type":"post","link":"https:\/\/www.europesays.com\/es\/316283\/","title":{"rendered":"Por qu\u00e9 el bolso m\u00e1s ic\u00f3nico de Louis Vuitton ser\u00e1 (muy) tendencia en 2026"},"content":{"rendered":"<p>Pero no ser\u00e1 \u00fanica acci\u00f3n destinada a celebrar el buque insignia de la casa, pues Louis Vuitton tambi\u00e9n presentar\u00e1 varias colecciones con el objetivo de alargar las festividades. La <strong>colecci\u00f3n Monogram Anniversary<\/strong> estar\u00e1 formada por tres bolsos de edici\u00f3n especial que reinterpretar\u00e1n el Monogram a trav\u00e9s de un dise\u00f1o moderno, materiales diversos y t\u00e9cnicas artesanales tan vanguardistas como tradicionales. Por supuesto, los c\u00f3digos del savoir-faire de los ba\u00fales ser\u00e1n el punto de partida de esta propuesta<\/p>\n<p>Por su parte, la colecci\u00f3n Monogram Origine redise\u00f1a el primer estampado de 1896 a trav\u00e9s de una nueva lona Monogram que revisita el tejido jacquard tradicional, esta vez elaborado con una mezcla de lino y algod\u00f3n en una paleta de suaves tonos pastel. La colecci\u00f3n se inspira en la portada de un registro de clientes de archivo de la maison.<\/p>\n<p>La colecci\u00f3n VVN ser\u00e1 una oda al legado de los art\u00edculos de cuero de Louis Vuitton. Elaborada con la mejor piel de vacuno natural, esta colecci\u00f3n realza la pureza, la autenticidad y la poes\u00eda t\u00e1ctil del cuero acabado a mano: cada pieza desarrolla una p\u00e1tina \u00fanica con el paso del tiempo.<\/p>\n<p><img decoding=\"async\" alt=\"\u00a9 Cortes\u00eda de Louis Vuitton.\" loading=\"lazy\" class=\"ResponsiveImageContainer-eNxvmU cfBbTk responsive-image__image\"   src=\"https:\/\/www.europesays.com\/es\/wp-content\/uploads\/2025\/12\/Keepall%2050%20Monogram.Jpg\"\/><\/p>\n<p>\u00a9 Cortes\u00eda de Louis Vuitton.<\/p>\n<p><img decoding=\"async\" alt=\"\u00a9 Cortes\u00eda de Louis Vuitton.\" loading=\"lazy\" class=\"ResponsiveImageContainer-eNxvmU cfBbTk responsive-image__image\"   src=\"https:\/\/www.europesays.com\/es\/wp-content\/uploads\/2025\/12\/Neverfull%20MM%20Monogram.Jpg\"\/><\/p>\n<p>\u00a9 Cortes\u00eda de Louis Vuitton.<\/p>\n<p>Y por \u00faltimo, la colecci\u00f3n Time Trunk tender\u00e1 un puente entre el pasado y el presente a trav\u00e9s de un atrevido estampado trampantojo que reproduce las texturas y los detalles met\u00e1licos de los ba\u00fales hist\u00f3ricos de Louis Vuitton, transformando su legado en una ingeniosa ilusi\u00f3n.<\/p>\n<p>Un a\u00f1o hist\u00f3rico para la maison que invita al mundo a redescubrir el Monogram no solo como un dise\u00f1o, sino como una leyenda, un emblema vivo, un c\u00f3digo universal de elegancia y distinci\u00f3n cuyo legado sigue creciendo.<\/p>\n","protected":false},"excerpt":{"rendered":"Pero no ser\u00e1 \u00fanica acci\u00f3n destinada a celebrar el buque insignia de la casa, pues Louis Vuitton tambi\u00e9n&hellip;\n","protected":false},"author":2,"featured_media":316284,"comment_status":"","ping_status":"","sticky":false,"template":"","format":"standard","meta":{"footnotes":""},"categories":[91],"tags":[32455,20288,146,147,25,24,13018,23],"class_list":{"0":"post-316283","1":"post","2":"type-post","3":"status-publish","4":"format-standard","5":"has-post-thumbnail","7":"category-entretenimiento","8":"tag-audrey-hepburn","9":"tag-bolso","10":"tag-entertainment","11":"tag-entretenimiento","12":"tag-es","13":"tag-espana","14":"tag-louis-vuitton","15":"tag-spain"},"share_on_mastodon":{"url":"https:\/\/pubeurope.com\/@es\/115816362681577784","error":""},"_links":{"self":[{"href":"https:\/\/www.europesays.com\/es\/wp-json\/wp\/v2\/posts\/316283","targetHints":{"allow":["GET"]}}],"collection":[{"href":"https:\/\/www.europesays.com\/es\/wp-json\/wp\/v2\/posts"}],"about":[{"href":"https:\/\/www.europesays.com\/es\/wp-json\/wp\/v2\/types\/post"}],"author":[{"embeddable":true,"href":"https:\/\/www.europesays.com\/es\/wp-json\/wp\/v2\/users\/2"}],"replies":[{"embeddable":true,"href":"https:\/\/www.europesays.com\/es\/wp-json\/wp\/v2\/comments?post=316283"}],"version-history":[{"count":0,"href":"https:\/\/www.europesays.com\/es\/wp-json\/wp\/v2\/posts\/316283\/revisions"}],"wp:featuredmedia":[{"embeddable":true,"href":"https:\/\/www.europesays.com\/es\/wp-json\/wp\/v2\/media\/316284"}],"wp:attachment":[{"href":"https:\/\/www.europesays.com\/es\/wp-json\/wp\/v2\/media?parent=316283"}],"wp:term":[{"taxonomy":"category","embeddable":true,"href":"https:\/\/www.europesays.com\/es\/wp-json\/wp\/v2\/categories?post=316283"},{"taxonomy":"post_tag","embeddable":true,"href":"https:\/\/www.europesays.com\/es\/wp-json\/wp\/v2\/tags?post=316283"}],"curies":[{"name":"wp","href":"https:\/\/api.w.org\/{rel}","templated":true}]}}