{"id":316290,"date":"2025-12-31T21:46:23","date_gmt":"2025-12-31T21:46:23","guid":{"rendered":"https:\/\/www.europesays.com\/es\/316290\/"},"modified":"2025-12-31T21:46:23","modified_gmt":"2025-12-31T21:46:23","slug":"javier-aroca-define-a-feijoo-con-dos-palabras-el-ultimo-dia-del-ano-como-lo-vea-se-le-van-a-atragantar-las-uvas-el-huffpost","status":"publish","type":"post","link":"https:\/\/www.europesays.com\/es\/316290\/","title":{"rendered":"Javier Aroca define a Feij\u00f3o con dos palabras el \u00faltimo d\u00eda del a\u00f1o: como lo vea se le van a atragantar las uvas &#8211; El HuffPost"},"content":{"rendered":"<ol>\n<li><a href=\"https:\/\/news.google.com\/rss\/articles\/CBMixAFBVV95cUxPellqTk5NUGgxZllwWjR3d1J2ZDczRmlOcUsyU0Y5bmtGRnJVZGFYMzFLWmFOVHlXbHprZHltNDRoUU9BcFhSc283dU9HaFBOaEdPRXBjNm5sQ2cyLUZ4aGVIT19DLUxXNXg0UVYwbU04NThza1ZlVUF1VmVjZ3p2RXV6TnpSaVVaZlpLWnc4dmJPUkxOYllFZDNxVVd2eHA0Qms0a0dHdzRhbWQxeU5UU3M4RU5OZmlIVV9VLUdrQ2pEZ0t60gHYAUFVX3lxTFBrZ2M3a1hpTjBVZW4zczFnbzgxUDIzQlFHem03NHFmYmN3ZGM1SEpWU0lrR2Q3R2VxR2xHMnZlYi1reVhaSHp6Y0YwdS1QejE3TUc5T0Q4dmFlYVZiN0xJQ1B5V0swSzFjNmp5Mnk2d3dmUWl0amJzbW1lbGdLTEtNYzhzODJiN1paUjVKWWtGMkRlWVdFbVJ1QW55MlJkY3VpdTN5VW45YVFKLWJYcUw1d3hJOFhVcF9PSldtUzhZQTR4aV9xRklXc2FrQ2wxSmJPVm9raUd5RQ?oc=5\" target=\"_blank\" rel=\"nofollow noopener\">Javier Aroca define a Feij\u00f3o con dos palabras el \u00faltimo d\u00eda del a\u00f1o: como lo vea se le van a atragantar las uvas<\/a>&nbsp;&nbsp;El HuffPost<\/li>\n<li><a href=\"https:\/\/news.google.com\/rss\/articles\/CBMijAFBVV95cUxPOXgzY2taQUdzVkk5Y0FSWGRqRUFNNFpYSmxBMXVScS1oNi1kVURraEEzcnRtWEtadmtYXzdRTlJQMDVjNHpnNldtdkNxTVRzMWM4Mm1ScG1jaHZtMVc3aUdmbEJSRUtra3pRM2d0ckh3S3IxdXdrQ0RxVDhVd0Nla2NfZGRvY19ZU3dKWtIBjAFBVV95cUxNODBIT181dUF6R3RmR1FWUmJDWHVXZGVNQktkSnp1N0ZIZHgtNUZLcEYydXFoVmRPVlNGd0RDU3BTS0I3MFVIREl2ZHUzY3ZKSjNlT0h4am9TeFZkd1l6anlBRldrUUJxdmtrQUlEenJPRnZ2N0hmUXpuU00tNjZ5THh6R296aHdRZ1dJSw?oc=5\" target=\"_blank\" rel=\"nofollow noopener\">La jueza de la dana permite a Feij\u00f3o declarar como testigo por videoconferencia pero le pide todos sus mensajes con Maz\u00f3n<\/a>&nbsp;&nbsp;El Mundo<\/li>\n<li><a href=\"https:\/\/news.google.com\/rss\/articles\/CBMiowFBVV95cUxOaGFzdWVMU25QbDJvTTlnMFlDYlN0NmV5MnpzOXFrdUZGeldodU5zbVRmUmUxWXZLVnlFRk5jV1dTSXJDc0d5M09GTi1XNHNDak9sYlJ3R0FSX3RuUm5MVlRNVnlVVHFPRFNMMzRCYkpuODhRN3lldTV2MWQ5YzdGR0lmUFAwWEVZd0ZYbFB2d1hKZ0VnWXcyWGIwUEZRRWs5YTZF0gGjAUFVX3lxTE1zcV9BMG1WOVZKRDlBSUVyZXNJbkJLSUUtZUMyR2hCdlpseWthRV9DLTZadXlLY2pHMjg2ZFB4TktEcS05ZUZoemhCX0QtZzBiYVBVVnhKY3A2aVc0RlpKUWRHTTEzMHl0Z05tdGprckJkUFpJXzY5N1RDM2J1bFd2Q3k2ZENyNkszOXFvc3ZjRXlLVFZsV3BNdThHZHh2U3JnOWs?oc=5\" target=\"_blank\" rel=\"nofollow noopener\">El abogado que logr\u00f3 la declaraci\u00f3n de la periodista que comi\u00f3 con Maz\u00f3n pide que Feij\u00f3o comparezca en Catarroja<\/a>&nbsp;&nbsp;El Peri\u00f3dico<\/li>\n<li><a href=\"https:\/\/news.google.com\/rss\/articles\/CBMi2AFBVV95cUxNbkdDQXhjZU1CdWRQRWRva2J6d1JzZGxJU2JPQXFMcER2MWdHOFBLY3dKQTBfRkRWbG90NUNnbjJXZGg5blFPQ21pb3dYc1hZdnd4dzRxZFB2emdQclJwMjd6eE44R3I2ODRQVDdVWF9DN2RnMXJqWS1Za3ZMZHlUc2w1LWpNUVBNSGxUekNiNERSeUVMVWpOZ1ZQQVFTTkpOOEg1Q3dDNklvdEw1Z0M3VGdwNDRLTG1xTElXcTlZTGdydy1JV09LQjRHcTFsQVEtY2J6OVFMSWs?oc=5\" target=\"_blank\" rel=\"nofollow noopener\">\u201cA Feij\u00f3o no le debemos parecer suficientemente importantes las familias de 230 v\u00edctimas\u201d<\/a>&nbsp;&nbsp;RTVE.es<\/li>\n<li><a href=\"https:\/\/news.google.com\/rss\/articles\/CBMi9wFBVV95cUxPdGlGN29id0tsTUFvWENmY211ZEwwWDVRQTVRV3dPMDA1Ri1vcmpsM2Zobmk1QUtnSzhzOHVjX3J5azNsM0pYOTVaRTNFUFJ1S0sycGlXMGItS3dOaUF5QW9oc2hLc2NQTl9tUTVEeDlSbVk2X3F3S0NiQkEwUzNUWGJXd0pVTDB6RGw2TVA0UXAySmEyOXRUS1BkNE5PNmZZSDM0SGFweTJ4ZkhhZEdadkFjWkdjemQ5M2FVZzdpb3B4VWtIVHVZaHJ6bUNKRWMxOTBBWjZDSDl3ZWNHQmNEN2ZVal9BNVFRVXd5S25XY181cklDdkhN?oc=5\" target=\"_blank\" rel=\"nofollow noopener\">Una acusaci\u00f3n particular de la dana recurre para que Feij\u00f3o vaya a testificar al juzgado de Catarroja<\/a>&nbsp;&nbsp;EL PA\u00cdS<\/li>\n<\/ol>\n","protected":false},"excerpt":{"rendered":"Javier Aroca define a Feij\u00f3o con dos palabras el \u00faltimo d\u00eda del a\u00f1o: como lo vea se le&hellip;\n","protected":false},"author":2,"featured_media":316291,"comment_status":"","ping_status":"","sticky":false,"template":"","format":"standard","meta":{"footnotes":""},"categories":[8],"tags":[6069,17,18,25,24,13,14,11,26296,19,20,9,10,15,16,23,12,21,22],"class_list":{"0":"post-316290","1":"post","2":"type-post","3":"status-publish","4":"format-standard","5":"has-post-thumbnail","7":"category-espana","8":"tag-alberto-nunez-feijoo","9":"tag-breaking-news","10":"tag-breakingnews","11":"tag-es","12":"tag-espana","13":"tag-featured-news","14":"tag-featurednews","15":"tag-headlines","16":"tag-javier-aroca","17":"tag-latest-news","18":"tag-latestnews","19":"tag-news","20":"tag-noticias","21":"tag-noticias-destacadas","22":"tag-noticiasdestacadas","23":"tag-spain","24":"tag-titulares","25":"tag-ultimas-noticias","26":"tag-ultimasnoticias"},"share_on_mastodon":{"url":"https:\/\/pubeurope.com\/@es\/115816378159030453","error":""},"_links":{"self":[{"href":"https:\/\/www.europesays.com\/es\/wp-json\/wp\/v2\/posts\/316290","targetHints":{"allow":["GET"]}}],"collection":[{"href":"https:\/\/www.europesays.com\/es\/wp-json\/wp\/v2\/posts"}],"about":[{"href":"https:\/\/www.europesays.com\/es\/wp-json\/wp\/v2\/types\/post"}],"author":[{"embeddable":true,"href":"https:\/\/www.europesays.com\/es\/wp-json\/wp\/v2\/users\/2"}],"replies":[{"embeddable":true,"href":"https:\/\/www.europesays.com\/es\/wp-json\/wp\/v2\/comments?post=316290"}],"version-history":[{"count":0,"href":"https:\/\/www.europesays.com\/es\/wp-json\/wp\/v2\/posts\/316290\/revisions"}],"wp:featuredmedia":[{"embeddable":true,"href":"https:\/\/www.europesays.com\/es\/wp-json\/wp\/v2\/media\/316291"}],"wp:attachment":[{"href":"https:\/\/www.europesays.com\/es\/wp-json\/wp\/v2\/media?parent=316290"}],"wp:term":[{"taxonomy":"category","embeddable":true,"href":"https:\/\/www.europesays.com\/es\/wp-json\/wp\/v2\/categories?post=316290"},{"taxonomy":"post_tag","embeddable":true,"href":"https:\/\/www.europesays.com\/es\/wp-json\/wp\/v2\/tags?post=316290"}],"curies":[{"name":"wp","href":"https:\/\/api.w.org\/{rel}","templated":true}]}}