{"id":316294,"date":"2025-12-31T21:52:08","date_gmt":"2025-12-31T21:52:08","guid":{"rendered":"https:\/\/www.europesays.com\/es\/316294\/"},"modified":"2025-12-31T21:52:08","modified_gmt":"2025-12-31T21:52:08","slug":"alcaraz-se-olvida-de-ferrero-en-su-album-personal-de-2025","status":"publish","type":"post","link":"https:\/\/www.europesays.com\/es\/316294\/","title":{"rendered":"Alcaraz se olvida de Ferrero en su \u00e1lbum personal de 2025"},"content":{"rendered":"<p class=\"ft-text\">La pol\u00e9mica con <a class=\"ft-link ft-link--decoration\" href=\"https:\/\/www.informacion.es\/deportes\/2025\/12\/17\/carlos-alcaraz-rompe-juan-carlos-124883463.html\" rel=\"nofollow noopener\" target=\"_blank\"><strong>Carlos Alcaraz y Juan Carlos Ferrero<\/strong><\/a><strong> <\/strong>sigue hasta el \u00faltimo d\u00eda de 2025. Esta vez, el tenista espa\u00f1ol quiso celebrar el final de 2025 con <strong>una compilaci\u00f3n de fotograf\u00edas que definen un gran a\u00f1o a nivel personal y profesional<\/strong>. A trav\u00e9s de su perfil de Instagram, public\u00f3 un post lleno de im\u00e1genes y de personas cercanas a \u00e9l, aunque con una ausencia clara:<a class=\"ft-link ft-link--decoration\" href=\"https:\/\/www.informacion.es\/deportes\/2025\/12\/29\/juan-carlos-ferrero-revela-motivos-125220124.html\" rel=\"nofollow noopener\" target=\"_blank\"> Juan Carlos Ferrero<\/a>.<\/p>\n<p class=\"ft-text\"><strong>\u00abMi verdadero 2025\u00bb<\/strong>, escribi\u00f3 Charly en la descripci\u00f3n de la publicaci\u00f3n, junto a un emoticono de un coraz\u00f3n. En la primera fotograf\u00eda se le ve junto a su peluquero,<strong> una figura importante y que ha tenido mucho trabajo este a\u00f1o<\/strong>, pasando despu\u00e9s por su familia y amigos y acabando por parte de su equipo y otras figuras importantes del deporte, como <strong>Roger Federer o <\/strong><a class=\"ft-link ft-link--decoration\" href=\"https:\/\/www.informacion.es\/motogp\/2025\/12\/29\/marc-marquez-regreso-cima-admirado-125213263.html\" rel=\"nofollow noopener\" target=\"_blank\"><strong>Marc M\u00e1rquez<\/strong><\/a><strong>.<\/strong><\/p>\n<p class=\"ft-text\">Muchas personalidades que han formado parte del a\u00f1o de Alcaraz, <strong>aunque pr\u00e1cticamente todas lo han hecho un menor tiempo que Juan Carlos Ferrero<\/strong>. El t\u00e9cnico alicantino, que dej\u00f3 de ser entrenador de Carlos hace pocos d\u00edas tras no llegar a un acuerdo en una negociaci\u00f3n contractual, ha sido la persona m\u00e1s importante a nivel deportivo para el murciano, y decisivo para la consecuci\u00f3n de <strong>Roland Garros y US Open. <\/strong><\/p>\n<p class=\"ft-text\">Todav\u00eda llama m\u00e1s la atenci\u00f3n que <strong>Ferrero<\/strong> no est\u00e9 en ninguna de las fotos, cuando una de las incluidas en el \u00e1lbum es con su equipo y aparecen su representante, <strong>Albert Molina<\/strong>, y su actual entrenador, <a class=\"ft-link ft-link--decoration\" href=\"https:\/\/www.informacion.es\/deportes\/2025\/12\/17\/sera-sustituto-juan-carlos-ferrero-124896261.html\" rel=\"nofollow noopener\" target=\"_blank\"><strong>Samu L\u00f3pez<\/strong><\/a>, entre varias personas m\u00e1s. Un gesto que deja en entredicho que el murciano y Ferrero hayan acabado de la mejor manera su relaci\u00f3n profesional.<\/p>\n<p class=\"ft-text\">\u00abSe me mand\u00f3 el nuevo contrato y hab\u00eda que revisarlo. Yo no estaba de acuerdo con ciertas cosas que se ve\u00edan en el contrato nuevo, se lo hice saber y al final no se ha llegado a un acuerdo y ya est\u00e1. <strong>Cada a\u00f1o se renueva el contrato, puede haber algunos cambios. Siempre hab\u00edamos estado de acuerdo hasta que ha llegado este a\u00f1o<\/strong>\u00ab, coment\u00f3 Juan Carlos Ferrero tras anunciarse la ruptura con Alcaraz.<\/p>\n<p class=\"ft-text\">Muchos usuarios que siguen a <strong>Carlos Alcaraz<\/strong> han interpretado que las numerosas entrevistas que ha concedido <strong>Juan Carlos Ferrero<\/strong> al largo de estos d\u00edas no han gustado en el entorno del murciano. Esa es una de las hip\u00f3tesis que se bajaran y que intentan justificar la no presencia del entrenador alicantino en las fotograf\u00edas.<\/p>\n<p>Alcaraz pone el &#8216;modo 2026&#8217;<\/p>\n<p class=\"ft-text\">El espa\u00f1ol deber\u00e1 dejar el ruido de lado y enfocarse en todo lo que le espera a partir de la siguiente semana. Y es que el lunes viajar\u00e1 a <strong>Corea del Sur<\/strong> para preparar un partido de exhibici\u00f3n <strong>ante el italiano Jannik Sinner el pr\u00f3ximo 10 de enero.<\/strong> Un duelo que servir\u00e1 de aperitivo antes de la primera gran cita de la temporada: <strong>el Open de Australia.<\/strong><\/p>\n<p class=\"ft-text\">\u00ab<strong>Mi objetivo para el 2026 es Australia, y lo bueno y lo malo es que es el primero del a\u00f1o.<\/strong> M\u00e1s que no d\u00e1rseme bien, creo que han sido peque\u00f1os detalles. He jugado muy buen tenis en Australia; me falta el \u00faltimo momento para avanzar. <strong>Espero que este a\u00f1o sea diferente<\/strong>\u00ab, asegur\u00f3 el n\u00famero uno del mundo, que deja atr\u00e1s un 2025 espectacular.<\/p>\n","protected":false},"excerpt":{"rendered":"La pol\u00e9mica con Carlos Alcaraz y Juan Carlos Ferrero sigue hasta el \u00faltimo d\u00eda de 2025. Esta vez,&hellip;\n","protected":false},"author":2,"featured_media":316295,"comment_status":"","ping_status":"","sticky":false,"template":"","format":"standard","meta":{"footnotes":""},"categories":[274],"tags":[1837,4736,545,168,25,24,3460,7077,5651,3053,23,167,327,326],"class_list":{"0":"post-316294","1":"post","2":"type-post","3":"status-publish","4":"format-standard","5":"has-post-thumbnail","7":"category-tenis","8":"tag-album","9":"tag-alcaraz","10":"tag-carlos-alcaraz","11":"tag-deportes","12":"tag-es","13":"tag-espana","14":"tag-ferrero","15":"tag-juan-carlos-ferrero","16":"tag-olvida","17":"tag-personal","18":"tag-spain","19":"tag-sports","20":"tag-tenis","21":"tag-tennis"},"share_on_mastodon":{"url":"https:\/\/pubeurope.com\/@es\/115816401689902499","error":""},"_links":{"self":[{"href":"https:\/\/www.europesays.com\/es\/wp-json\/wp\/v2\/posts\/316294","targetHints":{"allow":["GET"]}}],"collection":[{"href":"https:\/\/www.europesays.com\/es\/wp-json\/wp\/v2\/posts"}],"about":[{"href":"https:\/\/www.europesays.com\/es\/wp-json\/wp\/v2\/types\/post"}],"author":[{"embeddable":true,"href":"https:\/\/www.europesays.com\/es\/wp-json\/wp\/v2\/users\/2"}],"replies":[{"embeddable":true,"href":"https:\/\/www.europesays.com\/es\/wp-json\/wp\/v2\/comments?post=316294"}],"version-history":[{"count":0,"href":"https:\/\/www.europesays.com\/es\/wp-json\/wp\/v2\/posts\/316294\/revisions"}],"wp:featuredmedia":[{"embeddable":true,"href":"https:\/\/www.europesays.com\/es\/wp-json\/wp\/v2\/media\/316295"}],"wp:attachment":[{"href":"https:\/\/www.europesays.com\/es\/wp-json\/wp\/v2\/media?parent=316294"}],"wp:term":[{"taxonomy":"category","embeddable":true,"href":"https:\/\/www.europesays.com\/es\/wp-json\/wp\/v2\/categories?post=316294"},{"taxonomy":"post_tag","embeddable":true,"href":"https:\/\/www.europesays.com\/es\/wp-json\/wp\/v2\/tags?post=316294"}],"curies":[{"name":"wp","href":"https:\/\/api.w.org\/{rel}","templated":true}]}}