{"id":316305,"date":"2025-12-31T22:01:17","date_gmt":"2025-12-31T22:01:17","guid":{"rendered":"https:\/\/www.europesays.com\/es\/316305\/"},"modified":"2025-12-31T22:01:17","modified_gmt":"2025-12-31T22:01:17","slug":"disfruta-gratis-del-guion-de-las-guerreras-k-pop","status":"publish","type":"post","link":"https:\/\/www.europesays.com\/es\/316305\/","title":{"rendered":"disfruta gratis del guion de &#8216;Las guerreras k-pop&#8217;"},"content":{"rendered":"<p data-journey-content=\"true\" data-node-id=\"3\" class=\"css-6wxqfj emevuu60\">El fen\u00f3meno global de 2025 ya tiene otro punto de acceso para cin\u00e9filos, guionistas, fans del k-pop, la animaci\u00f3n y todo lo bonito. Y es que <strong data-node-id=\"3.1\">el guion de &#8216;K-Pop Demon Hunters&#8217; \u2014la pel\u00edcula conocida en Espa\u00f1a como &#8216;Las guerreras k-pop&#8217;\u2014 se ha publicado en abierto para que cualquier lector pueda sumergirse en la escritura original<\/strong> de este fen\u00f3meno cultural que arrasa en Netflix.<\/p>\n<p><img draggable=\"true\" alt=\"kpop demon hunters\" title=\"kpop demon hunters\" loading=\"lazy\" width=\"4298\" height=\"1800\" decoding=\"async\" data-nimg=\"1\" style=\"color:transparent;width:100%;height:auto;\"   src=\"https:\/\/www.europesays.com\/es\/wp-content\/uploads\/2025\/12\/kpopdemonhunters-prores422hq-sdr-2ch-20250424-00-25-52-12-l-689c67e49ae9e.jpg\" class=\"css-0 e1g79fud0\"\/><\/p>\n<p>Netflix<\/p>\n<p data-journey-content=\"true\" data-node-id=\"8\" class=\"css-6wxqfj emevuu60\">La iniciativa forma parte de la serie <a href=\"https:\/\/deadline.com\/2025\/12\/kpop-demon-hunters-script-read-screenplay-netflix-1236655469\/\" target=\"_blank\" rel=\"nofollow noopener\" data-vars-ga-outbound-link=\"https:\/\/deadline.com\/2025\/12\/kpop-demon-hunters-script-read-screenplay-netflix-1236655469\/\" data-vars-ga-ux-element=\"Hyperlink\" data-vars-ga-call-to-action=\"&#039;Read the Screenplay&#039; de Deadline\" data-node-id=\"8.1\" class=\"body-link css-d2so5l emevuu60\">&#8216;Read the Screenplay&#8217; de Deadline<\/a>, que este diciembre ha destacado el libreto del film producido por Sony Pictures Animation y estrenado en el cat\u00e1logo de <a href=\"https:\/\/www.fotogramas.es\/peliculas-netflix-recomendadas\/\" data-vars-ga-outbound-link=\"https:\/\/www.fotogramas.es\/peliculas-netflix-recomendadas\/\" data-vars-ga-ux-element=\"Hyperlink\" data-vars-ga-call-to-action=\"pel\u00edculas de Netflix\" data-node-id=\"8.3\" class=\"body-link css-d2so5l emevuu60\" rel=\"nofollow noopener\" target=\"_blank\">pel\u00edculas de Netflix<\/a> el 20 de junio de 2025. Dirigida por Maggie Kang y Chris Appelhans, quienes tambi\u00e9n firman el guion junto a Danya Jimenez y Hannah McMechan, la pel\u00edcula narra la historia de tres \u00eddolos del k-pop que llevan una doble vida como cazadoras de demonios, una mezcla de mitolog\u00eda coreana, m\u00fasica y acci\u00f3n que ha conectado con un p\u00fablicos m\u00e1s amplio de lo esperado. <\/p>\n<p data-journey-content=\"true\" data-node-id=\"10\" class=\"css-6wxqfj emevuu60\">Acceder al guion permite recorrer escena a escena c\u00f3mo Rumi, Mira y Zoey, integrantes del grupo ficticio HUNTR\/X, alternan conciertos multitudinarios con batallas contra amenazas sobrenaturales. El libreto no solo detalla di\u00e1logos y secuencias de acci\u00f3n, sino que tambi\u00e9n <strong data-node-id=\"10.1\">revela c\u00f3mo los creativos concibieron la mitolog\u00eda interna, incluido el legendario Honmoon<\/strong>, un escudo m\u00edstico que protege al mundo de demonios y los giros emocionales que cimentan el car\u00e1cter de las protagonistas.<\/p>\n<p><img draggable=\"true\" alt=\"kpop demon hunters\" title=\"kpop demon hunters\" loading=\"lazy\" width=\"3840\" height=\"1608\" decoding=\"async\" data-nimg=\"1\" style=\"color:transparent;width:100%;height:auto;\"   src=\"https:\/\/www.europesays.com\/es\/wp-content\/uploads\/2025\/12\/kpopdemonhunters-prores422hq-sdr-2ch-20250424-00-06-29-14-l-689c67e49fbab.jpg\" class=\"css-0 e1g79fud0\"\/><\/p>\n<p>Netflix<\/p>\n<p data-journey-content=\"true\" data-node-id=\"14\" class=\"css-6wxqfj emevuu60\">Una oportunidad \u00fanica para quienes estudian escritura cinematogr\u00e1fica gracias a un texto que, adem\u00e1s de ser un ejemplo estupendo a la hora de equilibrar tempo musical y narrativa fant\u00e1stica, <strong data-node-id=\"14.1\">sirve para descubrir c\u00f3mo las intenciones originales se trasladan luego a imagen, m\u00fasica y ritmo visual en pantalla<\/strong>.<\/p>\n<p><strong data-node-id=\"15.0\">&#8216;Las guerreras k-pop&#8217;: un fen\u00f3meno sin precedentes<\/strong><\/p>\n<p data-journey-content=\"true\" data-node-id=\"17\" class=\"css-6wxqfj emevuu60\">&#8216;Las guerreras k-pop&#8217; se ha convertido en <strong data-node-id=\"17.1\">la pel\u00edcula m\u00e1s vista de la historia de Netflix<\/strong>, pero su impacto va m\u00e1s all\u00e1 de cifras cinematogr\u00e1ficos. Desde su estreno, el filme ha sido aclamado por la cr\u00edtica por su calidad visual, su narrativa distintiva y su audacia al fusionar m\u00fasica, acci\u00f3n y comedia en un universo que rinde homenaje a la cultura k-pop sin caer en clich\u00e9s ni reduccionismos. Adem\u00e1s, la banda sonora de la pel\u00edcula ha escalado posiciones en las listas Billboard Hot 100, logrando que temas como &#8216;Golden&#8217; (presente en la shortlist de los <a href=\"https:\/\/www.fotogramas.es\/premios-oscar-cine\/\" data-vars-ga-outbound-link=\"https:\/\/www.fotogramas.es\/premios-oscar-cine\/\" data-vars-ga-ux-element=\"Hyperlink\" data-vars-ga-call-to-action=\"Premios Oscar\" data-node-id=\"17.5\" class=\"body-link css-d2so5l emevuu60\" rel=\"nofollow noopener\" target=\"_blank\">Premios Oscar<\/a> como posible mejor canci\u00f3n original) y otros singles se conviertan en \u00e9xitos dentro y fuera de la pel\u00edcula. <\/p>\n<p data-journey-content=\"true\" data-node-id=\"20\" class=\"css-6wxqfj emevuu60\">&#8216;Las guerreras k-pop&#8217; contin\u00faa atrayendo espectadores nuevos meses despu\u00e9s de su estreno y se ha consolidado como uno de los t\u00edtulos m\u00e1s influyentes de la animaci\u00f3n en plataformas de streaming. El hecho de que ahora se pueda consultar su guion refuerza la idea de que, m\u00e1s all\u00e1 de una moda pasajera, esta pel\u00edcula se est\u00e1 convirtiendo en un referente cultural contempor\u00e1neo y en una obra que, como los grandes cl\u00e1sicos de la animaci\u00f3n, invita a ser le\u00edda, analizada y disfrutada desde m\u00faltiples perspectivas.<\/p>\n<p><img draggable=\"true\" alt=\"kpop demon hunters\" title=\"kpop demon hunters\" loading=\"lazy\" width=\"3096\" height=\"1297\" decoding=\"async\" data-nimg=\"1\" style=\"color:transparent;width:100%;height:auto;\"   src=\"https:\/\/www.europesays.com\/es\/wp-content\/uploads\/2025\/12\/kpop-mktg005-8khigh-lyrs-lm-v15-689c69e7799be.jpg\" class=\"css-0 e1g79fud0\"\/><\/p>\n<p>Netflix<\/p>\n<p><img src=\"https:\/\/www.europesays.com\/es\/wp-content\/uploads\/2025\/12\/7541bb6a-16f2-4527-9c94-b4ff6ee098ce_1646215165.file.png\" alt=\"Headshot of Ricardo Rosado\" title=\"Headshot of Ricardo Rosado\" width=\"100%\" height=\"100%\" decoding=\"async\" loading=\"lazy\" class=\"css-o0wq4v ev8dhu53\"\/><\/p>\n<p><a href=\"https:\/\/www.linkedin.com\/in\/ricardo-rosado-benito-609a5a40\/\" rel=\"nofollow noopener\" target=\"_blank\">Ricardo Rosado<\/a> es cr\u00edtico de cine, periodista cultural, experto en comedia norteamericana, pel\u00edculas de terror de cualquier tipo y todo lo que ocurra entre g\u00e9neros y formatos. Criado entre pel\u00edculas de Steven Spielberg, y malcriado desde que se top\u00f3 con David Lynch, lleva una d\u00e9cada escribiendo sobre el arte que consume.<\/p>\n<p>En FOTOGRAMAS le leer\u00e1s comentando los \u00faltimos estrenos en salas, fomentando la paz entre fans de Marvel y DC, repasando todas las novedades de Star Wars o sumergido en las profundidades de los cat\u00e1logos de Netflix, HBO Max, Prime Video y Filmin. Tambi\u00e9n le gusta hacer galer\u00edas y rankings de pel\u00edculas y series, pero nadie se f\u00eda demasiado de su criterio.<\/p>\n<p>Tras estudiar Comunicaci\u00f3n Audiovisual en la Universidad Complutense de Madrid, cre\u00f3 <a href=\"http:\/\/www.comboduoplus.com\/\" rel=\"nofollow noopener\" target=\"_blank\">un blog de rese\u00f1as cinematogr\u00e1ficas<\/a> con la esperanza de acudir gratis a festivales de cine y pases de prensa. Ahora, tras siete a\u00f1os escribiendo en FOTOGRAMAS sobre los \u00faltimos estrenos en salas, las series del momento y cualquier contenido disponible en los diferentes canales de streaming, sigue pensando que mereci\u00f3 la pena.<\/p>\n<p>Frontman de dos vergonzantes proyectos musicales, director de diversos videoclips de bandas de heavy metal madrile\u00f1as y autor de no pocos cortometrajes escondidos en la red de redes, es el editor y uno de los orgullosos contertulios del podcast cultural &#8216;<a href=\"https:\/\/www.ivoox.com\/podcast-de-al-lado-pumares_sq_f1627488_1.html\" rel=\"nofollow noopener\" target=\"_blank\">Los de al lado de Pumares<\/a>&#8216;, espacio que le ha permitido participar como colaborador en otros formatos de radio como &#8216;Estamos de cine&#8217; (Castilla-La Mancha Media) y <a href=\"https:\/\/cadenaser.com\/audio\/1627348931165\/\" rel=\"nofollow noopener\" target=\"_blank\">&#8216;El faro&#8217; (Cadena SER)<\/a>, adem\u00e1s de haberle convertido en una de las voces principales de los v\u00eddeos de FOTOGRAMAS. \u00a0<\/p>\n","protected":false},"excerpt":{"rendered":"El fen\u00f3meno global de 2025 ya tiene otro punto de acceso para cin\u00e9filos, guionistas, fans del k-pop, la&hellip;\n","protected":false},"author":2,"featured_media":316306,"comment_status":"","ping_status":"","sticky":false,"template":"","format":"standard","meta":{"footnotes":""},"categories":[170],"tags":[253,146,147,25,24,184,185,23],"class_list":{"0":"post-316305","1":"post","2":"type-post","3":"status-publish","4":"format-standard","5":"has-post-thumbnail","7":"category-musica","8":"tag-discover","9":"tag-entertainment","10":"tag-entretenimiento","11":"tag-es","12":"tag-espana","13":"tag-music","14":"tag-musica","15":"tag-spain"},"share_on_mastodon":{"url":"https:\/\/pubeurope.com\/@es\/115816437196032233","error":""},"_links":{"self":[{"href":"https:\/\/www.europesays.com\/es\/wp-json\/wp\/v2\/posts\/316305","targetHints":{"allow":["GET"]}}],"collection":[{"href":"https:\/\/www.europesays.com\/es\/wp-json\/wp\/v2\/posts"}],"about":[{"href":"https:\/\/www.europesays.com\/es\/wp-json\/wp\/v2\/types\/post"}],"author":[{"embeddable":true,"href":"https:\/\/www.europesays.com\/es\/wp-json\/wp\/v2\/users\/2"}],"replies":[{"embeddable":true,"href":"https:\/\/www.europesays.com\/es\/wp-json\/wp\/v2\/comments?post=316305"}],"version-history":[{"count":0,"href":"https:\/\/www.europesays.com\/es\/wp-json\/wp\/v2\/posts\/316305\/revisions"}],"wp:featuredmedia":[{"embeddable":true,"href":"https:\/\/www.europesays.com\/es\/wp-json\/wp\/v2\/media\/316306"}],"wp:attachment":[{"href":"https:\/\/www.europesays.com\/es\/wp-json\/wp\/v2\/media?parent=316305"}],"wp:term":[{"taxonomy":"category","embeddable":true,"href":"https:\/\/www.europesays.com\/es\/wp-json\/wp\/v2\/categories?post=316305"},{"taxonomy":"post_tag","embeddable":true,"href":"https:\/\/www.europesays.com\/es\/wp-json\/wp\/v2\/tags?post=316305"}],"curies":[{"name":"wp","href":"https:\/\/api.w.org\/{rel}","templated":true}]}}