{"id":316321,"date":"2025-12-31T22:09:25","date_gmt":"2025-12-31T22:09:25","guid":{"rendered":"https:\/\/www.europesays.com\/es\/316321\/"},"modified":"2025-12-31T22:09:25","modified_gmt":"2025-12-31T22:09:25","slug":"la-diputacion-de-huelva-convoca-la-xxxii-edicion-de-las-becas-daniel-vazquez-diaz","status":"publish","type":"post","link":"https:\/\/www.europesays.com\/es\/316321\/","title":{"rendered":"La Diputaci\u00f3n de Huelva convoca la XXXII edici\u00f3n de las Becas Daniel V\u00e1zquez D\u00edaz"},"content":{"rendered":"<p>La Diputaci\u00f3n de Huelva, a trav\u00e9s del \u00c1rea de Cultura, ha aprobado la convocatoria de la XXXII edici\u00f3n de las Becas Daniel V\u00e1zquez D\u00edaz, un certamen de gran prestigio en el \u00e1mbito de las artes pl\u00e1sticas y visuales en Andaluc\u00eda que tiene como objetivo promover la creaci\u00f3n art\u00edstica contempor\u00e1nea en la regi\u00f3n y rendir homenaje a la figura del pintor nervense Daniel V\u00e1zquez D\u00edaz, uno de los referentes m\u00e1s importantes de la pintura espa\u00f1ola del siglo XX.<\/p>\n<p>A lo largo de sus ediciones, estas becas han contribuido significativamente al fomento y apoyo a los artistas andaluces, consolid\u00e1ndose como una de las ayudas m\u00e1s destacadas en el \u00e1mbito cultural.<\/p>\n<p>La presente edici\u00f3n se dirige a proyectos de creaci\u00f3n en el \u00e1mbito de las artes pl\u00e1sticas y visuales que, desde planteamientos contempor\u00e1neos, puedan ser exhibidos en una sala de exposiciones de hasta ochenta metros lineales. La convocatoria mantiene su car\u00e1cter abierto, permitiendo la libre elecci\u00f3n de tem\u00e1tica, modalidad y caracter\u00edsticas t\u00e9cnicas, con el prop\u00f3sito de fomentar la diversidad de lenguajes y propuestas art\u00edsticas.<\/p>\n<p>Podr\u00e1n optar al Premio personas f\u00edsicas mayores de edad, nacidas o residentes en Andaluc\u00eda, interesadas en desarrollar un proyecto creativo en cualquier disciplina de las artes pl\u00e1sticas y visuales, siempre que no hayan sido premiadas en las dos \u00faltimas ediciones de estas becas. Asimismo, podr\u00e1n concurrir colectivos art\u00edsticos, siempre que todas las personas que los integran re\u00fanan los requisitos establecidos en la normativa vigente en materia de subvenciones, debiendo designar una representaci\u00f3n y especificar la participaci\u00f3n de cada artista en el proyecto presentado. En todos los casos, \u00fanicamente podr\u00e1 presentarse un proyecto por candidatura.<\/p>\n<p>La convocatoria cuenta con una dotaci\u00f3n econ\u00f3mica total de 12.000 euros, de los cuales 10.000 euros se destinar\u00e1n a la concesi\u00f3n de dos becas, con una cuant\u00eda m\u00e1xima de 5.000 euros por proyecto seleccionado, mientras que los 2.000 euros restantes se reservan para la posible adquisici\u00f3n de las obras premiadas por parte de la Diputaci\u00f3n de Huelva, conforme a la legislaci\u00f3n patrimonial aplicable.<\/p>\n<p>El abono de las becas se realizar\u00e1 en dos pagos, un primer 50 % tras la concesi\u00f3n del premio y un segundo 50 % una vez transcurridos seis meses, previa presentaci\u00f3n de la correspondiente memoria justificativa. El jurado podr\u00e1 declarar desierto el Premio si as\u00ed lo estima oportuno.<\/p>\n<p>El plazo de presentaci\u00f3n de solicitudes permanecer\u00e1 abierto hasta el 29 de marzo de 2026. Las solicitudes, junto con el proyecto y la documentaci\u00f3n requerida, podr\u00e1n presentarse en el Registro General de la Diputaci\u00f3n Provincial de Huelva, en cualquiera de los lugares previstos en la legislaci\u00f3n de procedimiento administrativo o mediante correo certificado, debiendo comunicarse en este \u00faltimo caso el env\u00edo al \u00c1rea de Cultura de la Diputaci\u00f3n.<\/p>\n<p>La convocatoria reafirma el compromiso de la Diputaci\u00f3n de Huelva con el impulso del talento creativo andaluz y el fortalecimiento del tejido cultural.<\/p>\n<p>Toda la informaci\u00f3n en www.diphuelva.es<\/p>\n","protected":false},"excerpt":{"rendered":"La Diputaci\u00f3n de Huelva, a trav\u00e9s del \u00c1rea de Cultura, ha aprobado la convocatoria de la XXXII edici\u00f3n&hellip;\n","protected":false},"author":2,"featured_media":316322,"comment_status":"","ping_status":"","sticky":false,"template":"","format":"standard","meta":{"footnotes":""},"categories":[8],"tags":[17,18,25,24,13,14,11,19,20,9,10,15,16,23,12,21,22],"class_list":{"0":"post-316321","1":"post","2":"type-post","3":"status-publish","4":"format-standard","5":"has-post-thumbnail","7":"category-espana","8":"tag-breaking-news","9":"tag-breakingnews","10":"tag-es","11":"tag-espana","12":"tag-featured-news","13":"tag-featurednews","14":"tag-headlines","15":"tag-latest-news","16":"tag-latestnews","17":"tag-news","18":"tag-noticias","19":"tag-noticias-destacadas","20":"tag-noticiasdestacadas","21":"tag-spain","22":"tag-titulares","23":"tag-ultimas-noticias","24":"tag-ultimasnoticias"},"share_on_mastodon":{"url":"https:\/\/pubeurope.com\/@es\/115816468860215041","error":""},"_links":{"self":[{"href":"https:\/\/www.europesays.com\/es\/wp-json\/wp\/v2\/posts\/316321","targetHints":{"allow":["GET"]}}],"collection":[{"href":"https:\/\/www.europesays.com\/es\/wp-json\/wp\/v2\/posts"}],"about":[{"href":"https:\/\/www.europesays.com\/es\/wp-json\/wp\/v2\/types\/post"}],"author":[{"embeddable":true,"href":"https:\/\/www.europesays.com\/es\/wp-json\/wp\/v2\/users\/2"}],"replies":[{"embeddable":true,"href":"https:\/\/www.europesays.com\/es\/wp-json\/wp\/v2\/comments?post=316321"}],"version-history":[{"count":0,"href":"https:\/\/www.europesays.com\/es\/wp-json\/wp\/v2\/posts\/316321\/revisions"}],"wp:featuredmedia":[{"embeddable":true,"href":"https:\/\/www.europesays.com\/es\/wp-json\/wp\/v2\/media\/316322"}],"wp:attachment":[{"href":"https:\/\/www.europesays.com\/es\/wp-json\/wp\/v2\/media?parent=316321"}],"wp:term":[{"taxonomy":"category","embeddable":true,"href":"https:\/\/www.europesays.com\/es\/wp-json\/wp\/v2\/categories?post=316321"},{"taxonomy":"post_tag","embeddable":true,"href":"https:\/\/www.europesays.com\/es\/wp-json\/wp\/v2\/tags?post=316321"}],"curies":[{"name":"wp","href":"https:\/\/api.w.org\/{rel}","templated":true}]}}