{"id":316323,"date":"2025-12-31T22:10:08","date_gmt":"2025-12-31T22:10:08","guid":{"rendered":"https:\/\/www.europesays.com\/es\/316323\/"},"modified":"2025-12-31T22:10:08","modified_gmt":"2025-12-31T22:10:08","slug":"declaraciones-juradas-correspondientes-a-los-beneficios-en-contribucion-inmobiliaria-y-patente-de-rodados-para-los-funcionario-intendencia-de-rio-negro-gobierno-departamental","status":"publish","type":"post","link":"https:\/\/www.europesays.com\/es\/316323\/","title":{"rendered":"Declaraciones juradas correspondientes a los beneficios en Contribuci\u00f3n Inmobiliaria y Patente de Rodados para los funcionario &#8211; Intendencia de R\u00edo Negro &#8211; Gobierno Departamental"},"content":{"rendered":"<p>Departamento de Ingresos<br \/>Direcci\u00f3n General de Hacienda<\/p>\n<p><strong>El Departamento de Ingresos informa que, a partir del d\u00eda 30 de diciembre, se comenz\u00f3 a recibir las declaraciones juradas correspondientes a los beneficios en Contribuci\u00f3n Inmobiliaria y Patente de Rodados para los funcionarios a quienes les corresponda acceder a los mismos.<\/strong><\/p>\n<p>A tales efectos, las y los funcionarios deber\u00e1n presentarse personalmente en las oficinas del Departamento de Ingresos para realizar la declaraci\u00f3n jurada correspondiente.<br \/>Asimismo, la Declaraci\u00f3n Jurada podr\u00e1 realizarse mediante el env\u00edo de la documentaci\u00f3n por correo electr\u00f3nico. A tales efectos, el formulario deber\u00e1 imprimirse, completarse, firmarse y escanearse, para luego ser remitido a las siguientes direcciones de correo electr\u00f3nico, consignando en el asunto: \u201cDeclaraci\u00f3n Jurada\u201d + n\u00famero de ficha:<\/p>\n<p><strong><a href=\"https:\/\/www.rionegro.gub.uy\/gabinete-2025-2030\/dir-gral-hacienda\/funcionarios\/mailto:javier.bayure@rionegro.gub.uy\" rel=\"nofollow noopener\" target=\"_blank\">javier.bayure@rionegro.gub.uy<\/a> o <a href=\"https:\/\/www.rionegro.gub.uy\/gabinete-2025-2030\/dir-gral-hacienda\/funcionarios\/mailto:laura.vergara@rionegro.gub.uy\" rel=\"nofollow noopener\" target=\"_blank\">laura.vergara@rionegro.gub.uy<\/a><\/strong><\/p>\n<p>Se destaca que la <strong>Declaraci\u00f3n Jurada<\/strong> deber\u00e1 contar obligatoriamente con todos los datos personales y funcionales del funcionario\/a, correctamente completos.<\/p>\n<p>Se adjunta formulario de referencia donde se detallan los datos requeridos y los campos que deben ser completados.<\/p>\n<p>Adem\u00e1s se podr\u00e1 acceder a bajar el formulario en <a href=\"https:\/\/www.rionegro.gub.uy\/funcionarios\" rel=\"nofollow noopener\" target=\"_blank\"><strong>www.rionegro.gub.uy\/funcionarios<\/strong><\/a><\/p>\n<p>Una vez verificada la informaci\u00f3n, si la Declaraci\u00f3n Jurada se encuentra correcta, se responder\u00e1 al funcionario\/a por la misma v\u00eda, informando el n\u00famero asignado. En caso contrario, se notificar\u00e1 el inconveniente detectado para su correspondiente correcci\u00f3n.<\/p>\n<p>Se comunica que, de acuerdo a lo establecido en el art\u00edculo 11 del presupuesto vigente, aquellas y aquellos funcionarios a quienes les corresponda la exoneraci\u00f3n en la Contribuci\u00f3n Inmobiliaria Urbana deber\u00e1n tener el ejercicio 2025 cerrado y al d\u00eda para poder acceder a dicho beneficio.<\/p>\n<p>Se recuerda que para acceder al beneficio, en el caso de la Patente de Rodados, los funcionarios contratados deben contar con un a\u00f1o de antig\u00fcedad desde su ingreso; mientras que, para la Contribuci\u00f3n Inmobiliaria, se requiere que los funcionarios contratados tengan m\u00e1s de tres a\u00f1os de antig\u00fcedad.<\/p>\n<p>Por cualquier consulta, dirigirse al Departamento de Ingresos.<\/p>\n","protected":false},"excerpt":{"rendered":"Departamento de IngresosDirecci\u00f3n General de Hacienda El Departamento de Ingresos informa que, a partir del d\u00eda 30 de&hellip;\n","protected":false},"author":2,"featured_media":316324,"comment_status":"","ping_status":"","sticky":false,"template":"","format":"standard","meta":{"footnotes":""},"categories":[5],"tags":[17,18,25,24,13,14,11,19,20,9,10,15,16,23,12,21,22],"class_list":{"0":"post-316323","1":"post","2":"type-post","3":"status-publish","4":"format-standard","5":"has-post-thumbnail","7":"category-titulares","8":"tag-breaking-news","9":"tag-breakingnews","10":"tag-es","11":"tag-espana","12":"tag-featured-news","13":"tag-featurednews","14":"tag-headlines","15":"tag-latest-news","16":"tag-latestnews","17":"tag-news","18":"tag-noticias","19":"tag-noticias-destacadas","20":"tag-noticiasdestacadas","21":"tag-spain","22":"tag-titulares","23":"tag-ultimas-noticias","24":"tag-ultimasnoticias"},"share_on_mastodon":{"url":"https:\/\/pubeurope.com\/@es\/115816472425277096","error":""},"_links":{"self":[{"href":"https:\/\/www.europesays.com\/es\/wp-json\/wp\/v2\/posts\/316323","targetHints":{"allow":["GET"]}}],"collection":[{"href":"https:\/\/www.europesays.com\/es\/wp-json\/wp\/v2\/posts"}],"about":[{"href":"https:\/\/www.europesays.com\/es\/wp-json\/wp\/v2\/types\/post"}],"author":[{"embeddable":true,"href":"https:\/\/www.europesays.com\/es\/wp-json\/wp\/v2\/users\/2"}],"replies":[{"embeddable":true,"href":"https:\/\/www.europesays.com\/es\/wp-json\/wp\/v2\/comments?post=316323"}],"version-history":[{"count":0,"href":"https:\/\/www.europesays.com\/es\/wp-json\/wp\/v2\/posts\/316323\/revisions"}],"wp:featuredmedia":[{"embeddable":true,"href":"https:\/\/www.europesays.com\/es\/wp-json\/wp\/v2\/media\/316324"}],"wp:attachment":[{"href":"https:\/\/www.europesays.com\/es\/wp-json\/wp\/v2\/media?parent=316323"}],"wp:term":[{"taxonomy":"category","embeddable":true,"href":"https:\/\/www.europesays.com\/es\/wp-json\/wp\/v2\/categories?post=316323"},{"taxonomy":"post_tag","embeddable":true,"href":"https:\/\/www.europesays.com\/es\/wp-json\/wp\/v2\/tags?post=316323"}],"curies":[{"name":"wp","href":"https:\/\/api.w.org\/{rel}","templated":true}]}}