{"id":316327,"date":"2025-12-31T22:16:10","date_gmt":"2025-12-31T22:16:10","guid":{"rendered":"https:\/\/www.europesays.com\/es\/316327\/"},"modified":"2025-12-31T22:16:10","modified_gmt":"2025-12-31T22:16:10","slug":"el-infierno-que-vive-mathieu-van-der-poel-en-el-mundo-del-ciclismo-por-culpa-de-los-aficionados-cerveza-orina-o-botellazos","status":"publish","type":"post","link":"https:\/\/www.europesays.com\/es\/316327\/","title":{"rendered":"El infierno que vive Mathieu Van der Poel en el mundo del ciclismo por culpa de los aficionados: cerveza, orina o botellazos"},"content":{"rendered":"<p><img alt=\"El ciclista de Pa\u00edses Bajos\" class=\"global-image\" decoding=\"async\" fetchpriority=\"high\" height=\"2880\" loading=\"eager\" src=\"https:\/\/www.europesays.com\/es\/wp-content\/uploads\/2025\/12\/OXJ44KYCOFAVXFKW3IRDW6TD2A.JPG\" width=\"5120\"\/>El ciclista de Pa\u00edses Bajos Mathieu van der Poel (REUTERS\/Stefan Wermuth)<\/p>\n<p class=\"paragraph\">Mathieu Van der Poel lleva a\u00f1os viviendo un verdadero infierno en el mundo del ciclismo. \u00bfEl motivo? Los aficionados. Desde hace m\u00e1s de dos a\u00f1os, <a rel=\"noopener noreferrer nofollow\" href=\"https:\/\/www.infobae.com\/espana\/agencias\/2023\/10\/29\/mathieu-van-der-poel-da-brillo-al-madrid-criterium-con-una-victoria-en-la-gran-via\/\" target=\"_self\" title=\"https:\/\/www.infobae.com\/espana\/agencias\/2023\/10\/29\/mathieu-van-der-poel-da-brillo-al-madrid-criterium-con-una-victoria-en-la-gran-via\/\">el ciclista neerland\u00e9s <\/a>ha sido protagonista de las faltas de respeto de los espectadores que acuden al recorrido. El deportista ha tenido que aguantar que le lancen <b>orina, cerveza, botellas<\/b> o hasta una gorra a los radios de la bicicleta, lo que podr\u00eda haber provocado su ca\u00eddo. Incluso un aficionado lleg\u00f3 a echarle humo en la cara. Una serie de situaciones que han vuelto a repetirse durante las \u00faltimas competiciones de este 2025. <\/p>\n<p class=\"paragraph\"><a rel=\"noopener noreferrer nofollow\" href=\"https:\/\/www.infobae.com\/deportes\/2025\/12\/25\/el-nuevo-ataque-que-sufrio-el-ciclista-van-der-poel-me-asuste-un-poco-porque-vi-que-algo-venia-hacia-mi\/\" target=\"_self\" title=\"https:\/\/www.infobae.com\/deportes\/2025\/12\/25\/el-nuevo-ataque-que-sufrio-el-ciclista-van-der-poel-me-asuste-un-poco-porque-vi-que-algo-venia-hacia-mi\/\">El neerland\u00e9s<\/a>, integrante del <b>equipo Alpecin<\/b>, es uno de los grandes animadores de cada cita en la que participa. Su nivel de rendimiento y su carisma lo han colocado en el centro de la atenci\u00f3n medi\u00e1tica y entre los favoritos de la afici\u00f3n. A pesar de ello, existe un grupo de espectadores que, lejos de reconocer su talento, opta por <b>provocar situaciones inc\u00f3modas o peligrosas<\/b>. Algunos llegan incluso a adquirir entradas \u00fanicamente para intentar desestabilizarlo.<\/p>\n<p class=\"paragraph\">Los \u00faltimos d\u00edas han sido especialmente ilustrativos de este fen\u00f3meno. Solo en la \u00faltima semana, <a rel=\"noopener noreferrer nofollow\" href=\"https:\/\/www.infobae.com\/espana\/deportes\/2025\/03\/29\/verguenza-en-el-ciclismo-un-espectador-escupe-a-van-der-poel-y-este-se-mantiene-impasible\/\" target=\"_self\" title=\"https:\/\/www.infobae.com\/espana\/deportes\/2025\/03\/29\/verguenza-en-el-ciclismo-un-espectador-escupe-a-van-der-poel-y-este-se-mantiene-impasible\/\">Van der Poel <\/a>se vio envuelto en dos episodios que lograron captar la atenci\u00f3n tanto de los medios como de los propios organizadores. El m\u00e1s reciente tuvo lugar en <b>Loenhout<\/b>, donde, durante los primeros compases de la prueba, un aficionado situado junto a las vallas <b>extendi\u00f3 la mano y lleg\u00f3 a tocar el manillar<\/b> de la bicicleta del neerland\u00e9s. El contacto provoc\u00f3 que Van der Poel perdiera el equilibrio y estuviera a punto de caer. Tras girar la cabeza en busca del responsable, el ciclista retom\u00f3 la concentraci\u00f3n y complet\u00f3 la carrera, logrando la victoria. Seg\u00fan informaron luego las autoridades, el espectador en cuesti\u00f3n <b>fue identificado y pidi\u00f3 disculpas<\/b>, asegurando que se trat\u00f3 de un accidente y que solo pretend\u00eda animar a los corredores. <\/p>\n<p><img alt=\"El ciclista Mathieu van der\" class=\"global-image\" decoding=\"async\" fetchpriority=\"low\" height=\"3760\" loading=\"lazy\" src=\"https:\/\/www.europesays.com\/es\/wp-content\/uploads\/2025\/12\/NRZ4TZDVGV4D4NQJC6U3UMXTJY.jpg\" width=\"5666\"\/>El ciclista Mathieu van der Poel (REUTERS\/Tim De Waele)<\/p>\n<p class=\"paragraph\">El ambiente enrarecido en torno al campe\u00f3n neerland\u00e9s ya hab\u00eda quedado patente unos d\u00edas antes, durante <b>la carrera de Hofstade<\/b>. All\u00ed, un espectador lanz\u00f3 una <b>nube de humo de cigarrillo <\/b>justo en el momento en que Van der Poel pasaba a su lado. El deportista atraves\u00f3 la cortina de humo sin mayores consecuencias, pero el incidente fue captado en directo por las c\u00e1maras, exponiendo al aficionado involucrado. <\/p>\n<p class=\"paragraph\">Estos actos no constituyen hechos aislados en la trayectoria reciente de Van der Poel. En la temporada 2025 de ruta, el ciclista tambi\u00e9n fue objeto de situaciones peligrosas. Durante la Par\u00eds-Roubaix, carrera que gan\u00f3 por delante de <a rel=\"noopener noreferrer nofollow\" href=\"https:\/\/www.infobae.com\/espana\/deportes\/2025\/09\/21\/pogacar-tras-las-protestas-propalestinas-de-la-vuelta-a-espana-en-africa-me-siento-mas-seguro-que-en-algunos-paises-de-europa\/\" target=\"_self\" title=\"https:\/\/www.infobae.com\/espana\/deportes\/2025\/09\/21\/pogacar-tras-las-protestas-propalestinas-de-la-vuelta-a-espana-en-africa-me-siento-mas-seguro-que-en-algunos-paises-de-europa\/\">Tadej Pogacar<\/a>, un espectador arroj\u00f3 <b>un bid\u00f3n lleno de l\u00edquido <\/b>que impact\u00f3 de lleno en su rostro. El golpe no solo le caus\u00f3 molestias f\u00edsicas, sino que tambi\u00e9n pudo haber desencadenado una ca\u00edda de consecuencias graves. El propio Van der Poel reconoci\u00f3 despu\u00e9s que la agresi\u00f3n lo tom\u00f3 completamente por sorpresa y que pudo haber tenido <b>un desenlace mucho peor.<\/b><\/p>\n<p class=\"paragraph\">En la cl\u00e1sica E3, otro incidente volvi\u00f3 a involucrar al neerland\u00e9s. Seg\u00fan las im\u00e1genes de televisi\u00f3n, alguien entre el p\u00fablico le lanz\u00f3 un escupitajo mientras compet\u00eda. El hecho gener\u00f3 indignaci\u00f3n entre los aficionados y fue ampliamente comentado en redes sociales y medios de comunicaci\u00f3n.<\/p>\n<p>El ataque que sufri\u00f3 el ciclista Van der Poel<\/p>\n<p class=\"paragraph\">El historial de episodios de este tipo se remonta al menos hasta 2023. En la Par\u00eds-Roubaix de 2024, una aficionada <b>lanz\u00f3 una gorra<\/b> que fue a parar a los radios de la bicicleta del neerland\u00e9s. A pesar del riesgo que representaba para su seguridad, Van der Poel pudo completar <b>la prueba sin incidentes y logr\u00f3 la victoria<\/b>. Ese mismo a\u00f1o, en el Tour de Flandes, el neerland\u00e9s denunci\u00f3 insultos y el lanzamiento de cerveza durante su paso por el <b>Oude Kwaremont<\/b>. En la prueba de ciclocross de Hulst en 2023, Van der Poel fue v\u00edctima de un acto especialmente lamentable: le arrojaron cerveza y orina desde el p\u00fablico. Ante esa agresi\u00f3n, el ciclista respondi\u00f3 con un escupitajo dirigido a los responsables.<\/p>\n<p class=\"paragraph\">El caso de <a rel=\"noopener noreferrer nofollow\" href=\"https:\/\/www.infobae.com\/deportes\/2024\/04\/07\/el-incidente-en-el-paris-roubaix-que-pudo-terminar-en-tragedia-el-momento-en-que-una-aficionada-busco-derribar-al-lider-de-la-carrera\/\" target=\"_self\" title=\"https:\/\/www.infobae.com\/deportes\/2024\/04\/07\/el-incidente-en-el-paris-roubaix-que-pudo-terminar-en-tragedia-el-momento-en-que-una-aficionada-busco-derribar-al-lider-de-la-carrera\/\">Mathieu Van der Poel<\/a> refleja c\u00f3mo la exposici\u00f3n de los grandes deportistas puede convertirlos en blanco de <b>comportamientos hostiles y peligrosos <\/b>por parte de una minor\u00eda de aficionados. Aunque los organizadores y las fuerzas de seguridad han identificado a algunos responsables y se han tomado medidas en ciertos casos, los incidentes se repiten, poniendo en riesgo la integridad de uno de los m\u00e1ximos exponentes del ciclismo actual.<\/p>\n","protected":false},"excerpt":{"rendered":"El ciclista de Pa\u00edses Bajos Mathieu van der Poel (REUTERS\/Stefan Wermuth) Mathieu Van der Poel lleva a\u00f1os viviendo&hellip;\n","protected":false},"author":2,"featured_media":316328,"comment_status":"","ping_status":"","sticky":false,"template":"","format":"standard","meta":{"footnotes":""},"categories":[273],"tags":[313,312,168,25,24,406,23,3020,167,73972],"class_list":{"0":"post-316327","1":"post","2":"type-post","3":"status-publish","4":"format-standard","5":"has-post-thumbnail","7":"category-ciclismo","8":"tag-ciclismo","9":"tag-cycling","10":"tag-deportes","11":"tag-es","12":"tag-espana","13":"tag-europe","14":"tag-spain","15":"tag-sport","16":"tag-sports","17":"tag-valais"},"share_on_mastodon":{"url":"https:\/\/pubeurope.com\/@es\/115816496034151690","error":""},"_links":{"self":[{"href":"https:\/\/www.europesays.com\/es\/wp-json\/wp\/v2\/posts\/316327","targetHints":{"allow":["GET"]}}],"collection":[{"href":"https:\/\/www.europesays.com\/es\/wp-json\/wp\/v2\/posts"}],"about":[{"href":"https:\/\/www.europesays.com\/es\/wp-json\/wp\/v2\/types\/post"}],"author":[{"embeddable":true,"href":"https:\/\/www.europesays.com\/es\/wp-json\/wp\/v2\/users\/2"}],"replies":[{"embeddable":true,"href":"https:\/\/www.europesays.com\/es\/wp-json\/wp\/v2\/comments?post=316327"}],"version-history":[{"count":0,"href":"https:\/\/www.europesays.com\/es\/wp-json\/wp\/v2\/posts\/316327\/revisions"}],"wp:featuredmedia":[{"embeddable":true,"href":"https:\/\/www.europesays.com\/es\/wp-json\/wp\/v2\/media\/316328"}],"wp:attachment":[{"href":"https:\/\/www.europesays.com\/es\/wp-json\/wp\/v2\/media?parent=316327"}],"wp:term":[{"taxonomy":"category","embeddable":true,"href":"https:\/\/www.europesays.com\/es\/wp-json\/wp\/v2\/categories?post=316327"},{"taxonomy":"post_tag","embeddable":true,"href":"https:\/\/www.europesays.com\/es\/wp-json\/wp\/v2\/tags?post=316327"}],"curies":[{"name":"wp","href":"https:\/\/api.w.org\/{rel}","templated":true}]}}