{"id":316329,"date":"2025-12-31T22:18:08","date_gmt":"2025-12-31T22:18:08","guid":{"rendered":"https:\/\/www.europesays.com\/es\/316329\/"},"modified":"2025-12-31T22:18:08","modified_gmt":"2025-12-31T22:18:08","slug":"anderson-completa-su-fichaje-con-valencia-basket","status":"publish","type":"post","link":"https:\/\/www.europesays.com\/es\/316329\/","title":{"rendered":"Anderson completa su fichaje con Valencia Basket"},"content":{"rendered":"<p class=\"ft-text\">La base\/escolta<a class=\"ft-link ft-link--decoration\" href=\"https:\/\/www.levante-emv.com\/deportes\/2025\/12\/30\/yvonne-anderson-vengo-ganas-parte-125251668.html\" target=\"_blank\" rel=\"nofollow noopener\"><strong>\u00a0Yvonne Anderson<\/strong><\/a><strong> (35 a\u00f1os, EE. UU.\/Serbia, 1.75m)<\/strong>\u00a0ya es oficialmente nueva jugadora de Valencia Basket hasta final de temporada, tras superar satisfactoriamente la revisi\u00f3n m\u00e9dica y f\u00edsica, as\u00ed como las pruebas cardiol\u00f3gicas en Quir\u00f3nsalud.<\/p>\n<p class=\"ft-text\">La nueva exterior taronja pas\u00f3 este martes en el Centro M\u00e9dico Quir\u00f3nsalud Mercado de Col\u00f3n la revisi\u00f3n m\u00e9dica a cargo del responsable m\u00e9dico de Valencia Basket, el doctor Vicente Sebasti\u00e1, as\u00ed como las pruebas cardiol\u00f3gicas con la doctora Catheline Lauwers, con resultado satisfactorio.<\/p>\n<p>Sobre Yvonne Anderson<\/p>\n<p class=\"ft-text\">La estadounidense con nacionalidad serbia es una jugadora con experiencia contrastada en EuroLeague Women y llega procedente de ZKK Crvena Zvezda donde estaba haciendo una media de 13 puntos, 2,5 rebotes, 4 asistencias por partido en EuroCup Women. Adem\u00e1s, ha pasado por m\u00faltiples equipos de Euroliga como CIMSA CBK Mersin, Fenerbahce -con el que levant\u00f3 el m\u00e1ximo trofeo europeo-, Tango Bourges o Umana Reyer Venezia, entre muchos otros. Tambi\u00e9n tuvo un <strong>breve paso por la WNBA <\/strong>de la mano de Connecticut Sun y Minnesota Lynx. A nivel selecciones, la jugadora defiende la camiseta de Serbia desde 2020 y se colg\u00f3 el oro en el EuroBasket en Val\u00e8ncia en 2021.<\/p>\n","protected":false},"excerpt":{"rendered":"La base\/escolta\u00a0Yvonne Anderson (35 a\u00f1os, EE. UU.\/Serbia, 1.75m)\u00a0ya es oficialmente nueva jugadora de Valencia Basket hasta final de&hellip;\n","protected":false},"author":2,"featured_media":316330,"comment_status":"","ping_status":"","sticky":false,"template":"","format":"standard","meta":{"footnotes":""},"categories":[269],"tags":[43396,299,298,9781,168,25,24,557,289,17893,5389,23,167,235,2916,4847,73656],"class_list":{"0":"post-316329","1":"post","2":"type-post","3":"status-publish","4":"format-standard","5":"has-post-thumbnail","7":"category-baloncesto","8":"tag-anderson","9":"tag-baloncesto","10":"tag-basketball","11":"tag-completa","12":"tag-deportes","13":"tag-es","14":"tag-espana","15":"tag-fichaje","16":"tag-oficial","17":"tag-ruben-burgos","18":"tag-serbia","19":"tag-spain","20":"tag-sports","21":"tag-valencia","22":"tag-valencia-basket","23":"tag-wnba","24":"tag-yvonne"},"share_on_mastodon":{"url":"https:\/\/pubeurope.com\/@es\/115816504125198599","error":""},"_links":{"self":[{"href":"https:\/\/www.europesays.com\/es\/wp-json\/wp\/v2\/posts\/316329","targetHints":{"allow":["GET"]}}],"collection":[{"href":"https:\/\/www.europesays.com\/es\/wp-json\/wp\/v2\/posts"}],"about":[{"href":"https:\/\/www.europesays.com\/es\/wp-json\/wp\/v2\/types\/post"}],"author":[{"embeddable":true,"href":"https:\/\/www.europesays.com\/es\/wp-json\/wp\/v2\/users\/2"}],"replies":[{"embeddable":true,"href":"https:\/\/www.europesays.com\/es\/wp-json\/wp\/v2\/comments?post=316329"}],"version-history":[{"count":0,"href":"https:\/\/www.europesays.com\/es\/wp-json\/wp\/v2\/posts\/316329\/revisions"}],"wp:featuredmedia":[{"embeddable":true,"href":"https:\/\/www.europesays.com\/es\/wp-json\/wp\/v2\/media\/316330"}],"wp:attachment":[{"href":"https:\/\/www.europesays.com\/es\/wp-json\/wp\/v2\/media?parent=316329"}],"wp:term":[{"taxonomy":"category","embeddable":true,"href":"https:\/\/www.europesays.com\/es\/wp-json\/wp\/v2\/categories?post=316329"},{"taxonomy":"post_tag","embeddable":true,"href":"https:\/\/www.europesays.com\/es\/wp-json\/wp\/v2\/tags?post=316329"}],"curies":[{"name":"wp","href":"https:\/\/api.w.org\/{rel}","templated":true}]}}