{"id":316333,"date":"2025-12-31T22:20:16","date_gmt":"2025-12-31T22:20:16","guid":{"rendered":"https:\/\/www.europesays.com\/es\/316333\/"},"modified":"2025-12-31T22:20:16","modified_gmt":"2025-12-31T22:20:16","slug":"todos-sus-hijos-en-su-recopilatorio-excepto-brooklyn-al-que-dedica-un-guino","status":"publish","type":"post","link":"https:\/\/www.europesays.com\/es\/316333\/","title":{"rendered":"todos sus hijos en su recopilatorio, excepto Brooklyn, al que dedica un gui\u00f1o"},"content":{"rendered":"<p id=\"eWBESbRMGN\" data-wc=\"94\">2025 ha sido un a\u00f1o complicado para David Beckham. Si bien en lo profesional ha conseguido numerosas victorias \u2014el equipo que preside, el Inter de Miami, fue campe\u00f3n de la MLS\u2014, el distanciamiento con su primog\u00e9nito Brooklyn, cada vez m\u00e1s irreversible, sigue opacando sus logros. A pocas horas de dar la bienvenida al 2026, David ha hecho balance de estos \u00faltimos y agridulces doce meses, en los que ha cumplido 50 a\u00f1os, <a class=\"hm-link ho-link\" href=\"https:\/\/www.hola.com\/actualidad\/20251229875230\/nicola-peltz-y-su-mensaje-criptico-que-vuelve-a-tensar-la-relacion-con-los-beckham-me-quedo-con-los-animales\/\" data-mrf-recirculation=\"article-body-link\" rel=\"nofollow noopener\" target=\"_blank\">con un mensaje que demuestra sus verdaderos sentimientos<\/a> ante la ausencia de uno de sus tres hijos en su d\u00eda a d\u00eda.<\/p>\n<p> <img src=\"https:\/\/www.europesays.com\/es\/wp-content\/uploads\/2025\/12\/40c0074e5efb-saveclipapp609197944185738902840249536994574837633122482n.jpg\"   width=\"1024\" height=\"1024\" loading=\"lazy\" decoding=\"async\" alt=\" David Beckham recuerda el 2025 en redes sin una sola foto de su hijo Brooklyn\" fetchpriority=\"auto\" class=\"image ho-image\"\/>\u00a9 @davidbeckhamDavid y Victoria Beckham con tres de sus cuatro hijos; Cruz, Haprper y Romeo<\/p>\n<p id=\"eMuoS9iNZu\" data-wc=\"74\">\u00abMe siento muy afortunado de haber tenido el a\u00f1o que he tenido en 2025, lleno de momentos que nunca olvidar\u00e9\u00bb, comenzaba Sir David, a quien el rey Carlos III de Inglaterra nombr\u00f3 caballero el pasado mes de noviembre, por el que sigue \u00aba\u00fan pellizc\u00e1ndome\u00bb. \u00abTerminar el a\u00f1o habiendo ganado la MLS, como due\u00f1o&#8230;\u00bb, continuaba, acompa\u00f1ando su reflexi\u00f3n con preciosas im\u00e1genes acompa\u00f1ado de su c\u00edrculo cercano y sus pilares fundamentales, sus hijos y su mujer.\u00a0<\/p>\n<p> <img src=\"https:\/\/www.europesays.com\/es\/wp-content\/uploads\/2025\/12\/7027f690d2b9-saveclipapp608189926185738903320249537859516664419740796n.jpg\"   width=\"1024\" height=\"1024\" loading=\"lazy\" decoding=\"async\" alt=\" David Beckham recuerda el 2025 en redes sin una sola foto de su hijo Brooklyn\" fetchpriority=\"auto\" class=\"image ho-image\"\/>\u00a9 @davidbeckham<\/p>\n<p id=\"eC0v_esk7M4\" data-wc=\"87\">\u00abEstoy tan agradecido a mi incre\u00edble esposa, mis incre\u00edbles hijos, mis amigos y el equipo con el que trabajo cada d\u00eda. Nada hubiera sido posible sin todos vosotros\u00bb, detalla, dejando claro que, para \u00e9l, lo primordial y m\u00e1s importante de este a\u00f1o ha sido sentirse rodeado de sus seres queridos. \u00abComo dir\u00eda el se\u00f1or Alex Ferguson, &#8216;Hasta la pr\u00f3xima&#8217;. Gracias por los incre\u00edbles recuerdos que siempre guardar\u00e9, 2025\u00bb, continuaba, <a class=\"hm-link ho-link\" href=\"https:\/\/www.hola.com\/actualidad\/20251226874839\/el-romantico-baile-de-david-y-victoria-beckham-navidades-sin-brooklyn\/\" data-mrf-recirculation=\"article-body-link\" rel=\"nofollow noopener\" target=\"_blank\">profesando su amor por su familia una vez m\u00e1s; \u00abVictoria, te amo a ti y a nuestros hijos\u00bb<\/a>.\u00a0<\/p>\n<p> <img src=\"https:\/\/www.europesays.com\/es\/wp-content\/uploads\/2025\/12\/ab45065c46dd-saveclipapp609317887185738904400249532460915538085591283n.jpg\"   width=\"1024\" height=\"1024\" loading=\"lazy\" decoding=\"async\" alt=\" David Beckham recuerda el 2025 en redes sin una sola foto de su hijo Brooklyn\" fetchpriority=\"auto\" class=\"image ho-image\"\/>\u00a9 @davidbeckham<\/p>\n<p> <img src=\"https:\/\/www.europesays.com\/es\/wp-content\/uploads\/2025\/12\/25c3534c0f69-saveclipapp609760154185738904610249536125165208438504444n.jpg\"   width=\"1024\" height=\"1024\" loading=\"lazy\" decoding=\"async\" alt=\" David Beckham recuerda el 2025 en redes sin una sola foto de su hijo Brooklyn\" fetchpriority=\"auto\" class=\"image ho-image\"\/>\u00a9 @davidbeckham<\/p>\n<p id=\"eSfi8aeC4g\" data-wc=\"62\">Este mensaje, repleto de preciosas instant\u00e1neas junto a su familia y sus amigos m\u00e1s cercanos y declaraciones de amor a quienes est\u00e1n con \u00e9l en su d\u00eda a d\u00eda, demuestra que la brecha entre Brooklyn, sus padres y sus hermanos \u2014Romeo, Cruz y Harper\u2014 es cada vez mayor, con la ilusi\u00f3n de arreglar lo que fuera que haya cada vez m\u00e1s imposible.\u00a0<\/p>\n<p> <img src=\"https:\/\/www.europesays.com\/es\/wp-content\/uploads\/2025\/12\/bff1c91870a5-saveclipapp608969807185738904160249538827365922984133059n.jpg\"   width=\"1024\" height=\"1024\" loading=\"lazy\" decoding=\"async\" alt=\" David Beckham recuerda el 2025 en redes sin una sola foto de su hijo Brooklyn\" fetchpriority=\"auto\" class=\"image ho-image\"\/>\u00a9 @davidbeckham<\/p>\n<p> <img src=\"https:\/\/www.europesays.com\/es\/wp-content\/uploads\/2025\/12\/3ba5fd12727a-saveclipapp609152789185738903890249532832956912994082879n.jpg\"   width=\"1024\" height=\"1024\" loading=\"lazy\" decoding=\"async\" alt=\" David Beckham recuerda el 2025 en redes sin una sola foto de su hijo Brooklyn\" fetchpriority=\"auto\" class=\"image ho-image\"\/>\u00a9 @davidbeckham<\/p>\n<p> <img src=\"https:\/\/www.europesays.com\/es\/wp-content\/uploads\/2025\/12\/5dd65303248a-saveclipapp608784320185738902690249537994733826967527916n.jpg\"   width=\"1024\" height=\"1024\" loading=\"lazy\" decoding=\"async\" alt=\" David Beckham recuerda el 2025 en redes sin una sola foto de su hijo Brooklyn\" fetchpriority=\"auto\" class=\"image ho-image\"\/>\u00a9 @davidbeckhamUna preciosa instant\u00e1nea de Victoria y David<br \/>\nDardos por parte de los Peltz-Beckham<\/p>\n<p id=\"egE2gox-Uw\" data-wc=\"85\">Hace un par de d\u00edas, el lunes 29 de diciembre, Nicola \u2014la mujer de Brooklyn\u2014 compart\u00eda una frase en sus redes sociales del icono del cine franc\u00e9s Brigitte Bardot, la cual podr\u00eda ser <a class=\"hm-link ho-link\" href=\"https:\/\/www.hola.com\/actualidad\/20251221874110\/nuevo-episodio-guerra-beckham-cruz-desmiente-padres-bloqueado-hermano-brooklyn\/\" data-mrf-recirculation=\"article-body-link\" rel=\"nofollow noopener\" target=\"_blank\">interpretada como una indirecta a lo sucedido con su familia pol\u00edtica<\/a>. \u00abSi pudiera hacer algo para cambiar el comportamiento de las personas, lo har\u00eda. Pero como no puedo, me quedo con los animales\u00bb, citaba, dando a entender que tanto ella como su marido estaban decepcionados con lo ocurrido durante los \u00faltimos meses.\u00a0<\/p>\n<p> <img src=\"https:\/\/www.europesays.com\/es\/wp-content\/uploads\/2025\/12\/9d2a78b01a49-saveclipapp587894489185738903050249538116495753253218462n.jpg\"   width=\"1024\" height=\"1024\" loading=\"lazy\" decoding=\"async\" alt=\" David Beckham recuerda el 2025 en redes sin una sola foto de su hijo Brooklyn\" fetchpriority=\"auto\" class=\"image ho-image\"\/>\u00a9 @davidbeckhamDavid con su hijo Cruz en verano<\/p>\n<p> <img src=\"https:\/\/www.europesays.com\/es\/wp-content\/uploads\/2025\/12\/6d56b681b5b2-saveclipapp609636294185738904010249531825984013563534732n.jpg\"   width=\"1024\" height=\"1024\" loading=\"lazy\" decoding=\"async\" alt=\" David Beckham recuerda el 2025 en redes sin una sola foto de su hijo Brooklyn\" fetchpriority=\"auto\" class=\"image ho-image\"\/>\u00a9 @davidbeckham<\/p>\n<p> <img src=\"https:\/\/www.europesays.com\/es\/wp-content\/uploads\/2025\/12\/888fc59bea4e-saveclipapp609152797185738902960249535368084081049687356n.jpg\"   width=\"1024\" height=\"1024\" loading=\"lazy\" decoding=\"async\" alt=\" David Beckham recuerda el 2025 en redes sin una sola foto de su hijo Brooklyn\" fetchpriority=\"auto\" class=\"image ho-image\"\/>\u00a9 @davidbeckhamDavid y Romeo, disfrutando de una de sus escapadas veraniegas<br \/>\nBloqueo en redes sociales<\/p>\n<p id=\"eyqvup_um9\" data-wc=\"71\">Adem\u00e1s, hace un par de semanas, Cruz Beckham, el tercer hijo de David y Victoria, desment\u00eda ante sus seguidores los miles de titulares que acusaban a sus padres de haber dejado de seguir en las redes sociales a su hermano Brooklyn. \u00ab\u00a1Falso! Mis padres jam\u00e1s dejar\u00edan de seguir a su hijo, vamos a dejar las cosas claras. Se han despertado hoy bloqueados&#8230; Igual que yo\u00bb, compart\u00eda en su perfil de Instagram.\u00a0<\/p>\n<p> <img src=\"https:\/\/www.europesays.com\/es\/wp-content\/uploads\/2025\/12\/4e15fb8b735b-saveclipapp608830912185738904580249538753914058361786180n.jpg\"   width=\"1024\" height=\"1024\" loading=\"lazy\" decoding=\"async\" alt=\" David Beckham recuerda el 2025 en redes sin una sola foto de su hijo Brooklyn\" fetchpriority=\"auto\" class=\"image ho-image\"\/>\u00a9 @davidbeckham<\/p>\n<p> <img src=\"https:\/\/www.europesays.com\/es\/wp-content\/uploads\/2025\/12\/1cd36931caba-saveclipapp609065100185738902930249534315311150048943208n.jpg\"   width=\"1024\" height=\"1024\" loading=\"lazy\" decoding=\"async\" alt=\" David Beckham recuerda el 2025 en redes sin una sola foto de su hijo Brooklyn\" fetchpriority=\"auto\" class=\"image ho-image\"\/>\u00a9 @davidbeckham<\/p>\n<p> <img src=\"https:\/\/www.europesays.com\/es\/wp-content\/uploads\/2025\/12\/087d005f5a97-saveclipapp609205222185738903230249537340204417771394633n.jpg\"   width=\"1024\" height=\"1024\" loading=\"lazy\" decoding=\"async\" alt=\" David Beckham recuerda el 2025 en redes sin una sola foto de su hijo Brooklyn\" fetchpriority=\"auto\" class=\"image ho-image\"\/>\u00a9 @davidbeckhamDavid con su \u00fanica hija, Harper<\/p>\n<p id=\"eJG6VVtIQn\" data-wc=\"104\">Una acci\u00f3n que alarm\u00f3 a los fans de la familia del futbolista y la dise\u00f1adora, ya que indicaba que la situaci\u00f3n que estaban viviendo era m\u00e1s dolorosa para sus \u00eddolos de lo que estaba trascendiendo. Inmediatamente despu\u00e9s, fuentes cercanas al tan admirado matrimonio afirmaban ante el Daily Mail que era\u00a0<a class=\"hm-link ho-link\" href=\"https:\/\/www.hola.com\/actualidad\/20251211872352\/la-tristeza-de-david-beckham-en-su-ultimo-triunfo-sin-su-hijo-brooklyn\/\" data-mrf-recirculation=\"article-body-link\" rel=\"nofollow noopener\" target=\"_blank\">imposible que tanto David como Victoria hayan tomado la decisi\u00f3n del distanciamiento<\/a> en redes sociales, confirmando la respuesta de Cruz ante los titulares de los tabloides: \u00abCreen que han sido bloqueados\u00bb. Adem\u00e1s, estas fuentes subrayan que tanto \u00e9l como ella se sienten devastados y consideran \u00abla se\u00f1al m\u00e1s clara hasta ahora del completo distanciamiento\u00bb.\u00a0<\/p>\n<p> <img src=\"https:\/\/www.europesays.com\/es\/wp-content\/uploads\/2025\/12\/1b113b9a602c-saveclipapp587818256185738904370249531848587897080486898n.jpg\"   width=\"1024\" height=\"1023\" loading=\"lazy\" decoding=\"async\" alt=\" David Beckham recuerda el 2025 en redes sin una sola foto de su hijo Brooklyn\" fetchpriority=\"auto\" class=\"image ho-image\"\/>\u00a9 @davidbeckham<\/p>\n<p> <img src=\"https:\/\/www.europesays.com\/es\/wp-content\/uploads\/2025\/12\/37934acc221f-saveclipapp608767035185738904190249533775968951089824059n.jpg\"   width=\"1024\" height=\"1024\" loading=\"lazy\" decoding=\"async\" alt=\" David Beckham recuerda el 2025 en redes sin una sola foto de su hijo Brooklyn\" fetchpriority=\"auto\" class=\"image ho-image\"\/>\u00a9 @davidbeckham<\/p>\n<p id=\"e9ePnLDk7fy\" data-wc=\"30\">Una &#8216;guerra&#8217; familiar que no solo ha marcado el 2025 de todos los integrantes del clan Beckham, sino que, con los \u00faltimos acontecimientos, parece que se extender\u00e1 en el 2026.<\/p>\n<p> <img src=\"https:\/\/www.europesays.com\/es\/wp-content\/uploads\/2025\/12\/8b36263e660a-saveclipapp60966862818573890377024953459892617911790644n.jpg\"   width=\"1024\" height=\"1023\" loading=\"lazy\" decoding=\"async\" alt=\" David Beckham recuerda el 2025 en redes sin una sola foto de su hijo Brooklyn\" fetchpriority=\"auto\" class=\"image ho-image\"\/>\u00a9 @davidbeckham<\/p>\n<p> <img src=\"https:\/\/www.europesays.com\/es\/wp-content\/uploads\/2025\/12\/aa978243f413-saveclipapp607752533185738903470249531942433743784650358n.jpg\"   width=\"1024\" height=\"1024\" loading=\"lazy\" decoding=\"async\" alt=\" David Beckham recuerda el 2025 en redes sin una sola foto de su hijo Brooklyn\" fetchpriority=\"auto\" class=\"image ho-image\"\/>\u00a9 @davidbeckham<\/p>\n<p> <img src=\"https:\/\/www.europesays.com\/es\/wp-content\/uploads\/2025\/12\/bf59d285ce99-saveclipapp60900713018573890365024953411233163640207869n.jpg\"   width=\"1024\" height=\"1024\" loading=\"lazy\" decoding=\"async\" alt=\" David Beckham recuerda el 2025 en redes sin una sola foto de su hijo Brooklyn\" fetchpriority=\"auto\" class=\"image ho-image\"\/>\u00a9 @davidbeckham<\/p>\n<p> <img src=\"https:\/\/www.europesays.com\/es\/wp-content\/uploads\/2025\/12\/cccd8ce94810-saveclipapp608834943185738903500249537971379698621046210n.jpg\"   width=\"1024\" height=\"1024\" loading=\"lazy\" decoding=\"async\" alt=\" David Beckham recuerda el 2025 en redes sin una sola foto de su hijo Brooklyn\" fetchpriority=\"auto\" class=\"image ho-image\"\/>\u00a9 @davidbeckham<\/p>\n","protected":false},"excerpt":{"rendered":"2025 ha sido un a\u00f1o complicado para David Beckham. Si bien en lo profesional ha conseguido numerosas victorias&hellip;\n","protected":false},"author":2,"featured_media":316334,"comment_status":"","ping_status":"","sticky":false,"template":"","format":"standard","meta":{"footnotes":""},"categories":[174],"tags":[517,3064,255,19282,3062,146,147,25,24,256,19281,19283,23,3063],"class_list":{"0":"post-316333","1":"post","2":"type-post","3":"status-publish","4":"format-standard","5":"has-post-thumbnail","7":"category-famosos","8":"tag-actualidad","9":"tag-brooklyn-beckham","10":"tag-celebrities","11":"tag-cruz-beckham","12":"tag-david-beckham","13":"tag-entertainment","14":"tag-entretenimiento","15":"tag-es","16":"tag-espana","17":"tag-famosos","18":"tag-harper-beckham","19":"tag-romeo-beckham","20":"tag-spain","21":"tag-victoria-beckham"},"share_on_mastodon":{"url":"https:\/\/pubeurope.com\/@es\/115816512178305737","error":""},"_links":{"self":[{"href":"https:\/\/www.europesays.com\/es\/wp-json\/wp\/v2\/posts\/316333","targetHints":{"allow":["GET"]}}],"collection":[{"href":"https:\/\/www.europesays.com\/es\/wp-json\/wp\/v2\/posts"}],"about":[{"href":"https:\/\/www.europesays.com\/es\/wp-json\/wp\/v2\/types\/post"}],"author":[{"embeddable":true,"href":"https:\/\/www.europesays.com\/es\/wp-json\/wp\/v2\/users\/2"}],"replies":[{"embeddable":true,"href":"https:\/\/www.europesays.com\/es\/wp-json\/wp\/v2\/comments?post=316333"}],"version-history":[{"count":0,"href":"https:\/\/www.europesays.com\/es\/wp-json\/wp\/v2\/posts\/316333\/revisions"}],"wp:featuredmedia":[{"embeddable":true,"href":"https:\/\/www.europesays.com\/es\/wp-json\/wp\/v2\/media\/316334"}],"wp:attachment":[{"href":"https:\/\/www.europesays.com\/es\/wp-json\/wp\/v2\/media?parent=316333"}],"wp:term":[{"taxonomy":"category","embeddable":true,"href":"https:\/\/www.europesays.com\/es\/wp-json\/wp\/v2\/categories?post=316333"},{"taxonomy":"post_tag","embeddable":true,"href":"https:\/\/www.europesays.com\/es\/wp-json\/wp\/v2\/tags?post=316333"}],"curies":[{"name":"wp","href":"https:\/\/api.w.org\/{rel}","templated":true}]}}