{"id":316351,"date":"2025-12-31T22:32:24","date_gmt":"2025-12-31T22:32:24","guid":{"rendered":"https:\/\/www.europesays.com\/es\/316351\/"},"modified":"2025-12-31T22:32:24","modified_gmt":"2025-12-31T22:32:24","slug":"la-policia-local-de-galdar-detiene-al-presunto-autor-de-la-quema-de-contenedores-en-barrial","status":"publish","type":"post","link":"https:\/\/www.europesays.com\/es\/316351\/","title":{"rendered":"La Polic\u00eda Local de G\u00e1ldar detiene al presunto autor de la quema de contenedores en Barrial"},"content":{"rendered":"<p>La Polic\u00eda Local de G\u00e1ldar ha detenido la tarde de este martes a una persona como presunta autora de varios incendios intencionados de contenedores de residuos en el barrio de Barrial, unos hechos que hab\u00edan generado alarma social entre los vecinos y vecinas de la zona.<\/p>\n<p>La actuaci\u00f3n policial se produjo tras una investigaci\u00f3n iniciada a ra\u00edz de los \u00faltimos incendios registrados en la v\u00eda p\u00fablica, que provocaron importantes da\u00f1os materiales y pusieron en riesgo tanto bienes privados como la seguridad de las personas. Desde ese momento se iniciaron varias l\u00edneas de investigaci\u00f3n fruto de la colaboraci\u00f3n ciudadana. La investigaci\u00f3n culmin\u00f3 este martes, cuando a la 1:30 horas de la madrugada se produjo una nueva alerta por dos nuevos incendios de contenedores en el barrio. La r\u00e1pida actuaci\u00f3n de la Polic\u00eda Local permiti\u00f3 la identificaci\u00f3n del sospechoso, que portaba en el momento elementos susceptibles de ser empleados para la quema del mobiliario.<\/p>\n<p>Adem\u00e1s, las medidas implementadas por el Ayuntamiento de G\u00e1ldar a ra\u00edz de esta oleada de quemas, ha permitido cotejar que el autor de los incendios es la misma persona que hab\u00eda sido identificada por la Polic\u00eda Local.<\/p>\n<p>Es por ello que la tarde de este martes se ha procedido de inmediato a su arresto y a su puesta a disposici\u00f3n judicial. Al presunto autor de los hechos se le atribuye la provocaci\u00f3n de media decena de incendios en las \u00faltimas semanas, que han generado da\u00f1os en el mobiliario e infraestructuras p\u00fablicas y tambi\u00e9n en propiedades privadas que superan los 60.000 euros.<\/p>\n<p>Desde el Ayuntamiento se valora muy positivamente la r\u00e1pida y eficaz actuaci\u00f3n de la Polic\u00eda Local, as\u00ed como la colaboraci\u00f3n ciudadana, que ha resultado clave para esclarecer los hechos. Asimismo, se recuerda que este tipo de conductas suponen un grave peligro para la seguridad p\u00fablica, adem\u00e1s de un importante coste econ\u00f3mico para las arcas municipales.<\/p>\n<p>El grupo de gobierno reitera su compromiso con la seguridad ciudadana, la convivencia vecinal y la tolerancia cero frente al vandalismo, y hace un llamamiento a la ciudadan\u00eda para que comunique cualquier comportamiento sospechoso a las fuerzas de seguridad.<\/p>\n","protected":false},"excerpt":{"rendered":"La Polic\u00eda Local de G\u00e1ldar ha detenido la tarde de este martes a una persona como presunta autora&hellip;\n","protected":false},"author":2,"featured_media":316352,"comment_status":"","ping_status":"","sticky":false,"template":"","format":"standard","meta":{"footnotes":""},"categories":[8],"tags":[17,18,25,24,13,14,11,19,20,9,10,15,16,23,12,21,22],"class_list":{"0":"post-316351","1":"post","2":"type-post","3":"status-publish","4":"format-standard","5":"has-post-thumbnail","7":"category-espana","8":"tag-breaking-news","9":"tag-breakingnews","10":"tag-es","11":"tag-espana","12":"tag-featured-news","13":"tag-featurednews","14":"tag-headlines","15":"tag-latest-news","16":"tag-latestnews","17":"tag-news","18":"tag-noticias","19":"tag-noticias-destacadas","20":"tag-noticiasdestacadas","21":"tag-spain","22":"tag-titulares","23":"tag-ultimas-noticias","24":"tag-ultimasnoticias"},"share_on_mastodon":{"url":"https:\/\/pubeurope.com\/@es\/115816559153704796","error":""},"_links":{"self":[{"href":"https:\/\/www.europesays.com\/es\/wp-json\/wp\/v2\/posts\/316351","targetHints":{"allow":["GET"]}}],"collection":[{"href":"https:\/\/www.europesays.com\/es\/wp-json\/wp\/v2\/posts"}],"about":[{"href":"https:\/\/www.europesays.com\/es\/wp-json\/wp\/v2\/types\/post"}],"author":[{"embeddable":true,"href":"https:\/\/www.europesays.com\/es\/wp-json\/wp\/v2\/users\/2"}],"replies":[{"embeddable":true,"href":"https:\/\/www.europesays.com\/es\/wp-json\/wp\/v2\/comments?post=316351"}],"version-history":[{"count":0,"href":"https:\/\/www.europesays.com\/es\/wp-json\/wp\/v2\/posts\/316351\/revisions"}],"wp:featuredmedia":[{"embeddable":true,"href":"https:\/\/www.europesays.com\/es\/wp-json\/wp\/v2\/media\/316352"}],"wp:attachment":[{"href":"https:\/\/www.europesays.com\/es\/wp-json\/wp\/v2\/media?parent=316351"}],"wp:term":[{"taxonomy":"category","embeddable":true,"href":"https:\/\/www.europesays.com\/es\/wp-json\/wp\/v2\/categories?post=316351"},{"taxonomy":"post_tag","embeddable":true,"href":"https:\/\/www.europesays.com\/es\/wp-json\/wp\/v2\/tags?post=316351"}],"curies":[{"name":"wp","href":"https:\/\/api.w.org\/{rel}","templated":true}]}}